{"id":606767,"date":"2018-10-04T11:09:16","date_gmt":"2018-10-04T14:09:16","guid":{"rendered":"http:\/\/diario5.com.ar\/?p=606767"},"modified":"2018-10-05T00:43:48","modified_gmt":"2018-10-05T03:43:48","slug":"presentacion-del-estadio-mary-teran-de-weiss","status":"publish","type":"post","link":"https:\/\/www.diario5.com.ar\/es\/presentacion-del-estadio-mary-teran-de-weiss\/","title":{"rendered":"Presentaci\u00f3n del Estadio Mary Ter\u00e1n de Weiss para los juegos"},"content":{"rendered":"<h2 class=\"sub-title-primary\"><\/h2> <figure id=\"attachment_606768\" aria-describedby=\"caption-attachment-606768\" style=\"width: 615px\" class=\"wp-caption alignright\"><img decoding=\"async\" loading=\"lazy\" class=\"wp-image-606768\" src=\"http:\/\/diario5.com.ar\/wp-content\/uploads\/2018\/10\/Estadio_mary_teran.jpg\" alt=\"El mejor estadio de tenis de los \u00faltimos tiempos en el mundo est\u00e1 en Buenos Aires\" width=\"615\" height=\"346\" srcset=\"https:\/\/www.diario5.com.ar\/wp-content\/uploads\/2018\/10\/Estadio_mary_teran.jpg 1920w, https:\/\/www.diario5.com.ar\/wp-content\/uploads\/2018\/10\/Estadio_mary_teran-300x169.jpg 300w, https:\/\/www.diario5.com.ar\/wp-content\/uploads\/2018\/10\/Estadio_mary_teran-1024x576.jpg 1024w, https:\/\/www.diario5.com.ar\/wp-content\/uploads\/2018\/10\/Estadio_mary_teran-768x432.jpg 768w, https:\/\/www.diario5.com.ar\/wp-content\/uploads\/2018\/10\/Estadio_mary_teran-1536x864.jpg 1536w, https:\/\/www.diario5.com.ar\/wp-content\/uploads\/2018\/10\/Estadio_mary_teran-400x225.jpg 400w, https:\/\/www.diario5.com.ar\/wp-content\/uploads\/2018\/10\/Estadio_mary_teran-260x146.jpg 260w, https:\/\/www.diario5.com.ar\/wp-content\/uploads\/2018\/10\/Estadio_mary_teran-160x90.jpg 160w\" sizes=\"(max-width: 615px) 100vw, 615px\" \/><figcaption id=\"caption-attachment-606768\" class=\"wp-caption-text\">Uno de los mejores estadios de tenis en el mundo, ahora est\u00e1 en Buenos Aires.<\/figcaption><\/figure>\n<p>El jefe de gobierno porte\u00f1o Horacio Rodr\u00edguez Larreta, presentar\u00e1 el primer Estadio con techo m\u00f3vil de Am\u00e9rica Latina, ubicado en el Parque Roca.El estadio lleva el nombre de Mary Ter\u00e1n de Weiss, primera tenista mujer de la Argentina y ser\u00e1 una de las cuatro sedes de los Juegos Ol\u00edmpicos de la Juventud Buenos Aires 2018, que comienzan este s\u00e1bado.<\/p>\n<p>El estadio, que ya form\u00f3 parte de las series que la Argentina disput\u00f3 por Copa Davis, ahora cuenta con un techo m\u00f3vil de caracter\u00edsticas \u00fanicas, especialmente su gran versatilidad para abrir y cerrar su techo m\u00e1s su dise\u00f1o de avanzada.<\/p>\n<p>&nbsp;<\/p>\n<figure id=\"attachment_606774\" aria-describedby=\"caption-attachment-606774\" style=\"width: 298px\" class=\"wp-caption alignleft\"><img decoding=\"async\" loading=\"lazy\" class=\"wp-image-606774\" src=\"http:\/\/diario5.com.ar\/wp-content\/uploads\/2018\/10\/Estadio_mary_teran_reinauguracion.jpg\" alt=\"Horacio Rodr\u00edguez Larreta y Diego Santilli en el Mary Ter\u00e1n.\" width=\"298\" height=\"166\" srcset=\"https:\/\/www.diario5.com.ar\/wp-content\/uploads\/2018\/10\/Estadio_mary_teran_reinauguracion.jpg 1574w, https:\/\/www.diario5.com.ar\/wp-content\/uploads\/2018\/10\/Estadio_mary_teran_reinauguracion-300x167.jpg 300w, https:\/\/www.diario5.com.ar\/wp-content\/uploads\/2018\/10\/Estadio_mary_teran_reinauguracion-1024x570.jpg 1024w, https:\/\/www.diario5.com.ar\/wp-content\/uploads\/2018\/10\/Estadio_mary_teran_reinauguracion-768x427.jpg 768w, https:\/\/www.diario5.com.ar\/wp-content\/uploads\/2018\/10\/Estadio_mary_teran_reinauguracion-1536x855.jpg 1536w, https:\/\/www.diario5.com.ar\/wp-content\/uploads\/2018\/10\/Estadio_mary_teran_reinauguracion-400x223.jpg 400w, https:\/\/www.diario5.com.ar\/wp-content\/uploads\/2018\/10\/Estadio_mary_teran_reinauguracion-260x145.jpg 260w, https:\/\/www.diario5.com.ar\/wp-content\/uploads\/2018\/10\/Estadio_mary_teran_reinauguracion-160x89.jpg 160w\" sizes=\"(max-width: 298px) 100vw, 298px\" \/><figcaption id=\"caption-attachment-606774\" class=\"wp-caption-text\">Horacio Rodr\u00edguez Larreta y Diego Santilli en el Mary Ter\u00e1n. El acto de reinauguraci\u00f3n no tuvo las caracter\u00edsticas habituales, ya que el estadio se encuentra muy activo desde hace d\u00edas con el trabajo de entrenamiento de cientos de deportistas.<\/figcaption><\/figure>\n<p>El acto de reinaguraci\u00f3n del estadio fue r\u00e1pido e informal, ya que varios atletas de distintas disciplinas se encontraban\u00a0realizando sus entrenamientos. Horacio Rodr\u00edguez Larreta volvi\u00f3 a destacar que la Villa Ol\u00edmpica ser\u00e1 un valioso aporte habitacional para la ciudad en el futuro.<\/p>\n<p>En tanto, en la Av 9 de julio a la altura del Obelisco, con las calles cortadas entre Viamonte e Hip\u00f3lito Yrigoyen, los ensayos para la fiesta inaugural de los Juegos Ol\u00edmpicos de la Juventud, anticipan una variedad de espect\u00e1culos verdaderamente impactantes, como las caminatas\u00a0 y los paseos en bicicleta a lo alto del emblem\u00e1tico monumento porte\u00f1o. Lo que se ver\u00e1 el s\u00e1bado promete se imperdible e inolvidable.<\/p>\n<p>&nbsp;<\/p>\n<hr \/>\n<p>PANORAMA<\/p>\n<p>El secretario de Finanzas, Santiago Bausili, expone ante la comisi\u00f3n de Diputados que analiza el Presupuesto 2019, sobre el probable impacto que podr\u00eda tener el acuerdo firmado con el FMI.\u00a0Bausili se encuentra reunido con la comisi\u00f3n de Presupuesto y Hacienda que conduce Luciano Laspina y es el tercer funcionario que concurre a exponer sobre la ley de Presupuesto, luego de Nicol\u00e1s Dujovne, de Hacienda y Rogelio Frigerio, de Interior<\/p>\n<p>El presidente Mauricio Macri firm\u00f3 un decreto en el que se excus\u00f3 de intervenir en el caso Correo Argentino.\u00a0Macri adujo \u00abrazones de decoro\u00bb, en tanto sus familiares mantengan sus participaciones societarias en empresas vinculadas.<\/p>\n<p>La declaraci\u00f3n de Fabi\u00e1n Guti\u00e9rrez devel\u00f3 fuertes internas del anterior gobierno, todas vinculadas con la recaudaci\u00f3n ilegal que se investiga.\u00a0El ex secretario privado de Cristina Kirchner detall\u00f3 sobre el mutuo rechazo entre la ex Presidente y Julio De Vido. Tambi\u00e9n desminti\u00f3 haber sido el entregador de los bolsos con 9 millones de d\u00f3lares con que atraparon a Jos\u00e9 L\u00f3pez.<\/p>\n<p>Tras una ma\u00f1ana sin operaciones, se normalizan los vuelos de partidas y arribos en el Aeroparque Metropolitano Jorge Newbery. Una falla en el sistema de comunicaciones de la torre de control hab\u00eda provocado la interrupci\u00f3n total del aeropuerto metropolitano. Lentamente se restablecen los horarios.<\/p>","protected":false},"excerpt":{"rendered":"<p>El jefe de gobierno porte\u00f1o Horacio Rodr\u00edguez Larreta, presentar\u00e1 el primer Estadio con techo m\u00f3vil de Am\u00e9rica Latina, ubicado en el Parque Roca.El estadio lleva el nombre de Mary Ter\u00e1n de Weiss, primera tenista mujer de la Argentina y ser\u00e1 una de las cuatro sedes de los Juegos Ol\u00edmpicos de la Juventud Buenos Aires 2018, [&hellip;]<\/p>","protected":false},"author":1,"featured_media":606774,"comment_status":"open","ping_status":"closed","sticky":false,"template":"","format":"standard","meta":[],"categories":[1],"tags":[],"series":[],"_links":{"self":[{"href":"https:\/\/www.diario5.com.ar\/es\/wp-json\/wp\/v2\/posts\/606767"}],"collection":[{"href":"https:\/\/www.diario5.com.ar\/es\/wp-json\/wp\/v2\/posts"}],"about":[{"href":"https:\/\/www.diario5.com.ar\/es\/wp-json\/wp\/v2\/types\/post"}],"author":[{"embeddable":true,"href":"https:\/\/www.diario5.com.ar\/es\/wp-json\/wp\/v2\/users\/1"}],"replies":[{"embeddable":true,"href":"https:\/\/www.diario5.com.ar\/es\/wp-json\/wp\/v2\/comments?post=606767"}],"version-history":[{"count":11,"href":"https:\/\/www.diario5.com.ar\/es\/wp-json\/wp\/v2\/posts\/606767\/revisions"}],"predecessor-version":[{"id":606783,"href":"https:\/\/www.diario5.com.ar\/es\/wp-json\/wp\/v2\/posts\/606767\/revisions\/606783"}],"wp:featuredmedia":[{"embeddable":true,"href":"https:\/\/www.diario5.com.ar\/es\/wp-json\/wp\/v2\/media\/606774"}],"wp:attachment":[{"href":"https:\/\/www.diario5.com.ar\/es\/wp-json\/wp\/v2\/media?parent=606767"}],"wp:term":[{"taxonomy":"category","embeddable":true,"href":"https:\/\/www.diario5.com.ar\/es\/wp-json\/wp\/v2\/categories?post=606767"},{"taxonomy":"post_tag","embeddable":true,"href":"https:\/\/www.diario5.com.ar\/es\/wp-json\/wp\/v2\/tags?post=606767"},{"taxonomy":"series","embeddable":true,"href":"https:\/\/www.diario5.com.ar\/es\/wp-json\/wp\/v2\/series?post=606767"}],"curies":[{"name":"wp","href":"https:\/\/api.w.org\/{rel}","templated":true}]}}