{"id":606714,"date":"2018-10-02T02:16:39","date_gmt":"2018-10-02T05:16:39","guid":{"rendered":"http:\/\/diario5.com.ar\/?p=606714"},"modified":"2018-10-04T02:00:44","modified_gmt":"2018-10-04T05:00:44","slug":"se-complica-el-panorama-de-alquileres","status":"publish","type":"post","link":"https:\/\/www.diario5.com.ar\/es\/se-complica-el-panorama-de-alquileres\/","title":{"rendered":"Alta tasa de rescisi\u00f3n de contratos de alquiler"},"content":{"rendered":"<h2 class=\"sub-title-primary\"><\/h2> <figure id=\"attachment_606717\" aria-describedby=\"caption-attachment-606717\" style=\"width: 607px\" class=\"wp-caption alignright\"><img decoding=\"async\" loading=\"lazy\" class=\"wp-image-606717\" src=\"http:\/\/diario5.com.ar\/wp-content\/uploads\/2018\/10\/contrato.jpg\" alt=\"contrato\" width=\"607\" height=\"229\" srcset=\"https:\/\/www.diario5.com.ar\/wp-content\/uploads\/2018\/10\/contrato.jpg 798w, https:\/\/www.diario5.com.ar\/wp-content\/uploads\/2018\/10\/contrato-300x113.jpg 300w, https:\/\/www.diario5.com.ar\/wp-content\/uploads\/2018\/10\/contrato-768x290.jpg 768w, https:\/\/www.diario5.com.ar\/wp-content\/uploads\/2018\/10\/contrato-400x151.jpg 400w, https:\/\/www.diario5.com.ar\/wp-content\/uploads\/2018\/10\/contrato-260x98.jpg 260w, https:\/\/www.diario5.com.ar\/wp-content\/uploads\/2018\/10\/contrato-160x60.jpg 160w\" sizes=\"(max-width: 607px) 100vw, 607px\" \/><figcaption id=\"caption-attachment-606717\" class=\"wp-caption-text\">Se complican m\u00e1s los alquileres.<\/figcaption><\/figure>\n<p>La Defensor\u00eda del Pueblo estableci\u00f3 el Programa de Atenci\u00f3n a Inquilinos. De las estad\u00edsticas que se conocen a partir de consultas que se reciben en el organismo (por ejemplo \u00faltimas 250) se conoce que un tercio correspomde apersonas que no pueden pasgar el alquiler o est\u00e1s atravesando dificultades de diversa gravedad<\/p>\n<p>El pago del alquiler y las expensas se ha transformado en una preocupaci\u00f3n inmensa para una cantidad de personas cuyo n\u00famero, en 2016, estaba fuera de todo c\u00e1lculo.<\/p>\n<p>La Defensor\u00eda remarca que en marzo de este a\u00f1o estas consultas representaba el 21% del total y se trata de un 35,87%. La\u00a0rescisi\u00f3n anticipada de contratos es una de las operaciones no deseadas m\u00e1s frecuentes. El 19,65% de los inquilinos en Buenos Aires\u00a0que realizan consultas en la Defensor\u00eda, no pueden pagar y rescinden sus contratos. La situaci\u00f3n es altamente desalentadora.<\/p>\n<p>Dice Fernando Mu\u00f1oz, coordinador del Programa de Atenci\u00f3n a Inquilinos: \u201cmuchos inquilinos se acercan con el contrato vigente y consultan c\u00f3mo rescindirlo, incluso sin tener deudas acumuladas. Actualmente destinan m\u00e1s de la mitad de sus ingresos en el alquiler.\u201d El informe de la Defensor\u00eda del Pueblo de la Ciudad, precisamente en el D\u00eda Nacional del Inquilino arroja estos c\u00e1lculos:<\/p>\n<figure id=\"attachment_606715\" aria-describedby=\"caption-attachment-606715\" style=\"width: 762px\" class=\"wp-caption alignnone\"><img decoding=\"async\" loading=\"lazy\" class=\"wp-image-606715\" src=\"http:\/\/diario5.com.ar\/wp-content\/uploads\/2018\/10\/defensoria_inquilinos.jpg\" alt=\"Informe de la Defensor\u00eda del Pueblo de la Ciudad de Buenos Aires\" width=\"762\" height=\"984\" srcset=\"https:\/\/www.diario5.com.ar\/wp-content\/uploads\/2018\/10\/defensoria_inquilinos.jpg 858w, https:\/\/www.diario5.com.ar\/wp-content\/uploads\/2018\/10\/defensoria_inquilinos-232x300.jpg 232w, https:\/\/www.diario5.com.ar\/wp-content\/uploads\/2018\/10\/defensoria_inquilinos-793x1024.jpg 793w, https:\/\/www.diario5.com.ar\/wp-content\/uploads\/2018\/10\/defensoria_inquilinos-768x992.jpg 768w, https:\/\/www.diario5.com.ar\/wp-content\/uploads\/2018\/10\/defensoria_inquilinos-400x517.jpg 400w, https:\/\/www.diario5.com.ar\/wp-content\/uploads\/2018\/10\/defensoria_inquilinos-260x336.jpg 260w, https:\/\/www.diario5.com.ar\/wp-content\/uploads\/2018\/10\/defensoria_inquilinos-160x207.jpg 160w\" sizes=\"(max-width: 762px) 100vw, 762px\" \/><figcaption id=\"caption-attachment-606715\" class=\"wp-caption-text\">Informe de la Defensor\u00eda del Pueblo de la Ciudad de Buenos Aires<\/figcaption><\/figure>\n<p>&nbsp;<\/p>","protected":false},"excerpt":{"rendered":"<p>La Defensor\u00eda del Pueblo estableci\u00f3 el Programa de Atenci\u00f3n a Inquilinos. De las estad\u00edsticas que se conocen a partir de consultas que se reciben en el organismo (por ejemplo \u00faltimas 250) se conoce que un tercio correspomde apersonas que no pueden pasgar el alquiler o est\u00e1s atravesando dificultades de diversa gravedad El pago del alquiler [&hellip;]<\/p>","protected":false},"author":1,"featured_media":606717,"comment_status":"open","ping_status":"closed","sticky":false,"template":"","format":"standard","meta":[],"categories":[6],"tags":[],"series":[],"_links":{"self":[{"href":"https:\/\/www.diario5.com.ar\/es\/wp-json\/wp\/v2\/posts\/606714"}],"collection":[{"href":"https:\/\/www.diario5.com.ar\/es\/wp-json\/wp\/v2\/posts"}],"about":[{"href":"https:\/\/www.diario5.com.ar\/es\/wp-json\/wp\/v2\/types\/post"}],"author":[{"embeddable":true,"href":"https:\/\/www.diario5.com.ar\/es\/wp-json\/wp\/v2\/users\/1"}],"replies":[{"embeddable":true,"href":"https:\/\/www.diario5.com.ar\/es\/wp-json\/wp\/v2\/comments?post=606714"}],"version-history":[{"count":9,"href":"https:\/\/www.diario5.com.ar\/es\/wp-json\/wp\/v2\/posts\/606714\/revisions"}],"predecessor-version":[{"id":606725,"href":"https:\/\/www.diario5.com.ar\/es\/wp-json\/wp\/v2\/posts\/606714\/revisions\/606725"}],"wp:featuredmedia":[{"embeddable":true,"href":"https:\/\/www.diario5.com.ar\/es\/wp-json\/wp\/v2\/media\/606717"}],"wp:attachment":[{"href":"https:\/\/www.diario5.com.ar\/es\/wp-json\/wp\/v2\/media?parent=606714"}],"wp:term":[{"taxonomy":"category","embeddable":true,"href":"https:\/\/www.diario5.com.ar\/es\/wp-json\/wp\/v2\/categories?post=606714"},{"taxonomy":"post_tag","embeddable":true,"href":"https:\/\/www.diario5.com.ar\/es\/wp-json\/wp\/v2\/tags?post=606714"},{"taxonomy":"series","embeddable":true,"href":"https:\/\/www.diario5.com.ar\/es\/wp-json\/wp\/v2\/series?post=606714"}],"curies":[{"name":"wp","href":"https:\/\/api.w.org\/{rel}","templated":true}]}}