{"id":606490,"date":"2018-09-15T17:21:50","date_gmt":"2018-09-15T20:21:50","guid":{"rendered":"http:\/\/diario5.com.ar\/?p=606490"},"modified":"2018-09-15T17:39:29","modified_gmt":"2018-09-15T20:39:29","slug":"rodriguez-larreta-en-san-francisco-en-la-previa-de-urban-20","status":"publish","type":"post","link":"https:\/\/www.diario5.com.ar\/es\/rodriguez-larreta-en-san-francisco-en-la-previa-de-urban-20\/","title":{"rendered":"San Francisco fue la previa para la Urban 20 en Buenos Aires"},"content":{"rendered":"<h2 class=\"sub-title-primary\"><\/h2> <figure style=\"width: 607px\" class=\"wp-caption alignright\"><img decoding=\"async\" loading=\"lazy\" class=\"\" src=\"http:\/\/diario5.com.ar\/img\/hrl-global_climate.jpg\" width=\"607\" height=\"405\" \/><figcaption class=\"wp-caption-text\">Horacio Rodr\u00edguez Larreta en San Francisco<\/figcaption><\/figure>\n<figure style=\"width: 110px\" class=\"wp-caption alignleft\"><img decoding=\"async\" loading=\"lazy\" class=\"\" src=\"http:\/\/diario5.com.ar\/img\/g-climate-a-s.jpg\" width=\"110\" height=\"110\" \/><figcaption class=\"wp-caption-text\">El GCAS gener\u00f3 un importante encuentro de alcaldes<\/figcaption><\/figure>\n<p>El jefe de Gobierno porte\u00f1o, Horacio Rodr\u00edguez Larreta, particip\u00f3 ayer en la ciudad de San Francisco del Global Climate Action Summit. M\u00e1s all\u00e1 del compromiso que el jefe de gobierno ratific\u00f3 ante los asistentes a mantener el cuidado del medio ambiente (se agregan puntos altamente pol\u00edticos como la promoci\u00f3n del empleo y el empoderamiento de la mujer), Buenos Aires es una urbe muy observada desde los centros de monitoreo ecol\u00f3gico, especialmente por las permanentes sorpresas que al AMBA le deparan las empresas -absolutamente carentes de responsabilidad- que siempre tienen alg\u00fan contaminante nuevo para los r\u00edos que ba\u00f1an costas del conurbano y de la Ciudad de Buenos Aires.<\/p>\n<p>El Jefe de Gobierno ratific\u00f3 el compromiso de Buenos Aires con los 17 Objetivos de Desarrollo Sostenible (ODS) correspondientes a la Agenda 2030. A esto se suma que Buenos Aires ser\u00e1 sede de una reuni\u00f3n con las principales ciudades de los pa\u00edses del G20 nucleadas en el Urban 20, un ap\u00e9ndice conformado por alcaldes de todo el mundo y en el que se trabaja para que la sustentabilidad est\u00e9 \u00edntimamente vinculada con la vida en grande ciudades.<\/p>\n<p>El lanzamiento de Urban 20 fue realizado por las ciudades de Buenos Aires y Par\u00eds. En ese grupo se aspira a promover mejoras en las acciones que en todo el mundo se deben efectuar por los cambios clim\u00e1ticos, empoderamiento de la mujer, la b\u00fasqueda por generar nuevas fuentes de empleo y m\u00faltiples aspectos para la integraci\u00f3n social.<\/p>\n<figure id=\"attachment_606495\" aria-describedby=\"caption-attachment-606495\" style=\"width: 758px\" class=\"wp-caption alignnone\"><img decoding=\"async\" loading=\"lazy\" class=\"size-full wp-image-606495\" src=\"http:\/\/diario5.com.ar\/wp-content\/uploads\/2018\/09\/urban20.jpg\" alt=\"Todas las grandes ciudades del mundo procuran adaptarse a las normas de desarrollo sostenible\" width=\"758\" height=\"898\" srcset=\"https:\/\/www.diario5.com.ar\/wp-content\/uploads\/2018\/09\/urban20.jpg 758w, https:\/\/www.diario5.com.ar\/wp-content\/uploads\/2018\/09\/urban20-253x300.jpg 253w, https:\/\/www.diario5.com.ar\/wp-content\/uploads\/2018\/09\/urban20-400x474.jpg 400w, https:\/\/www.diario5.com.ar\/wp-content\/uploads\/2018\/09\/urban20-260x308.jpg 260w, https:\/\/www.diario5.com.ar\/wp-content\/uploads\/2018\/09\/urban20-160x190.jpg 160w\" sizes=\"(max-width: 758px) 100vw, 758px\" \/><figcaption id=\"caption-attachment-606495\" class=\"wp-caption-text\">Todas las grandes ciudades del mundo procuran adaptarse a las normas de desarrollo sostenible<\/figcaption><\/figure>\n<p>&nbsp;<\/p>","protected":false},"excerpt":{"rendered":"<p>El jefe de Gobierno porte\u00f1o, Horacio Rodr\u00edguez Larreta, particip\u00f3 ayer en la ciudad de San Francisco del Global Climate Action Summit. M\u00e1s all\u00e1 del compromiso que el jefe de gobierno ratific\u00f3 ante los asistentes a mantener el cuidado del medio ambiente (se agregan puntos altamente pol\u00edticos como la promoci\u00f3n del empleo y el empoderamiento de [&hellip;]<\/p>","protected":false},"author":2,"featured_media":606495,"comment_status":"closed","ping_status":"closed","sticky":false,"template":"","format":"standard","meta":[],"categories":[7],"tags":[],"series":[],"_links":{"self":[{"href":"https:\/\/www.diario5.com.ar\/es\/wp-json\/wp\/v2\/posts\/606490"}],"collection":[{"href":"https:\/\/www.diario5.com.ar\/es\/wp-json\/wp\/v2\/posts"}],"about":[{"href":"https:\/\/www.diario5.com.ar\/es\/wp-json\/wp\/v2\/types\/post"}],"author":[{"embeddable":true,"href":"https:\/\/www.diario5.com.ar\/es\/wp-json\/wp\/v2\/users\/2"}],"replies":[{"embeddable":true,"href":"https:\/\/www.diario5.com.ar\/es\/wp-json\/wp\/v2\/comments?post=606490"}],"version-history":[{"count":9,"href":"https:\/\/www.diario5.com.ar\/es\/wp-json\/wp\/v2\/posts\/606490\/revisions"}],"predecessor-version":[{"id":606503,"href":"https:\/\/www.diario5.com.ar\/es\/wp-json\/wp\/v2\/posts\/606490\/revisions\/606503"}],"wp:featuredmedia":[{"embeddable":true,"href":"https:\/\/www.diario5.com.ar\/es\/wp-json\/wp\/v2\/media\/606495"}],"wp:attachment":[{"href":"https:\/\/www.diario5.com.ar\/es\/wp-json\/wp\/v2\/media?parent=606490"}],"wp:term":[{"taxonomy":"category","embeddable":true,"href":"https:\/\/www.diario5.com.ar\/es\/wp-json\/wp\/v2\/categories?post=606490"},{"taxonomy":"post_tag","embeddable":true,"href":"https:\/\/www.diario5.com.ar\/es\/wp-json\/wp\/v2\/tags?post=606490"},{"taxonomy":"series","embeddable":true,"href":"https:\/\/www.diario5.com.ar\/es\/wp-json\/wp\/v2\/series?post=606490"}],"curies":[{"name":"wp","href":"https:\/\/api.w.org\/{rel}","templated":true}]}}