{"id":605845,"date":"2018-07-31T21:12:10","date_gmt":"2018-08-01T00:12:10","guid":{"rendered":"http:\/\/diario5.com.ar\/?p=605845"},"modified":"2018-07-31T21:19:20","modified_gmt":"2018-08-01T00:19:20","slug":"arreglo-de-veredas-con-baldosas-de-material-sustentable","status":"publish","type":"post","link":"https:\/\/www.diario5.com.ar\/es\/arreglo-de-veredas-con-baldosas-de-material-sustentable\/","title":{"rendered":"Arreglo de veredas con baldosas de material sustentable"},"content":{"rendered":"<h2 class=\"sub-title-primary\"><\/h2> <figure style=\"width: 607px\" class=\"wp-caption alignright\"><img decoding=\"async\" loading=\"lazy\" class=\"\" src=\"http:\/\/diario5.com.ar\/img\/baldosa.jpg\" width=\"607\" height=\"614\" \/><figcaption class=\"wp-caption-text\">Baldosa fabricada con material reciclado, para arreglar veredas en la Ciudad de Buenos Aires.<\/figcaption><\/figure>\n<p>Se trabaja, por estos d\u00edas, en la reparaci\u00f3n de veredas en varias zonas del centro y Macrocentro porte\u00f1os, en las Comunas 1; 2 y 3 m\u00e1s otros puntos de la Ciudad. Las baldosas que se est\u00e1n aplicando son las provenientes de la f\u00e1brica\u00a0con material recuperado<\/p>\n<p>La fuente del material que se utiliza para la fabricaci\u00f3n de esas baldosas con tramado cuadriculado, proviene de los puntos verdes, las campanas verdes y de la recolecci\u00f3n puerta a puerta. Con el buen uso del reciclado, muchos productos, objetos y recipientes terminan dando materia prima para\u00a0las baldosas que se colocan en las veredas porte\u00f1as.<\/p>\n<figure id=\"attachment_605848\" aria-describedby=\"caption-attachment-605848\" style=\"width: 129px\" class=\"wp-caption alignnone\"><img decoding=\"async\" loading=\"lazy\" class=\"wp-image-605848\" src=\"http:\/\/diario5.com.ar\/wp-content\/uploads\/2018\/07\/santilli-baldosas.png\" alt=\"Santilli en la f\u00e1brica de baldosas\" width=\"129\" height=\"165\" srcset=\"https:\/\/www.diario5.com.ar\/wp-content\/uploads\/2018\/07\/santilli-baldosas.png 292w, https:\/\/www.diario5.com.ar\/wp-content\/uploads\/2018\/07\/santilli-baldosas-235x300.png 235w, https:\/\/www.diario5.com.ar\/wp-content\/uploads\/2018\/07\/santilli-baldosas-260x332.png 260w, https:\/\/www.diario5.com.ar\/wp-content\/uploads\/2018\/07\/santilli-baldosas-160x204.png 160w\" sizes=\"(max-width: 129px) 100vw, 129px\" \/><figcaption id=\"caption-attachment-605848\" class=\"wp-caption-text\">Santilli en la f\u00e1brica de baldosas<\/figcaption><\/figure>\n<p>Hace dos meses, cuando el\u00a0vicejefe de Gobierno de la Ciudad de Buenos Aires, Diego Santilli, recorri\u00f3 la nueva planta donde se fabrican los baldosones, se conoci\u00f3 la \u00faltima estad\u00edstica, que indica que en Buenos Aires unas 4.000 toneladas de residuos diarios recibe tratamiento para ser recuperado. La\u00a0 f\u00e1brica produce, a diario, de manera automatizada, unas 1.000 baldosas de 40\u00d740 cm.<\/p>\n<p>&nbsp;<\/p>\n<figure style=\"width: 540px\" class=\"wp-caption alignleft\"><img decoding=\"async\" loading=\"lazy\" class=\"\" src=\"http:\/\/diario5.com.ar\/img\/arreglo-vereda.jpg\" width=\"540\" height=\"303\" \/><figcaption class=\"wp-caption-text\">Arreglo de veredas con las baldosas de fabricaci\u00f3n propia<\/figcaption><\/figure>\n<p>La materia prima principal es la arena sil\u00edcea, que conforma el 40% del peso total de la baldosa. Tambi\u00e9n integra el proceso el vidrio triturado,\u00a0que puede reemplazar en un 10% la utilizaci\u00f3n de arena. El trabajo lo completan los\u00a0cepillos pulidores, con un consumo de 32.000 litros de agua por d\u00eda, con la finalidad de evitar que se rayen las piezas. Para tal fin, en la planta hay una pileta decantadora de sedimentos y un sistema de tubos y filtros que limpia el agua.<\/p>\n<p>El\u00a0vidrio que contienen las baldosas corresponde tanto a residuos electr\u00f3nicos que se tritura, como al trabajo de los recuperadores urbanos, cerrando as\u00ed el ciclo de la econom\u00eda circular y la sustentabilidad.<\/p>\n<p>&nbsp;<\/p>\n<p>&nbsp;<\/p>","protected":false},"excerpt":{"rendered":"<p>Se trabaja, por estos d\u00edas, en la reparaci\u00f3n de veredas en varias zonas del centro y Macrocentro porte\u00f1os, en las Comunas 1; 2 y 3 m\u00e1s otros puntos de la Ciudad. Las baldosas que se est\u00e1n aplicando son las provenientes de la f\u00e1brica\u00a0con material recuperado La fuente del material que se utiliza para la fabricaci\u00f3n [&hellip;]<\/p>","protected":false},"author":1,"featured_media":605848,"comment_status":"open","ping_status":"closed","sticky":false,"template":"","format":"standard","meta":[],"categories":[6],"tags":[],"series":[],"_links":{"self":[{"href":"https:\/\/www.diario5.com.ar\/es\/wp-json\/wp\/v2\/posts\/605845"}],"collection":[{"href":"https:\/\/www.diario5.com.ar\/es\/wp-json\/wp\/v2\/posts"}],"about":[{"href":"https:\/\/www.diario5.com.ar\/es\/wp-json\/wp\/v2\/types\/post"}],"author":[{"embeddable":true,"href":"https:\/\/www.diario5.com.ar\/es\/wp-json\/wp\/v2\/users\/1"}],"replies":[{"embeddable":true,"href":"https:\/\/www.diario5.com.ar\/es\/wp-json\/wp\/v2\/comments?post=605845"}],"version-history":[{"count":4,"href":"https:\/\/www.diario5.com.ar\/es\/wp-json\/wp\/v2\/posts\/605845\/revisions"}],"predecessor-version":[{"id":605850,"href":"https:\/\/www.diario5.com.ar\/es\/wp-json\/wp\/v2\/posts\/605845\/revisions\/605850"}],"wp:featuredmedia":[{"embeddable":true,"href":"https:\/\/www.diario5.com.ar\/es\/wp-json\/wp\/v2\/media\/605848"}],"wp:attachment":[{"href":"https:\/\/www.diario5.com.ar\/es\/wp-json\/wp\/v2\/media?parent=605845"}],"wp:term":[{"taxonomy":"category","embeddable":true,"href":"https:\/\/www.diario5.com.ar\/es\/wp-json\/wp\/v2\/categories?post=605845"},{"taxonomy":"post_tag","embeddable":true,"href":"https:\/\/www.diario5.com.ar\/es\/wp-json\/wp\/v2\/tags?post=605845"},{"taxonomy":"series","embeddable":true,"href":"https:\/\/www.diario5.com.ar\/es\/wp-json\/wp\/v2\/series?post=605845"}],"curies":[{"name":"wp","href":"https:\/\/api.w.org\/{rel}","templated":true}]}}