{"id":605535,"date":"2018-07-05T12:19:17","date_gmt":"2018-07-05T15:19:17","guid":{"rendered":"http:\/\/diario5.com.ar\/?p=605535"},"modified":"2018-07-06T12:26:09","modified_gmt":"2018-07-06T15:26:09","slug":"ley-para-las-viviendas-en-villas","status":"publish","type":"post","link":"https:\/\/www.diario5.com.ar\/es\/ley-para-las-viviendas-en-villas\/","title":{"rendered":"Ley para las viviendas en villas"},"content":{"rendered":"<h2 class=\"sub-title-primary\"><\/h2> <figure style=\"width: 618px\" class=\"wp-caption alignright\"><img decoding=\"async\" loading=\"lazy\" class=\"\" src=\"http:\/\/diario5.com.ar\/img\/barrio_31.jpg\" width=\"618\" height=\"411\" \/><figcaption class=\"wp-caption-text\">No todas las villas son como el Barrio 31<\/figcaption><\/figure>\n<p>La C\u00e1mara de Diputados dio Media sanci\u00f3n al proyecto de regularizaci\u00f3n de villas, que prev\u00e9 la suspensi\u00f3n de desalojos por dos a\u00f1os y que las viviendas queden en poder de las familias que las habitan.<br \/>\nLa votaci\u00f3n fue un\u00e1nime, con 194 votos afirmativos, sin votos negativos ni abstenciones.<br \/>\n&#8212;&#8212;<br \/>\nEl Ministerio de Hacienda y Finanzas lanz\u00f3 en estas horas una partida de Letras del Tesoro en d\u00f3lares a un tipo de cambio $ 28,03.-<br \/>\nCon la intenci\u00f3n de rescatar Lebacs, el Ministerio de Hacienda difundi\u00f3 una tabla con los valores de descuento.<br \/>\n&#8212;&#8212;<br \/>\nEn una demostraci\u00f3n de violencia extrema, Marcelo Boeri, jefe de Taxistas Unidos y l\u00edder de los \u00abcaza Uber\u00bb insult\u00f3 a un funcionario porte\u00f1o y pidi\u00f3 averiguar d\u00f3nde vive.<br \/>\nSu mensaje de Whatsapp llama a los miembros del grupo una \u00abcacer\u00eda\u00bb contra el secretario de Transporte Juan Jos\u00e9 M\u00e9ndez tras el procesamiento del taxista Mart\u00edn Sens\u00f3n por atacar a un conductor que utilizaba la aplicaci\u00f3n.<br \/>\n&#8212;&#8212;<br \/>\nSe confirma en Tailandia que para el rescate de los chicos atrapados, las operaciones de perforaci\u00f3n ser\u00e1n limitadas por la fragilidad de la cueva no est\u00e1 debidamente calculada y podr\u00eda generarse un derrumbe.<br \/>\nLa opci\u00f3n de s\u00f3lo esperar a que termine la intensa temporada de lluvias es la m\u00e1s recomendada. Se conoce que el agua bajar\u00e1 naturalmente y los ni\u00f1os y su entrenador podr\u00e1n ser evacuados.<br \/>\n&#8212;&#8212;<br \/>\nEl Parlamento Europeo rechaz\u00f3 el proyecto de reforma sobre Derechos de Autor que buscaba incrementar los ingresos de los editores de medios de comunicaci\u00f3n y acabar con el contenido sin control.<br \/>\nPor 318 votos en contra, contra 278 a favor y 31 abstenciones, la gratuidad de las reproducciones aparecidas en Wikipedia, Youtube y Facebook, por ahora, no tendr\u00edan cambios.<\/p>","protected":false},"excerpt":{"rendered":"<p>La C\u00e1mara de Diputados dio Media sanci\u00f3n al proyecto de regularizaci\u00f3n de villas, que prev\u00e9 la suspensi\u00f3n de desalojos por dos a\u00f1os y que las viviendas queden en poder de las familias que las habitan. La votaci\u00f3n fue un\u00e1nime, con 194 votos afirmativos, sin votos negativos ni abstenciones. &#8212;&#8212; El Ministerio de Hacienda y Finanzas [&hellip;]<\/p>","protected":false},"author":1,"featured_media":0,"comment_status":"open","ping_status":"closed","sticky":false,"template":"","format":"standard","meta":[],"categories":[1],"tags":[],"series":[],"_links":{"self":[{"href":"https:\/\/www.diario5.com.ar\/es\/wp-json\/wp\/v2\/posts\/605535"}],"collection":[{"href":"https:\/\/www.diario5.com.ar\/es\/wp-json\/wp\/v2\/posts"}],"about":[{"href":"https:\/\/www.diario5.com.ar\/es\/wp-json\/wp\/v2\/types\/post"}],"author":[{"embeddable":true,"href":"https:\/\/www.diario5.com.ar\/es\/wp-json\/wp\/v2\/users\/1"}],"replies":[{"embeddable":true,"href":"https:\/\/www.diario5.com.ar\/es\/wp-json\/wp\/v2\/comments?post=605535"}],"version-history":[{"count":1,"href":"https:\/\/www.diario5.com.ar\/es\/wp-json\/wp\/v2\/posts\/605535\/revisions"}],"predecessor-version":[{"id":605536,"href":"https:\/\/www.diario5.com.ar\/es\/wp-json\/wp\/v2\/posts\/605535\/revisions\/605536"}],"wp:attachment":[{"href":"https:\/\/www.diario5.com.ar\/es\/wp-json\/wp\/v2\/media?parent=605535"}],"wp:term":[{"taxonomy":"category","embeddable":true,"href":"https:\/\/www.diario5.com.ar\/es\/wp-json\/wp\/v2\/categories?post=605535"},{"taxonomy":"post_tag","embeddable":true,"href":"https:\/\/www.diario5.com.ar\/es\/wp-json\/wp\/v2\/tags?post=605535"},{"taxonomy":"series","embeddable":true,"href":"https:\/\/www.diario5.com.ar\/es\/wp-json\/wp\/v2\/series?post=605535"}],"curies":[{"name":"wp","href":"https:\/\/api.w.org\/{rel}","templated":true}]}}