{"id":605510,"date":"2018-07-03T02:42:22","date_gmt":"2018-07-03T05:42:22","guid":{"rendered":"http:\/\/diario5.com.ar\/?p=605510"},"modified":"2018-07-05T00:55:48","modified_gmt":"2018-07-05T03:55:48","slug":"basta-del-dia-del-locutor","status":"publish","type":"post","link":"https:\/\/www.diario5.com.ar\/es\/basta-del-dia-del-locutor\/","title":{"rendered":"Basta del D\u00eda del Locutor!"},"content":{"rendered":"<h2 class=\"sub-title-primary\"><\/h2> <figure id=\"attachment_605511\" aria-describedby=\"caption-attachment-605511\" style=\"width: 605px\" class=\"wp-caption alignright\"><img decoding=\"async\" loading=\"lazy\" class=\"wp-image-605511\" src=\"http:\/\/diario5.com.ar\/wp-content\/uploads\/2018\/07\/mic.jpg\" alt=\"Ser locutor y sentir que la actividad muestra tanto la hilacha, molesta mucho.\" width=\"605\" height=\"493\" srcset=\"https:\/\/www.diario5.com.ar\/wp-content\/uploads\/2018\/07\/mic.jpg 631w, https:\/\/www.diario5.com.ar\/wp-content\/uploads\/2018\/07\/mic-300x244.jpg 300w, https:\/\/www.diario5.com.ar\/wp-content\/uploads\/2018\/07\/mic-400x326.jpg 400w, https:\/\/www.diario5.com.ar\/wp-content\/uploads\/2018\/07\/mic-260x212.jpg 260w, https:\/\/www.diario5.com.ar\/wp-content\/uploads\/2018\/07\/mic-160x130.jpg 160w\" sizes=\"(max-width: 605px) 100vw, 605px\" \/><figcaption id=\"caption-attachment-605511\" class=\"wp-caption-text\">Ser locutor y sentir que la actividad muestra tanto la hilacha, molesta mucho.<\/figcaption><\/figure>\n<p>El 3 de julio es uno de esos d\u00edas en que nadie deber\u00eda escuchar radio ni mirar televisi\u00f3n. Cada 365 d\u00edas, la autorreferencial celebraci\u00f3n que se repite en decenas y decenas de medios de todo el pa\u00eds, por del d\u00eda de locutor, desde hace 65 a\u00f1os, se torn\u00f3\u00a0desubicada como kermesse en museo. Es realmente molesto- surgi\u00f3 esta conciencia hace muchos a\u00f1os, siendo muy joven y ejerciendo la profesi\u00f3n como a\u00fan lo hago. Muchos de quienes se rasgan las vestiduras\u00a0 al escuchar las jactancias egoc\u00e9ntricas de la conductora del popular programa de los almuerzos, terminan aplicando la misma metodolog\u00eda.<\/p>\n<p>No es necesario utilizar tantas horas de aire para el -ya, desagradable- autohomenaje que una inmensa mayor\u00eda de\u00a0locutores\u00a0se confieren impunemente frente a los micr\u00f3fonos y las c\u00e1maras de los diversos medios. Desde el plano del pensamiento, el efecto que se observa ante la parva de halagos oligoc\u00e9ntricos, es triste.<\/p>\n<p>Hay un sector de miembros del gremio que consideran que la celebraci\u00f3n del D\u00eda del Locutor se ve opacada por la crisis de las radios, los despidos masivos crecientes y la necesidad de plantarse en lucha por la defensa de los puestos de trabajo. Incluso alzan la bandera de la defensa de la dignidad de la profesi\u00f3n.<\/p>\n<p>En el p\u00e1rrafo anterior se evit\u00f3 entrecomillar algunas expresiones por respeto a algunas personas. Se trata de colegas y compa\u00f1eros con grand\u00edsimos talentos puestos al servicio de emisoras que los tuvieron firmes en Navidades, Cierres de A\u00f1o, Semana Santa, cubriendo el informativo o el turno comercial en feriados que los alejaron de sus afectos por cumplir con directores, gerentes y jefes insensibles o ajenos a la vocaci\u00f3n comunicacional. Se trata de colegas y compa\u00f1eros sumergidos en cuerpo y alma en transmisiones y programaciones especiales que los conminaban a salir a comprarse prendas de vestir para reflejar una imagen acorde u otros que s\u00f3lo firmaban el libro de transmisi\u00f3n y no ten\u00edan opci\u00f3n para\u00a0formar parte del equipo de transmisi\u00f3n para salir al aire, dado que tal derecho s\u00f3lo lo ejerc\u00eda y lo ostentaba personal contratados especialmente para alg\u00fan programa, relegando al locutor o locutora de turno a tareas administrativas.<\/p>\n<p>En realidad, el motivo central\u00a0de lo innecesario del festejo deber\u00eda ser lo que nadie quiere asumir: jam\u00e1s debi\u00f3 existir una carrera de tres a\u00f1os de estudio para el solo ejercicio legal de leer una marca comercial en Radio o TV, leer un bolet\u00edn informativo o dar la hora y la temperatura. Por supuesto que la formaci\u00f3n que se brinda en el curso creado para dictarse en el ISER -y luego en otras instituciones- puede significar una cierta base para iniciarse en la comunicaci\u00f3n pero vale aclara que tales estructuras educacionales son largamente superadas por cualquier carrera universitaria de tem\u00e1ticas afines.<\/p>\n<p>S\u00f3lo nos queda discutir la t\u00e9cnica de lectura. De ser aceptada tal premisa, quienes consideran que la Locuci\u00f3n es una carrera, entrar\u00edan en callej\u00f3n sin salida, dado que <em>T\u00e9cnica de Lectura<\/em>\u00a0suele una materia que en cualquier universidad del mundo se incorpora en diversas carreras human\u00edsticas, incluyendo las licenciaturas y tecnicaturas en periodismo y disciplinas comunicacionales. Cualquier profesional de buena lectura, es decir, lo que hoy se puede considerar un locutor profesional, en caso de contar, tambi\u00e9n, con dotes para la ense\u00f1anza, puede obtener importantes resultados con alumnos abocados a la pr\u00e1ctica y deseoso\u00a0 de superarse como lectores en voz alta.<\/p>\n<p>De\u00a0detentar las t\u00e9cnicas para la buena lectura (incluso la oratoria) a ser un locutor destacado, hay un trecho que depender\u00e1 de las capacidades propias del interesado. No hay ninguna necesidad de someter al alumno de <em>Lectura en Voz Alta<\/em> a que se le apuren sus desarrollos t\u00e9cnicos durante tres a\u00f1os seguidos, para largarlo a la calle con un t\u00edtulo que deber\u00eda gan\u00e1rselo con el ejercicio de la actividad y transformarlo \u00e9l mismo en profesi\u00f3n, sin darle ning\u00fan carnet habilitante y protegido por una normativa absurda, que le hace creer que es miembro de un Olimpo, cuando -muy por el contrario- es demasiado evidente e insoslayable la poca preparaci\u00f3n que demuestra una mayor\u00eda de locutores para comunicar por sus propios criterios, contenidos de valor.<\/p>\n<p><a href=\"https:\/\/www.diario5.com.ar\/es\/el-insoportable-3-de-julio\/\">Hace exactamente dos a\u00f1os, ya pon\u00edamos un pensamiento sin diferencias con el que nos expresamos este 3 de julio.<\/a><\/p>","protected":false},"excerpt":{"rendered":"<p>El 3 de julio es uno de esos d\u00edas en que nadie deber\u00eda escuchar radio ni mirar televisi\u00f3n. Cada 365 d\u00edas, la autorreferencial celebraci\u00f3n que se repite en decenas y decenas de medios de todo el pa\u00eds, por del d\u00eda de locutor, desde hace 65 a\u00f1os, se torn\u00f3\u00a0desubicada como kermesse en museo. Es realmente molesto- [&hellip;]<\/p>","protected":false},"author":3,"featured_media":605511,"comment_status":"open","ping_status":"closed","sticky":false,"template":"","format":"standard","meta":[],"categories":[1],"tags":[],"series":[],"_links":{"self":[{"href":"https:\/\/www.diario5.com.ar\/es\/wp-json\/wp\/v2\/posts\/605510"}],"collection":[{"href":"https:\/\/www.diario5.com.ar\/es\/wp-json\/wp\/v2\/posts"}],"about":[{"href":"https:\/\/www.diario5.com.ar\/es\/wp-json\/wp\/v2\/types\/post"}],"author":[{"embeddable":true,"href":"https:\/\/www.diario5.com.ar\/es\/wp-json\/wp\/v2\/users\/3"}],"replies":[{"embeddable":true,"href":"https:\/\/www.diario5.com.ar\/es\/wp-json\/wp\/v2\/comments?post=605510"}],"version-history":[{"count":1,"href":"https:\/\/www.diario5.com.ar\/es\/wp-json\/wp\/v2\/posts\/605510\/revisions"}],"predecessor-version":[{"id":605512,"href":"https:\/\/www.diario5.com.ar\/es\/wp-json\/wp\/v2\/posts\/605510\/revisions\/605512"}],"wp:featuredmedia":[{"embeddable":true,"href":"https:\/\/www.diario5.com.ar\/es\/wp-json\/wp\/v2\/media\/605511"}],"wp:attachment":[{"href":"https:\/\/www.diario5.com.ar\/es\/wp-json\/wp\/v2\/media?parent=605510"}],"wp:term":[{"taxonomy":"category","embeddable":true,"href":"https:\/\/www.diario5.com.ar\/es\/wp-json\/wp\/v2\/categories?post=605510"},{"taxonomy":"post_tag","embeddable":true,"href":"https:\/\/www.diario5.com.ar\/es\/wp-json\/wp\/v2\/tags?post=605510"},{"taxonomy":"series","embeddable":true,"href":"https:\/\/www.diario5.com.ar\/es\/wp-json\/wp\/v2\/series?post=605510"}],"curies":[{"name":"wp","href":"https:\/\/api.w.org\/{rel}","templated":true}]}}