{"id":605466,"date":"2018-06-30T23:03:12","date_gmt":"2018-07-01T02:03:12","guid":{"rendered":"http:\/\/diario5.com.ar\/?p=605466"},"modified":"2018-07-01T00:16:51","modified_gmt":"2018-07-01T03:16:51","slug":"actualizacion-de-los-nuevos-talleres-en-el-museo-sivori","status":"publish","type":"post","link":"https:\/\/www.diario5.com.ar\/es\/actualizacion-de-los-nuevos-talleres-en-el-museo-sivori\/","title":{"rendered":"Actualizaci\u00f3n de los nuevos talleres en el Museo S\u00edvori"},"content":{"rendered":"<h2 class=\"sub-title-primary\"><\/h2> <figure id=\"attachment_605493\" aria-describedby=\"caption-attachment-605493\" style=\"width: 594px\" class=\"wp-caption alignright\"><img decoding=\"async\" loading=\"lazy\" class=\"size-full wp-image-605493\" src=\"http:\/\/diario5.com.ar\/wp-content\/uploads\/2018\/07\/museo-sivori2.jpg\" alt=\"Museo S\u00edvori\" width=\"594\" height=\"392\" srcset=\"https:\/\/www.diario5.com.ar\/wp-content\/uploads\/2018\/07\/museo-sivori2.jpg 594w, https:\/\/www.diario5.com.ar\/wp-content\/uploads\/2018\/07\/museo-sivori2-300x198.jpg 300w, https:\/\/www.diario5.com.ar\/wp-content\/uploads\/2018\/07\/museo-sivori2-400x264.jpg 400w, https:\/\/www.diario5.com.ar\/wp-content\/uploads\/2018\/07\/museo-sivori2-260x172.jpg 260w, https:\/\/www.diario5.com.ar\/wp-content\/uploads\/2018\/07\/museo-sivori2-160x106.jpg 160w\" sizes=\"(max-width: 594px) 100vw, 594px\" \/><figcaption id=\"caption-attachment-605493\" class=\"wp-caption-text\">Museo S\u00edvori<\/figcaption><\/figure>\n<p>Ya hab\u00edamos anunciado lo referido a los nuevos talleres que se inician en julio en el Museo Eduardo S\u00edvori . El Ministerio de Cultura de la Ciudad de Buenos Aires inform\u00f3 la actualizaci\u00f3n del organigrama de esos cursos en Av. Infanta 555,\u00a0 Rosedal de Palermo. La inscripci\u00f3n a nuevos cursos y talleres del museo ya est\u00e1 abierta. La Asociaci\u00f3n Amigos del Museo S\u00edvori se encarga de organizarlos, recordando que la inscripci\u00f3n y solicitud de informaci\u00f3n se realiza con el env\u00edo de un correo electr\u00f3nico a cursos@amigosmuseosivori.com.ar<\/p>\n<p>Para completar la grilla, tomar en cuenta el inicio del curso sobre Escenas del arte argentino: Un recorrido por el arte moderno y contempor\u00e1neo, ror Lic. Maran\u00ed Gonz\u00e1lez del Solar, que se dicta los jueves de 15.30 a 17.00\u00a0 y es bimensual. Arranca el\u00a05 de julio. Es arancelado y se ofrece un 10% descuento a ex alumnos del Museo y a docentes y estudiantes de arte.<\/p>\n<p>El Taller de Dibujo Experimental, ror \u201cCotelito\u201d, va los jueves de 18.00 a 20. y es semestral. Tambi\u00e9n dar\u00e1 comienzo el\u00a05 de julio. Estar\u00e1 orientado a todo p\u00fablico, desde los 15 a\u00f1os de edad. No se requiere\u00a0experiencia previa.<\/p>\n<p>Objeto y altar. Concepto de dise\u00f1o en el arte. Este taller es dictado por\u00a0M\u00f3nica Van Asperen. Es semestral y se ofrece los viernes de 16.00 a 18.00 y se inicia el pr\u00f3ximo viernes\u00a0\u00a06 de julio. Tambi\u00e9n es pago y los aranceles tienen un 10% descuento a ex alumnos del Museo y a docentes y estudiantes de arte. Se fij\u00f3 la sede de la Fundaci\u00f3n Beethoven, Av. Santa Fe 1452, para su desarrollo.<\/p>\n<p>Los otros talleres<\/p>\n<p>Taller de Acuarela &#8211;\u00a0Por Laura Gerlero &#8211; Lunes de 14 a 16.30 (bimensual) &#8211;\u00a0Inicia el 2 de julio &#8211;\u00a0Arancelado, con 10% descuento a socios de la Asociaci\u00f3n Amigos Museo S\u00edvori y de la Fundaci\u00f3n Beethoven.<\/p>\n<p>Taller de T\u00e9cnica y Creatividad en dibujo, pintura y t\u00e9cnicas mixtas (modelo vivo optativo) &#8211;\u00a0Por Irina Fallik &#8211;\u00a0Martes de 14.30 a 16.30 &#8211; Inicia el\u00a010 de julio &#8211;\u00a0Arancelado, con 10% descuento a socios de la Asociaci\u00f3n Amigos Museo S\u00edvori y de la Fundaci\u00f3n Beethoven.<\/p>\n<p>Hay cirsos que ya se iniciaron pero a\u00fan es posible incorporar a nuevos participantes.\u00a0Abierta la inscripci\u00f3n concurriendo minutos antes el d\u00eda de la cursada.\u00a0Se cursan en Av. Infanta Isabel 555<\/p>\n<p>Las cosas que nunca har\u00eda.\u00a0An\u00e1lisis de obra y seguimiento de procesos de pensamiento, por Nicol\u00e1s Ponton y Pablo Cavallo. Se ofrece los mi\u00e9rcoles de 17.30 a 20.00 Es semestral y ya se inici\u00f3. Del arancel se puede obtener un descuento del 25% a estudiantes de arte en el UNA. Est\u00e1 dirigido a artistas visuales, estudiantes de arte y personas interesadas en las pr\u00e1cticas art\u00edsticas y los procesos creativos que las componen.<\/p>\n<p>Pensadores del ser. Lecturas y conversaciones de filosof\u00eda &#8211;\u00a0Por Hector Dest\u00e9fanis &#8211;\u00a0Martes de 10.00 a 12.00. Es Gratuito y dura un a\u00f1o. Se trata de un recorrido por la historia del pensamiento a trav\u00e9s de los textos de los grandes fil\u00f3sofos.<\/p>\n<p>Reuniones de lectura.\u00a0Textos de arte &#8211;\u00a0Por Alejandro Chekherdemian. Este taller anual y gratuito se ofrece los mi\u00e9rcoles de 10.00 a 12.00. Se trata de un espacio de debate y reflexi\u00f3n a partir de la lectura de textos escritos y\/u orales de artistas pl\u00e1sticos modernos y contempor\u00e1neos. Este a\u00f1o se trabaja \u201cUn pintor ante el espejo\u201d de Emilio Pettoruti.<\/p>\n<p>Taller Social de Arte Experimental, por el\u00a0Colectivo Viva Estampa, se ofrece los jueves, de 10.00 a 13.00 Tambi\u00e9n es anual y gratuito. Es presentado cono un espacio para experimentar y descubrir a trav\u00e9s del arte.<\/p>\n<p>Otro del Colectivo Viva Estampa: Taller de Bordado Experimental. Es los martes, de 14.00 a 17.00. Anual, gratuito y con el objetivo de ser un proyecto art\u00edstico colectivo de intervenci\u00f3n sobre la memoria de los objetos.<\/p>\n<p>Muy inclusivos:<\/p>\n<p>Pl\u00e1stica para no videntes y personas con visi\u00f3n reducida,\u00a0 por. Edith Carvaglio y Ren\u00e9 Cruz. Es los viernes de 13.00 a 15.00, con organigrama anual.\u00a0Gratis un espacio inclusivo en el que se desarrolla un proyecto personal de t\u00e9cnica libre.<\/p>\n<p>Taller de literatura para no videntes y personas con visi\u00f3n reducida, por Cecilia Giorgio, con Coordinaci\u00f3n de Edith Caravaglio. Se realiza los viernes de 10.00 a 12.00. Su estructira de cursada es anual. Tambi\u00e9n gratis. Con este taller, los participantes generan sus propias producciones literarias\u00a0 desde el abordaje de textos narrativos y l\u00edricos.<\/p>\n<p>&nbsp;<\/p>\n<hr \/>\n<p style=\"text-align: right;\">\u00a0museosivori.buenosaires.gob.ar<\/p>","protected":false},"excerpt":{"rendered":"<p>Ya hab\u00edamos anunciado lo referido a los nuevos talleres que se inician en julio en el Museo Eduardo S\u00edvori . El Ministerio de Cultura de la Ciudad de Buenos Aires inform\u00f3 la actualizaci\u00f3n del organigrama de esos cursos en Av. Infanta 555,\u00a0 Rosedal de Palermo. La inscripci\u00f3n a nuevos cursos y talleres del museo ya [&hellip;]<\/p>","protected":false},"author":1,"featured_media":605493,"comment_status":"open","ping_status":"closed","sticky":false,"template":"","format":"standard","meta":[],"categories":[1],"tags":[],"series":[],"_links":{"self":[{"href":"https:\/\/www.diario5.com.ar\/es\/wp-json\/wp\/v2\/posts\/605466"}],"collection":[{"href":"https:\/\/www.diario5.com.ar\/es\/wp-json\/wp\/v2\/posts"}],"about":[{"href":"https:\/\/www.diario5.com.ar\/es\/wp-json\/wp\/v2\/types\/post"}],"author":[{"embeddable":true,"href":"https:\/\/www.diario5.com.ar\/es\/wp-json\/wp\/v2\/users\/1"}],"replies":[{"embeddable":true,"href":"https:\/\/www.diario5.com.ar\/es\/wp-json\/wp\/v2\/comments?post=605466"}],"version-history":[{"count":2,"href":"https:\/\/www.diario5.com.ar\/es\/wp-json\/wp\/v2\/posts\/605466\/revisions"}],"predecessor-version":[{"id":605494,"href":"https:\/\/www.diario5.com.ar\/es\/wp-json\/wp\/v2\/posts\/605466\/revisions\/605494"}],"wp:featuredmedia":[{"embeddable":true,"href":"https:\/\/www.diario5.com.ar\/es\/wp-json\/wp\/v2\/media\/605493"}],"wp:attachment":[{"href":"https:\/\/www.diario5.com.ar\/es\/wp-json\/wp\/v2\/media?parent=605466"}],"wp:term":[{"taxonomy":"category","embeddable":true,"href":"https:\/\/www.diario5.com.ar\/es\/wp-json\/wp\/v2\/categories?post=605466"},{"taxonomy":"post_tag","embeddable":true,"href":"https:\/\/www.diario5.com.ar\/es\/wp-json\/wp\/v2\/tags?post=605466"},{"taxonomy":"series","embeddable":true,"href":"https:\/\/www.diario5.com.ar\/es\/wp-json\/wp\/v2\/series?post=605466"}],"curies":[{"name":"wp","href":"https:\/\/api.w.org\/{rel}","templated":true}]}}