{"id":605175,"date":"2018-06-02T07:36:01","date_gmt":"2018-06-02T10:36:01","guid":{"rendered":"http:\/\/diario5.com.ar\/?p=605175"},"modified":"2021-05-29T17:06:51","modified_gmt":"2021-05-29T20:06:51","slug":"destacados-de-la-musica-en-el-arranque-del-mes","status":"publish","type":"post","link":"https:\/\/www.diario5.com.ar\/es\/destacados-de-la-musica-en-el-arranque-del-mes\/","title":{"rendered":"Destacados de la m\u00fasica en el arranque del mes"},"content":{"rendered":"<h2 class=\"sub-title-primary\"><\/h2> <figure style=\"width: 621px\" class=\"wp-caption alignright\"><img decoding=\"async\" loading=\"lazy\" class=\"\" src=\"http:\/\/diario5.com.ar\/img\/aida.jpg\" width=\"621\" height=\"414\" \/><figcaption class=\"wp-caption-text\">A\u00edda de Verdi, en el Teatro Col\u00f3n<\/figcaption><\/figure>\n<p>El fr\u00edo le cambia la cara a las actividades culturales en Buenos Aires. Luego de haber pasado un par de fines de semana con temperaturas \u00abalgo\u00bb m\u00e1s bajas a las que est\u00e1bamos acostumbrados (incluso ya entrado el oto\u00f1o profundo) y con lluvias molestas como andar pensando en salidas al aire libre, esta vez, con un clima fresco, m\u00e1s acorde con la fecha, ya hay porte\u00f1os y visitantes dispuestos a disfrutar un fin de semana que prev\u00e9 buen tiempo.<\/p>\n<p>M\u00fasica, teatro, danza, muestras, gastronom\u00eda y mucho m\u00e1s. Varias de las actividades son gratuitas.<\/p>\n<p>La \u00f3pera \u00abA\u00edda\u00bb en el Col\u00f3n\u00a0tendr\u00e1 ma\u00f1ana su pen\u00faltina funci\u00f3n. Como\u00a0cumple 110 a\u00f1os su edificio, la fiesta es encabezada con la puesta en escena de la obra que, quiz\u00e1s se trate de la \u00f3pera m\u00e1s significativa de la historia del g\u00e9nero. Para A\u00edda, de Giuseppe Verdi queda la posibilidad de verla ma\u00f1ana, domingo 3 de junio a las 17.oo y el martes 5 a las 20.30.<\/p>\n<p>En la Usina del Arte (Agust\u00edn Caffarena 1, La Boca) habr\u00e1 espect\u00e1culos gratuitos de m\u00fasica y humor, con canto, baile y entretenimientos.<\/p>\n<p>Ma\u00f1ana, domingo de 11 a 18 se realizar\u00e1 la jornada Bienestar, disfrutando el presente, para compartir en familia y con amigos. Yoga, meditaci\u00f3n, mantras, m\u00fasica y actividades en el marco de una feria de alimentos saludables.<\/p>\n<p>Y a las 19 Diego Schissi Quinteto presenta Tanguera, disco dedicado a Mariano Mores junto a las cantantes invitadas Lidia Borda, Nadia Larcher, Viviana Scarlassa y Micaela Vita. Conoc\u00e9 toda la programaci\u00f3n.<\/p>\n<p>Cine en la Lugones y El Cultural San Mart\u00edn<br \/>\nEl Complejo Teatral de Buenos Aires ofrece en la Sala Leopoldo Lugones del Teatro San Mart\u00edn (Av. Corrientes 1530), dos estrenos: Las cin\u00e9philas, \u00f3pera prima de la realizadora argentina Mar\u00eda \u00c1lvarez y La vendedora de f\u00f3sforos, el nuevo largometraje del realizador argentino Alejo Moguillansky. El precio de las localidades es de $40, estudiantes y jubilados $20.<\/p>\n<p>Por otra parte el ciclo de directores de cine del Cultural San Mart\u00edn (Sarmiento 1551) le dedica su cartelera a Martin Scorsese y a Jim Sheridan. Entrada general: $70; estudiantes y jubilados $50.<\/p>\n<p>Buenos Aires Celebra Rusia<br \/>\nMa\u00f1ana, domingo 3 de junio de 12 a 18 en Av. de Mayo y Bol\u00edvar.\u00a0Aparte de los de 30 stands de la m\u00e1s tradicional comida rusa, un concierto especial con la cantante folk Tatiana Petrova y el sexteto de Balalaikas Osipov.<\/p>\n<p>Dos conciertos gratuitos en el Col\u00f3n<br \/>\nHoy, s\u00e1bado 2 a las 17 Sal\u00f3n Dorado del Teatro Col\u00f3n (Libertad 621) se realizar\u00e1 un homenaje al compositor Juan Jos\u00e9 Castro a 50 a\u00f1os de su fallecimiento, con entrada gratuita, a cargo de la mezzosoprano Eugenia Fuente y los pianistas Tom\u00e1s Ballicora y Claudio Espector.<\/p>\n<p>En tanto que el domingo 3 a las 11 el Grupo Vocal de Difusi\u00f3n se presenta en el ciclo de Int\u00e9rpretes Argentinos, tambi\u00e9n con entrada gratuita en la sala principal.<\/p>\n<p>Danza: funciones gratuitas<br \/>\nEl Taller de Danza Contempor\u00e1nea del Teatro San Mart\u00edn ofrecer\u00e1\u00a0hoy y ma\u00f1ana a las 16.00 dos funciones en el Espacio de los Ventanales, en el hall del primer piso del Teatro de la Ribera, de Av. Pedro de Mendoza 1821. Entrada libre y gratuita<\/p>","protected":false},"excerpt":{"rendered":"<p>El fr\u00edo le cambia la cara a las actividades culturales en Buenos Aires. Luego de haber pasado un par de fines de semana con temperaturas \u00abalgo\u00bb m\u00e1s bajas a las que est\u00e1bamos acostumbrados (incluso ya entrado el oto\u00f1o profundo) y con lluvias molestas como andar pensando en salidas al aire libre, esta vez, con un [&hellip;]<\/p>","protected":false},"author":1,"featured_media":628500,"comment_status":"open","ping_status":"closed","sticky":false,"template":"","format":"standard","meta":[],"categories":[5,16],"tags":[],"series":[],"_links":{"self":[{"href":"https:\/\/www.diario5.com.ar\/es\/wp-json\/wp\/v2\/posts\/605175"}],"collection":[{"href":"https:\/\/www.diario5.com.ar\/es\/wp-json\/wp\/v2\/posts"}],"about":[{"href":"https:\/\/www.diario5.com.ar\/es\/wp-json\/wp\/v2\/types\/post"}],"author":[{"embeddable":true,"href":"https:\/\/www.diario5.com.ar\/es\/wp-json\/wp\/v2\/users\/1"}],"replies":[{"embeddable":true,"href":"https:\/\/www.diario5.com.ar\/es\/wp-json\/wp\/v2\/comments?post=605175"}],"version-history":[{"count":3,"href":"https:\/\/www.diario5.com.ar\/es\/wp-json\/wp\/v2\/posts\/605175\/revisions"}],"predecessor-version":[{"id":605178,"href":"https:\/\/www.diario5.com.ar\/es\/wp-json\/wp\/v2\/posts\/605175\/revisions\/605178"}],"wp:featuredmedia":[{"embeddable":true,"href":"https:\/\/www.diario5.com.ar\/es\/wp-json\/wp\/v2\/media\/628500"}],"wp:attachment":[{"href":"https:\/\/www.diario5.com.ar\/es\/wp-json\/wp\/v2\/media?parent=605175"}],"wp:term":[{"taxonomy":"category","embeddable":true,"href":"https:\/\/www.diario5.com.ar\/es\/wp-json\/wp\/v2\/categories?post=605175"},{"taxonomy":"post_tag","embeddable":true,"href":"https:\/\/www.diario5.com.ar\/es\/wp-json\/wp\/v2\/tags?post=605175"},{"taxonomy":"series","embeddable":true,"href":"https:\/\/www.diario5.com.ar\/es\/wp-json\/wp\/v2\/series?post=605175"}],"curies":[{"name":"wp","href":"https:\/\/api.w.org\/{rel}","templated":true}]}}