{"id":604941,"date":"2018-05-17T12:26:39","date_gmt":"2018-05-17T15:26:39","guid":{"rendered":"http:\/\/diario5.com.ar\/?p=604941"},"modified":"2018-05-17T18:39:39","modified_gmt":"2018-05-17T21:39:39","slug":"inauguracion-de-estacion-en-linea-h","status":"publish","type":"post","link":"https:\/\/www.diario5.com.ar\/es\/inauguracion-de-estacion-en-linea-h\/","title":{"rendered":"Inauguraci\u00f3n: La Facultad de Derecho tiene Subte"},"content":{"rendered":"<h2 class=\"sub-title-primary\"><\/h2> <figure style=\"width: 615px\" class=\"wp-caption alignright\"><img decoding=\"async\" loading=\"lazy\" class=\"\" src=\"http:\/\/diario5.com.ar\/img\/inauguracion_lanteri.jpg\" width=\"615\" height=\"345\" \/><figcaption class=\"wp-caption-text\">Mauricio Macri y Horacio Rodr\u00edguez Larreta en al inauguraci\u00f3n de la estaci\u00f3n Julieta Lanteri<\/figcaption><\/figure>\n<p>El presidente particip\u00f3 esta ma\u00f1ana de la inauguraci\u00f3n de la estaci\u00f3n Julieta Lanteri, en la Facultad de Derecho, que completa la L\u00ednea H del Subte.\u00a0Mauricio Macri, en un discurso de caracter\u00edsticas pol\u00edticas, marc\u00f3 diferencias con los gobiernos anteriores, remarcando que las obras empiezan y terminan, \u201cno como en el pasado, que amagaban y se demoraban en el tiempo\u00bb.<\/p>\n<p>Macri viaja a C\u00f3rdoba a reunirse con representantes de la Mesa Productiva Automotriz, integrada por empresas del sector y su red de proveedores.\u00a0A su regreso encabezar\u00e1 en la Casa Rosada una reuni\u00f3n de seguimiento de gesti\u00f3n del Ministerio de Finanzas en una jornada tranquila para los mercados.<\/p>\n<p>El Vaticano difundi\u00f3 hoy un documento que analiza los problemas econ\u00f3micos globales, con cr\u00edticas a las finanzas offshore y el excesivo endeudamiento p\u00fablico.<br \/>\nEl dossier expresa que esta pr\u00e1cticas financieras afectan el desarrollo y crecimiento de los pa\u00edses y, a su vez, coincide con la inestabilidad cambiaria en la Argentina, que acude al Fondo Monetario Internacional, para tomar deuda.<\/p>\n<p>Hoy, en Buenos Aires, seguir\u00e1n las manifestaciones que comenzaron ayer con cortes en varias calles.<br \/>\nComienzan a normalizarse los vuelos en Aeroparque. Es porque finaliz\u00f3 la asamblea de los aeronavegantes que afectaron, por lo menos, a 14 servicios a\u00e9reos.<br \/>\nAPLA apunta a \u201cdefender las fuentes y condiciones laborales\u00bb por entender que en LATAM hay una pol\u00edtica de \u00abachicamiento\u00bb.<\/p>\n<p>El canciller palestino denunciar\u00e1 a Israel ante la Corte Penal de La Haya por la muerte de m\u00e1s de 100 manifestantes palestinos en la Franja de Gaza durante las protestas por la \u00abMarcha del Retorno\u00bb.<br \/>\nRiad al Maliki viajar\u00e1 a la pr\u00f3xima semana y har\u00e1 su presentaci\u00f3n ante la Fiscal\u00eda de la Corte Penal Internacional (CPI). La denuncia se extender\u00e1 a los Estados Unidos por el traslado de su Embajada a Jerusal\u00e9n.<\/p>","protected":false},"excerpt":{"rendered":"<p>El presidente particip\u00f3 esta ma\u00f1ana de la inauguraci\u00f3n de la estaci\u00f3n Julieta Lanteri, en la Facultad de Derecho, que completa la L\u00ednea H del Subte.\u00a0Mauricio Macri, en un discurso de caracter\u00edsticas pol\u00edticas, marc\u00f3 diferencias con los gobiernos anteriores, remarcando que las obras empiezan y terminan, \u201cno como en el pasado, que amagaban y se demoraban [&hellip;]<\/p>","protected":false},"author":1,"featured_media":0,"comment_status":"open","ping_status":"closed","sticky":false,"template":"","format":"standard","meta":[],"categories":[1],"tags":[],"series":[],"_links":{"self":[{"href":"https:\/\/www.diario5.com.ar\/es\/wp-json\/wp\/v2\/posts\/604941"}],"collection":[{"href":"https:\/\/www.diario5.com.ar\/es\/wp-json\/wp\/v2\/posts"}],"about":[{"href":"https:\/\/www.diario5.com.ar\/es\/wp-json\/wp\/v2\/types\/post"}],"author":[{"embeddable":true,"href":"https:\/\/www.diario5.com.ar\/es\/wp-json\/wp\/v2\/users\/1"}],"replies":[{"embeddable":true,"href":"https:\/\/www.diario5.com.ar\/es\/wp-json\/wp\/v2\/comments?post=604941"}],"version-history":[{"count":8,"href":"https:\/\/www.diario5.com.ar\/es\/wp-json\/wp\/v2\/posts\/604941\/revisions"}],"predecessor-version":[{"id":604949,"href":"https:\/\/www.diario5.com.ar\/es\/wp-json\/wp\/v2\/posts\/604941\/revisions\/604949"}],"wp:attachment":[{"href":"https:\/\/www.diario5.com.ar\/es\/wp-json\/wp\/v2\/media?parent=604941"}],"wp:term":[{"taxonomy":"category","embeddable":true,"href":"https:\/\/www.diario5.com.ar\/es\/wp-json\/wp\/v2\/categories?post=604941"},{"taxonomy":"post_tag","embeddable":true,"href":"https:\/\/www.diario5.com.ar\/es\/wp-json\/wp\/v2\/tags?post=604941"},{"taxonomy":"series","embeddable":true,"href":"https:\/\/www.diario5.com.ar\/es\/wp-json\/wp\/v2\/series?post=604941"}],"curies":[{"name":"wp","href":"https:\/\/api.w.org\/{rel}","templated":true}]}}