{"id":604897,"date":"2018-05-12T15:15:39","date_gmt":"2018-05-12T18:15:39","guid":{"rendered":"http:\/\/diario5.com.ar\/?p=604897"},"modified":"2018-05-13T15:42:59","modified_gmt":"2018-05-13T18:42:59","slug":"ccgsm-danza-con-entrada-gratuita-y-estrenos-importantes","status":"publish","type":"post","link":"https:\/\/www.diario5.com.ar\/es\/ccgsm-danza-con-entrada-gratuita-y-estrenos-importantes\/","title":{"rendered":"CCGSM: Danza con entrada gratuita y estrenos importantes"},"content":{"rendered":"<h2 class=\"sub-title-primary\"><\/h2> <figure style=\"width: 644px\" class=\"wp-caption alignright\"><img decoding=\"async\" loading=\"lazy\" class=\"\" src=\"http:\/\/diario5.com.ar\/img\/ccgsm.jpg\" width=\"644\" height=\"428\" \/><figcaption class=\"wp-caption-text\">Hall del Centro Cultural General San Mart\u00edn<\/figcaption><\/figure>\n<p><strong>Gratis, en la Sala Alberdi.<\/strong><\/p>\n<p>El mi\u00e9rcoles 16 de mayo a las 21 se estrena Como animales que somos, de Josefina Gorostiza,\u00a0obra realizada especialmente para la Compa\u00f1\u00eda de Danza de la UNA, en el marco de la Segunda Edici\u00f3n del Premio Graduados a la Creaci\u00f3n 2018 otorgado por el Departamento de Artes del Movimiento a la core\u00f3grafa Josefina Gorostiza, graduada de la Licenciatura en Composici\u00f3n Coreogr\u00e1fica del DAM. Dura 40 minutos.\u00a0El elenco es la Compa\u00f1\u00eda de Danza de la UNA y las funciones ser\u00e1n los mi\u00e9rcoles y jueves a las 21.00.<\/p>\n<p><strong>Todos los estrenos<\/strong><\/p>\n<p>Se estrena en la Sala Alberdi del CCGSM, El Hijo Eterno, de Crist\u00f3v\u00e3o Tezza. Es un unipersonal con Michel Noher. Se trata de la relaci\u00f3n entre un padre primerizo y el nacimiento de su hijo. Muestra la disyuntiva de un hombre que necesita luchar con las decepciones y el p\u00e1nico que un hijo puede traer, haciendo foco en el desaf\u00edo de nuestras propias limitaciones personales. La llegada de lo inesperado pondr\u00e1 en jaque el universo de este padre que debe adaptarse a la nueva vida que su hijo le depara.<br \/>\nSe eetren\u00f3 ayer. Tendr\u00e1f unciones los viernes y s\u00e1bados a las 20.00 y dura una hora.\u00a0La entrada cuesta $200. Los jubilados y estudiantes con acreditaci\u00f3n pagan $160. .<\/p>\n<p>Papa\u00edto Piernas Largas, con direcci\u00f3n de L\u00eda Jel\u00edn, cuenta la historia de Jerusha Abbott, la \u00abhu\u00e9rfana m\u00e1s antigua en el Hogar de John Grier\u00bb. Un d\u00eda, un misterioso benefactor decide enviarla a la universidad para ser educada como escritora. El \u00fanico requisito que \u00e9l pretend\u00eda era que Jerusha le escribiera una carta una vez al mes y nunca se deber\u00eda dar a conocer la identidad del benefactor, as\u00ed que ella inventa un nombre para \u00e9l: Papa\u00edto Piernas largas.<br \/>\nSe estrena hoy, s\u00e1bado 12 de mayo a las 21, en la Sala Mui\u00f1o con las acuaciones de Juan Rod\u00f3 y \u00c1ngeles D\u00edaz Colodrero. La funciones son s\u00e1bados a las 21 y domingos a las 20. Dura 2 horas. La entrada cuesta $200 y los jubilados y estudiantes con acreditaci\u00f3n pagan\u00a0 $160.<\/p>\n<p>Tremenda obra: En la Sala B, El ocaso de un estafador, con direcci\u00f3n de Marcelo Vel\u00e1zquez es una pieza que se ubica en la\u00a0Segunda Guerra Mundial. Precisamente el 9 de abril de 1940: las tropas nazis invaden Noruega para apoderarse del hierro, violando, de este modo, la neutralidad del pa\u00eds escandinavo en el conflicto b\u00e9lico. Es, precisamente, la explotaci\u00f3n de ese mineral la empresa que lleva al banquero Juan Gabriel Borkman a so\u00f1ar con una inversi\u00f3n de r\u00e9ditos desmesurados. A causa de sus especulaciones financieras, Borkman \u2013un verdadero megal\u00f3mano- estafa a todos los que le confiaron su dinero. El estafador y, por supuesto, tambi\u00e9n los estafados, con algo en com\u00fan: la codicia. Y un estafador luego estafado por una fuerza superior, el nazismo.<\/p>\n<p>Act\u00faan\u00a0\u00a0Edgardo Moreira, Silvia P\u00e9rez, M\u00f3nica Salvador, Denise G\u00f3mez Rivero y Alejo De Santis. Se estrena el pr\u00f3ximo martes 15 de mayo a las 20.30. Las funciones son todos los martes a las 20.30. Dura una hora y diez minutos. La entrada cuesta $200 y los jubilados y estudiantes con acreditaci\u00f3n pagan\u00a0 $160. .<\/p>\n<p>El s\u00e1bado 19 de mayo a las 20.00 arranca Jazm\u00edn de Invierno, de Carla Moure.\u00a0Un thriller social. Basada en hechos reales, relata la historia de una ni\u00f1a secuestrada a temprana edad y obligada a convivir junto a sus captores en completa familiaridad. La obra reflexiona sobre c\u00f3mo algunos hechos de la realidad pueden ser posibles y la complejidad del razonamiento humano frente a las desventuras en situaciones extremas.\u00a0Elenco: Silvina Bosco, Roberto Vallejos, Maite Lanata y Roco S\u00e1enz.\u00a0Funciones: s\u00e1bados a las 20 y domingos a las 19.\u00a0Dura 50 minutos.\u00a0La entrada cuesta $160 y los jubilados y estudiantes con acreditaci\u00f3n pagan\u00a0 $130. Sala B.<\/p>\n<p>Eye y yo, de Dennis Smith, con Idea original de Julieta Cayetina es una\u00a0obra que cuenta la historia de Esther Cajg (Eye), sobreviviente a siete campos de exterminio nazi. Est\u00e1 basada en entrevistas realizadas a su nieta, protagonista del espect\u00e1culo, as\u00ed como una entrevista realizada por la compa\u00f1\u00eda de Steven Spielberg a la propia Esther y otras realizadas por su nieta y Virginia Smith a Eugenia Unger, su mejor amiga y tambi\u00e9n sobreviviente al holocausto y a su t\u00edo Jos\u00e9, hermano de Esther.<\/p>\n<p>Elenco: Laura Oliva, Julieta Cayetina y Francisco Prim.\u00a0Funciones: domingos a las 19.\u00a0Duraci\u00f3n: 50 minutos. La entrada cuesta $160 y los jubilados y estudiantes con acreditaci\u00f3n pagan\u00a0 $130.<\/p>","protected":false},"excerpt":{"rendered":"<p>Gratis, en la Sala Alberdi. El mi\u00e9rcoles 16 de mayo a las 21 se estrena Como animales que somos, de Josefina Gorostiza,\u00a0obra realizada especialmente para la Compa\u00f1\u00eda de Danza de la UNA, en el marco de la Segunda Edici\u00f3n del Premio Graduados a la Creaci\u00f3n 2018 otorgado por el Departamento de Artes del Movimiento a [&hellip;]<\/p>","protected":false},"author":1,"featured_media":0,"comment_status":"open","ping_status":"closed","sticky":false,"template":"","format":"standard","meta":[],"categories":[1],"tags":[],"series":[],"_links":{"self":[{"href":"https:\/\/www.diario5.com.ar\/es\/wp-json\/wp\/v2\/posts\/604897"}],"collection":[{"href":"https:\/\/www.diario5.com.ar\/es\/wp-json\/wp\/v2\/posts"}],"about":[{"href":"https:\/\/www.diario5.com.ar\/es\/wp-json\/wp\/v2\/types\/post"}],"author":[{"embeddable":true,"href":"https:\/\/www.diario5.com.ar\/es\/wp-json\/wp\/v2\/users\/1"}],"replies":[{"embeddable":true,"href":"https:\/\/www.diario5.com.ar\/es\/wp-json\/wp\/v2\/comments?post=604897"}],"version-history":[{"count":3,"href":"https:\/\/www.diario5.com.ar\/es\/wp-json\/wp\/v2\/posts\/604897\/revisions"}],"predecessor-version":[{"id":604900,"href":"https:\/\/www.diario5.com.ar\/es\/wp-json\/wp\/v2\/posts\/604897\/revisions\/604900"}],"wp:attachment":[{"href":"https:\/\/www.diario5.com.ar\/es\/wp-json\/wp\/v2\/media?parent=604897"}],"wp:term":[{"taxonomy":"category","embeddable":true,"href":"https:\/\/www.diario5.com.ar\/es\/wp-json\/wp\/v2\/categories?post=604897"},{"taxonomy":"post_tag","embeddable":true,"href":"https:\/\/www.diario5.com.ar\/es\/wp-json\/wp\/v2\/tags?post=604897"},{"taxonomy":"series","embeddable":true,"href":"https:\/\/www.diario5.com.ar\/es\/wp-json\/wp\/v2\/series?post=604897"}],"curies":[{"name":"wp","href":"https:\/\/api.w.org\/{rel}","templated":true}]}}