{"id":604774,"date":"2018-05-09T00:37:36","date_gmt":"2018-05-09T03:37:36","guid":{"rendered":"http:\/\/diario5.com.ar\/?p=604774"},"modified":"2018-05-09T00:40:35","modified_gmt":"2018-05-09T03:40:35","slug":"temas-sobre-abogacia-publica-en-la-legislatura","status":"publish","type":"post","link":"https:\/\/www.diario5.com.ar\/es\/temas-sobre-abogacia-publica-en-la-legislatura\/","title":{"rendered":"Temas sobre Abogac\u00eda P\u00fablica en la Legislatura"},"content":{"rendered":"<h2 class=\"sub-title-primary\"><\/h2> <figure id=\"attachment_604776\" aria-describedby=\"caption-attachment-604776\" style=\"width: 607px\" class=\"wp-caption alignright\"><img decoding=\"async\" loading=\"lazy\" class=\"wp-image-604776\" src=\"http:\/\/diario5.com.ar\/wp-content\/uploads\/2018\/05\/legislatura-procuracion-1024x572.jpg\" alt=\"Edificios de la Legislatura y la Procuraci\u00f3n de la Ciudad de Buenos Aires\" width=\"607\" height=\"339\" srcset=\"https:\/\/www.diario5.com.ar\/wp-content\/uploads\/2018\/05\/legislatura-procuracion-1024x572.jpg 1024w, https:\/\/www.diario5.com.ar\/wp-content\/uploads\/2018\/05\/legislatura-procuracion-300x167.jpg 300w, https:\/\/www.diario5.com.ar\/wp-content\/uploads\/2018\/05\/legislatura-procuracion-768x429.jpg 768w, https:\/\/www.diario5.com.ar\/wp-content\/uploads\/2018\/05\/legislatura-procuracion-400x223.jpg 400w, https:\/\/www.diario5.com.ar\/wp-content\/uploads\/2018\/05\/legislatura-procuracion-260x145.jpg 260w, https:\/\/www.diario5.com.ar\/wp-content\/uploads\/2018\/05\/legislatura-procuracion-160x89.jpg 160w, https:\/\/www.diario5.com.ar\/wp-content\/uploads\/2018\/05\/legislatura-procuracion.jpg 1290w\" sizes=\"(max-width: 607px) 100vw, 607px\" \/><figcaption id=\"caption-attachment-604776\" class=\"wp-caption-text\">Edificios de la Legislatura y la Procuraci\u00f3n de la Ciudad de Buenos Aires<\/figcaption><\/figure>\n<p>Hoy entre las 14.00 y las\u00a017:00, en el\u00a0Sal\u00f3n Dorado de la Legislatura porte\u00f1a, Per\u00fa 160, CABA se realizar\u00e1n las Conferencias sobre novedades en materia de\u00a0Procedimientos Administrativos y tendencias\u00a0actuales del Derecho Administrativo.\u00a0Se trata de una actividad no arancelada por la que se otorgar\u00e1n certificados por la asistencia y en la que\u00a0destacados profesionales disertar\u00e1n sobre temas jur\u00eddicos de actualidad en materia de derecho administrativo\u00a0y del procedimiento administrativo.<\/p>\n<p>Expondr\u00e1n los profesores Juan Carlos CASSAGNE, Daniel Fernando\u00a0SORIA, H\u00e9ctor MAIRAL, Laura MONTI, Pablo PERRINO y Mar\u00eda Gracia AND\u00cdA. Ser\u00e1 una actividad que se enmarca en el\u00a0Acto de presentaci\u00f3n institucional de la Escuela de\u00a0Formaci\u00f3n en Abogac\u00eda P\u00fablica de la Procuraci\u00f3n General de la Ciudad.<\/p>\n<p>El Dr. Gabriel M. ASTARLOA,\u00a0Procurador General de la\u00a0Ciudad, la\u00a0Dra. Mar\u00eda Jos\u00e9 RODR\u00cdGUEZ\u00a0Directora de la Escuela de\u00a0Formaci\u00f3n en Abogac\u00eda P\u00fablica\u00a0(EFAP),\u00a0Dr. Patricio SAMMARTINO,\u00a0Asesor Acad\u00e9mico y el\u00a0Dr. Mart\u00edn S\u00c1NCHEZ,\u00a0Secretario Acad\u00e9mico, abren las puertas\u00a0a estas conferencias, cuyo programa comenzar\u00e1 con la tem\u00e1tica general de las tendencias\u00a0 aludidas, a cargo de Juan Carlos CASSAGNE. Luego expondr\u00e1 Daniel Fernando SORIA sobre el procedimiento de toma de decisi\u00f3n de los \u00f3rganos colegiados.<\/p>\n<p>El tercer tema hace referencia al car\u00e1cter servicial de la administraci\u00f3n p\u00fablica y un corolario importante: el debido.\u00a0cumplimiento de los deberes del funcionario p\u00fablico. Algunos aspectos puntuales. Este item ser\u00e1 tratado por\u00a0H\u00e9ctor MAIRAL. Luego ser\u00e1 el turno de los Aspectos pendientes en materia de procedimientos administrativos: la legitimaci\u00f3n en el\u00a0procedimiento, su ajuste al art\u00edculo 43 de la Constituci\u00f3n Nacional; y el car\u00e1cter positivo del\u00a0silencio, por Laura MONTI.<\/p>\n<p>Pablo PERRINO tendr\u00e1 a su cargo el tema Simplificaci\u00f3n administrativa y reducci\u00f3n de cargas a los administrados. Las reformas al<br \/>\nprocedimiento administrativo nacional, mientras que\u00a0Mar\u00eda\u00a0Gracia AND\u00cdA cerrar\u00e1 el encuentro con\u00a0El derecho a peticionar y el correlativo deber de respuesta en plazo razonable.<\/p>\n<p><a href=\"https:\/\/docs.google.com\/forms\/d\/e\/1FAIpQLSd-uknHgqisrixqXqB2Woix7JaHqCuaeSfuy-qa6xa0_FYZdg\/viewform?usp=sf_link\" target=\"_blank\">Registrarse aqu\u00ed<\/a><\/p>","protected":false},"excerpt":{"rendered":"<p>Hoy entre las 14.00 y las\u00a017:00, en el\u00a0Sal\u00f3n Dorado de la Legislatura porte\u00f1a, Per\u00fa 160, CABA se realizar\u00e1n las Conferencias sobre novedades en materia de\u00a0Procedimientos Administrativos y tendencias\u00a0actuales del Derecho Administrativo.\u00a0Se trata de una actividad no arancelada por la que se otorgar\u00e1n certificados por la asistencia y en la que\u00a0destacados profesionales disertar\u00e1n sobre temas jur\u00eddicos [&hellip;]<\/p>","protected":false},"author":1,"featured_media":604776,"comment_status":"open","ping_status":"closed","sticky":false,"template":"","format":"standard","meta":[],"categories":[1],"tags":[],"series":[],"_links":{"self":[{"href":"https:\/\/www.diario5.com.ar\/es\/wp-json\/wp\/v2\/posts\/604774"}],"collection":[{"href":"https:\/\/www.diario5.com.ar\/es\/wp-json\/wp\/v2\/posts"}],"about":[{"href":"https:\/\/www.diario5.com.ar\/es\/wp-json\/wp\/v2\/types\/post"}],"author":[{"embeddable":true,"href":"https:\/\/www.diario5.com.ar\/es\/wp-json\/wp\/v2\/users\/1"}],"replies":[{"embeddable":true,"href":"https:\/\/www.diario5.com.ar\/es\/wp-json\/wp\/v2\/comments?post=604774"}],"version-history":[{"count":5,"href":"https:\/\/www.diario5.com.ar\/es\/wp-json\/wp\/v2\/posts\/604774\/revisions"}],"predecessor-version":[{"id":604780,"href":"https:\/\/www.diario5.com.ar\/es\/wp-json\/wp\/v2\/posts\/604774\/revisions\/604780"}],"wp:featuredmedia":[{"embeddable":true,"href":"https:\/\/www.diario5.com.ar\/es\/wp-json\/wp\/v2\/media\/604776"}],"wp:attachment":[{"href":"https:\/\/www.diario5.com.ar\/es\/wp-json\/wp\/v2\/media?parent=604774"}],"wp:term":[{"taxonomy":"category","embeddable":true,"href":"https:\/\/www.diario5.com.ar\/es\/wp-json\/wp\/v2\/categories?post=604774"},{"taxonomy":"post_tag","embeddable":true,"href":"https:\/\/www.diario5.com.ar\/es\/wp-json\/wp\/v2\/tags?post=604774"},{"taxonomy":"series","embeddable":true,"href":"https:\/\/www.diario5.com.ar\/es\/wp-json\/wp\/v2\/series?post=604774"}],"curies":[{"name":"wp","href":"https:\/\/api.w.org\/{rel}","templated":true}]}}