{"id":604769,"date":"2018-05-08T07:31:25","date_gmt":"2018-05-08T10:31:25","guid":{"rendered":"http:\/\/diario5.com.ar\/?p=604769"},"modified":"2018-05-08T01:40:50","modified_gmt":"2018-05-08T04:40:50","slug":"proponen-expandir-la-vacunacion-contra-la-influenza","status":"publish","type":"post","link":"https:\/\/www.diario5.com.ar\/es\/proponen-expandir-la-vacunacion-contra-la-influenza\/","title":{"rendered":"Proponen expandir la vacunaci\u00f3n contra la Influenza"},"content":{"rendered":"<h2 class=\"sub-title-primary\"><\/h2> <figure style=\"width: 610px\" class=\"wp-caption alignright\"><img decoding=\"async\" loading=\"lazy\" class=\"\" src=\"http:\/\/diario5.com.ar\/img\/vacuna-gripe.jpg\" width=\"610\" height=\"417\" \/><figcaption class=\"wp-caption-text\">Aplicarse la Vacuna contra la gripe demanda, apenas, segundos.<\/figcaption><\/figure>\n<p>Un informe de la Universidad austral recuerda edades y circunstancias\u00a0que deben impulsar\u00a0a las personas para acudir a la vacuna contra la gripe. Precisamente el t\u00edtulo del trabajo es\u00a0GRIPE -Es clave reforzar la prevenci\u00f3n.<\/p>\n<p>El Dr. Daniel Lew, director de la carrera de especializaci\u00f3n en Medicina Familiar de la Facultad de Ciencias Biom\u00e9dicas de la Universidad Austral y la Dra. Mar\u00eda Celeste Berecoechea, jefa del Servicio de Medicina General Ambulatoria del Hospital Universitario Austral, realizaron una serie de recomendaciones para esta \u00e9poca en la que el virus de la influenza suele estar m\u00e1s activo.<\/p>\n<p>Comienza nuevamente una temporada donde la protagonista es la gripe. El virus de la influenza suele estar muy activo en los meses del oto\u00f1o e invierno, aunque su circulaci\u00f3n sigue siendo importante a lo largo de todo el a\u00f1o.<\/p>\n<p>La gripe suele ser una enfermedad autocontrolada; es decir, que el organismo se encarga de eliminar el virus mediante una pelea a trav\u00e9s del desarrollo de anticuerpos. Y si bien suele ocasionar un cuadro cl\u00ednico que es dif\u00edcil de distinguir de otros virus respiratorios -como los del resfr\u00edo com\u00fan-, se caracteriza por presentar los siguientes s\u00edntomas: fiebre (generalmente alta y persistente a lo largo de los d\u00edas), dolor de cabeza, dolores musculares, decaimiento, tos seca, dolor de garganta y estornudos.<\/p>\n<p>La transmisi\u00f3n del virus se produce por v\u00eda a\u00e9rea a trav\u00e9s de estornudos, tos, contacto con las manos o materiales contaminados con el virus como tel\u00e9fonos, computadoras, utensilios de cocina. Por ese motivo, uno puede contagiarse en cualquier espacio cerrado, dentro o fuera de los hogares, en oficinas, escuela y medios de transporte p\u00fablicos.<\/p>\n<p>Existen muchas medidas para la prevenci\u00f3n de esta enfermedad como el lavado frecuente de manos con agua y jab\u00f3n o con soluciones alcoh\u00f3licas, cubrirse la boca con el codo al toser o al estornudar, ventilar bien los ambientes y mantener las superficies limpias. No obstante, la principal herramienta para la prevenci\u00f3n de formas graves de la gripe es la vacuna antigripal. Todos los a\u00f1os es necesaria su aplicaci\u00f3n ya que el virus puede sufrir modificaciones o mutaciones frecuentes.<\/p>\n<p>\u00bfQui\u00e9nes deben vacunarse? Todos los adultos a partir de los 65 a\u00f1os, los ni\u00f1os entre 6 y 24 meses, las embarazadas en cualquier trimestre del embarazo y las mujeres en los primeros diez d\u00edas del puerperio (si no se vacunaron durante el embarazo) y todos los trabajadores de la salud -por el mayor riesgo de exposici\u00f3n y la posibilidad de transmitir la enfermedad a poblaciones vulnerables-.<\/p>\n<p>La vacuna es especialmente importante para todas las personas entre los 2 y los 64 a\u00f1os con factores de riesgo y\/o que padezcan alguna enfermedad cr\u00f3nica y persistente.<\/p>\n<p>Es necesario se\u00f1alar que la vacunaci\u00f3n no provoca la gripe, ni empeora el cuadro gripal en caso de adquirirlo. Por el contrario, como fue dicho anteriormente, est\u00e1 destinada a prevenir las formas graves de gripe, y\/o atenuar el cuadro en caso de que se presentara.<\/p>\n<p>La pandemia de la gripe en 2009 nos dej\u00f3 varias ense\u00f1anzas, como ser la vulnerabilidad de las mujeres embarazadas (tuvieron cinco veces m\u00e1s riesgo de morir que la poblaci\u00f3n general), de los ni\u00f1os entre 6 meses y dos a\u00f1os y los obesos. Consultar a un m\u00e9dico es necesario en estas \u00e9pocas. No dudes en pedir su consejo y seguir las acciones que te recomienda.<\/p>\n<p>Los autores son el Dr. Daniel Lew, director de la especializaci\u00f3n en Medicina Familiar de la Facultad de Ciencias Biom\u00e9dicas de la Universidad Austral y la Dra. Mar\u00eda Celeste Berecoechea, jefa del Servicio de Medicina General Ambulatoria del Hospital Universitario Austral.<\/p>","protected":false},"excerpt":{"rendered":"<p>Un informe de la Universidad austral recuerda edades y circunstancias\u00a0que deben impulsar\u00a0a las personas para acudir a la vacuna contra la gripe. Precisamente el t\u00edtulo del trabajo es\u00a0GRIPE -Es clave reforzar la prevenci\u00f3n. El Dr. Daniel Lew, director de la carrera de especializaci\u00f3n en Medicina Familiar de la Facultad de Ciencias Biom\u00e9dicas de la Universidad [&hellip;]<\/p>","protected":false},"author":1,"featured_media":0,"comment_status":"open","ping_status":"closed","sticky":false,"template":"","format":"standard","meta":[],"categories":[22],"tags":[],"series":[],"_links":{"self":[{"href":"https:\/\/www.diario5.com.ar\/es\/wp-json\/wp\/v2\/posts\/604769"}],"collection":[{"href":"https:\/\/www.diario5.com.ar\/es\/wp-json\/wp\/v2\/posts"}],"about":[{"href":"https:\/\/www.diario5.com.ar\/es\/wp-json\/wp\/v2\/types\/post"}],"author":[{"embeddable":true,"href":"https:\/\/www.diario5.com.ar\/es\/wp-json\/wp\/v2\/users\/1"}],"replies":[{"embeddable":true,"href":"https:\/\/www.diario5.com.ar\/es\/wp-json\/wp\/v2\/comments?post=604769"}],"version-history":[{"count":2,"href":"https:\/\/www.diario5.com.ar\/es\/wp-json\/wp\/v2\/posts\/604769\/revisions"}],"predecessor-version":[{"id":608409,"href":"https:\/\/www.diario5.com.ar\/es\/wp-json\/wp\/v2\/posts\/604769\/revisions\/608409"}],"wp:attachment":[{"href":"https:\/\/www.diario5.com.ar\/es\/wp-json\/wp\/v2\/media?parent=604769"}],"wp:term":[{"taxonomy":"category","embeddable":true,"href":"https:\/\/www.diario5.com.ar\/es\/wp-json\/wp\/v2\/categories?post=604769"},{"taxonomy":"post_tag","embeddable":true,"href":"https:\/\/www.diario5.com.ar\/es\/wp-json\/wp\/v2\/tags?post=604769"},{"taxonomy":"series","embeddable":true,"href":"https:\/\/www.diario5.com.ar\/es\/wp-json\/wp\/v2\/series?post=604769"}],"curies":[{"name":"wp","href":"https:\/\/api.w.org\/{rel}","templated":true}]}}