{"id":604719,"date":"2018-05-05T07:24:49","date_gmt":"2018-05-05T10:24:49","guid":{"rendered":"http:\/\/diario5.com.ar\/?p=604719"},"modified":"2018-05-07T13:45:20","modified_gmt":"2018-05-07T16:45:20","slug":"604719","status":"publish","type":"post","link":"https:\/\/www.diario5.com.ar\/es\/604719\/","title":{"rendered":"Complejo Estaci\u00f3n Buenos Aires ya es un nuevo barrio porte\u00f1o"},"content":{"rendered":"<h2 class=\"sub-title-primary\"><\/h2> <figure id=\"attachment_604720\" aria-describedby=\"caption-attachment-604720\" style=\"width: 606px\" class=\"wp-caption alignright\"><img decoding=\"async\" loading=\"lazy\" class=\"wp-image-604720\" src=\"http:\/\/diario5.com.ar\/wp-content\/uploads\/2018\/05\/complelo-Est_BA-1024x576.jpg\" alt=\"Complejo Estaci\u00f3n Buenos Aires\" width=\"606\" height=\"341\" srcset=\"https:\/\/www.diario5.com.ar\/wp-content\/uploads\/2018\/05\/complelo-Est_BA-1024x576.jpg 1024w, https:\/\/www.diario5.com.ar\/wp-content\/uploads\/2018\/05\/complelo-Est_BA-300x169.jpg 300w, https:\/\/www.diario5.com.ar\/wp-content\/uploads\/2018\/05\/complelo-Est_BA-768x432.jpg 768w, https:\/\/www.diario5.com.ar\/wp-content\/uploads\/2018\/05\/complelo-Est_BA-1536x864.jpg 1536w, https:\/\/www.diario5.com.ar\/wp-content\/uploads\/2018\/05\/complelo-Est_BA-400x225.jpg 400w, https:\/\/www.diario5.com.ar\/wp-content\/uploads\/2018\/05\/complelo-Est_BA-260x146.jpg 260w, https:\/\/www.diario5.com.ar\/wp-content\/uploads\/2018\/05\/complelo-Est_BA-160x90.jpg 160w, https:\/\/www.diario5.com.ar\/wp-content\/uploads\/2018\/05\/complelo-Est_BA.jpg 1920w\" sizes=\"(max-width: 606px) 100vw, 606px\" \/><figcaption id=\"caption-attachment-604720\" class=\"wp-caption-text\">Complejo Estaci\u00f3n Buenos Aires<\/figcaption><\/figure>\n<p>En un emprendimiento conjunto, los gobiernos nacional y porte\u00f1o est\u00e1n realizando obras para viviendas en 18 hect\u00e1reas entre los barrios de Parque Patricios y Barracas. Se trata del complejo Estaci\u00f3n Buenos Aires .<\/p>\n<p>Son 56 edificios que engloban a 2.476 viviendas. En la zona habr\u00e1 74 locales comerciales, 1.046 cocheras y un jard\u00edn de infantes. El ProCreAr lo considera su mayor proyecto urban\u00edstico y genera cohesi\u00f3n en una zona que en otros tiempos era la nada misma.<\/p>\n<p>Quienes estuvieron haciendo un recorrido por la zona fueron el jefe de Gobierno porte\u00f1o, Horacio Rodr\u00edguez Larreta y el ministro del Interior, Obras P\u00fablicas y Vivienda de la Naci\u00f3n, Rogelio Frigerio. Larreta\u00a0hizo hincapi\u00e9 en los resultados del trabajo en equipo con la Naci\u00f3n y en que esta obra es el sue\u00f1o de la casa propia para m\u00e1s de 2500 familias. \u00abEs un orgullo y un avance enorme para la Ciudad\u201d, agreg\u00f3.<\/p>\n<p>El informe del GCBA indica que Rodr\u00edguez Larreta tambi\u00e9n remarc\u00f3 que \u201ctenemos m\u00e1s de 20.000 personas trabajando en la construcci\u00f3n de obras p\u00fablicas en la Ciudad de Buenos Aires\u201d, de las cuales \u201c1.000\u201d trabajan en este complejo.<\/p>\n<p>&nbsp;<\/p>\n<p>\u201cPensar que antes de fin de a\u00f1o vamos a tener gente viviendo, chicos jugando en las plazas. Un barrio nuevo dentro de la Ciudad, en una zona adem\u00e1s postergada, como la zona sur, que la mejor manera que tenemos de desarrollarla es con esto\u201d, asegur\u00f3.<\/p>\n<p>A su vez, reconoci\u00f3 que \u201chay mucha gente que necesita poder so\u00f1ar con acceder a la casa propia\u201d y que \u201cpor eso el presidente (Mauricio) Macri, desde el primer d\u00eda, puso como objetivo recuperar el cr\u00e9dito hipotecario para que much\u00edsimos argentinos puedan tener su casa\u201d.<\/p>\n<p>A su turno, Frigerio dijo que \u201cesto es una inversi\u00f3n muy importante, unos 5.500 millones de pesos, adem\u00e1s va a haber casi 100 locales comerciales y le estamos dando trabajo a casi 1.000 argentinos que de alguna manera nos ayudan a construir lo que para muchos va a ser \u2018mi casa\u2019 dentro de pocos meses\u201d.<\/p>\n<p>El complejo contar\u00e1 con 2.476 viviendas distribuidas en 56 edificios, adem\u00e1s de 74 locales comerciales, 1.046 cocheras y un jard\u00edn de infantes.<\/p>\n<p>El ministro precis\u00f3 que \u201cpr\u00e1cticamente las viviendas est\u00e1n terminadas, nos falta la parte de infraestructura\u201d y agreg\u00f3: \u201cEstamos construyendo un barrio dentro del barrio de Parque Patricios, que est\u00e1 cambiando much\u00edsimo con esta y tantas obras que se vienen haciendo en los \u00faltimos a\u00f1os\u201d.<\/p>\n<p>Las viviendas van a tener una superficie m\u00ednima de 62 m2 y una m\u00e1xima de 110 m2, contando cada edificio con una terraza verde.<\/p>\n<p>El complejo de viviendas se ubica en los terrenos de la ex Estaci\u00f3n Buenos Aires, que cuenta con 18 hect\u00e1reas de extensi\u00f3n entre los barrios de Parque Patricios y Barracas.<\/p>\n<p>Gracias a la llegada al barrio de la l\u00ednea H de subte hace casi 4 a\u00f1os, la zona se vio revalorizada y la construcci\u00f3n de las viviendas contin\u00faa con dicho plan.<\/p>\n<p>En la recorrida tambi\u00e9n estuvieron presentes el secretario de Vivienda de la Naci\u00f3n, Iv\u00e1n Kerr y el presidente del Instituto de Vivienda de la Ciudad (IVC), Juan Maquieyra.<\/p>\n<p>Las viviendas van a tener una superficie m\u00ednima de 62 m2 y una m\u00e1xima de 110 m2, contando cada edificio con una terraza verde.<\/p>","protected":false},"excerpt":{"rendered":"<p>En un emprendimiento conjunto, los gobiernos nacional y porte\u00f1o est\u00e1n realizando obras para viviendas en 18 hect\u00e1reas entre los barrios de Parque Patricios y Barracas. Se trata del complejo Estaci\u00f3n Buenos Aires . Son 56 edificios que engloban a 2.476 viviendas. En la zona habr\u00e1 74 locales comerciales, 1.046 cocheras y un jard\u00edn de infantes. [&hellip;]<\/p>","protected":false},"author":1,"featured_media":604720,"comment_status":"open","ping_status":"closed","sticky":false,"template":"","format":"standard","meta":[],"categories":[6],"tags":[],"series":[],"_links":{"self":[{"href":"https:\/\/www.diario5.com.ar\/es\/wp-json\/wp\/v2\/posts\/604719"}],"collection":[{"href":"https:\/\/www.diario5.com.ar\/es\/wp-json\/wp\/v2\/posts"}],"about":[{"href":"https:\/\/www.diario5.com.ar\/es\/wp-json\/wp\/v2\/types\/post"}],"author":[{"embeddable":true,"href":"https:\/\/www.diario5.com.ar\/es\/wp-json\/wp\/v2\/users\/1"}],"replies":[{"embeddable":true,"href":"https:\/\/www.diario5.com.ar\/es\/wp-json\/wp\/v2\/comments?post=604719"}],"version-history":[{"count":4,"href":"https:\/\/www.diario5.com.ar\/es\/wp-json\/wp\/v2\/posts\/604719\/revisions"}],"predecessor-version":[{"id":604724,"href":"https:\/\/www.diario5.com.ar\/es\/wp-json\/wp\/v2\/posts\/604719\/revisions\/604724"}],"wp:featuredmedia":[{"embeddable":true,"href":"https:\/\/www.diario5.com.ar\/es\/wp-json\/wp\/v2\/media\/604720"}],"wp:attachment":[{"href":"https:\/\/www.diario5.com.ar\/es\/wp-json\/wp\/v2\/media?parent=604719"}],"wp:term":[{"taxonomy":"category","embeddable":true,"href":"https:\/\/www.diario5.com.ar\/es\/wp-json\/wp\/v2\/categories?post=604719"},{"taxonomy":"post_tag","embeddable":true,"href":"https:\/\/www.diario5.com.ar\/es\/wp-json\/wp\/v2\/tags?post=604719"},{"taxonomy":"series","embeddable":true,"href":"https:\/\/www.diario5.com.ar\/es\/wp-json\/wp\/v2\/series?post=604719"}],"curies":[{"name":"wp","href":"https:\/\/api.w.org\/{rel}","templated":true}]}}