{"id":604705,"date":"2018-05-06T21:52:45","date_gmt":"2018-05-07T00:52:45","guid":{"rendered":"http:\/\/diario5.com.ar\/?p=604705"},"modified":"2018-05-06T22:38:51","modified_gmt":"2018-05-07T01:38:51","slug":"arranca-la-temporada-2018-de-juventus-lyrica","status":"publish","type":"post","link":"https:\/\/www.diario5.com.ar\/es\/arranca-la-temporada-2018-de-juventus-lyrica\/","title":{"rendered":"Arranca la Temporada 2018 de Juventus Lyrica"},"content":{"rendered":"<h2 class=\"sub-title-primary\"><\/h2> <figure style=\"width: 616px\" class=\"wp-caption alignright\"><img decoding=\"async\" loading=\"lazy\" class=\"\" src=\"http:\/\/diario5.com.ar\/img\/juventus-lyrica_01.jpg\" width=\"616\" height=\"297\" \/><figcaption class=\"wp-caption-text\">La opereta de Johann Strauss (h) ser\u00e1 la gran estrella del mayo porte\u00f1o.<\/figcaption><\/figure>\n<p><em>Johann Strauss<\/em> hijo, no s\u00f3lo  deleit\u00f3 a las cortes amantes de los coros que cantaban valses. Tambi\u00e9n se dedic\u00f3 a componer estructuras musicales destinadas a ser interpretadas en el arte del bel canto. Es el caso de la \u00d3pera <em>\u00abEl Murci\u00e9lago\u00bb<\/em>, que fue estrenada en el\u00a0<em>Theater an der Wien,<\/em> en 1874.\u00a0El\u00a0libreto de <em>Carl Haffner y Richard Gen\u00e9e<\/em>, los ubica como genuinos precursores de las posteriores comedias de enredos, claramente descendientes de estas operetas de alta calidad.<\/p>\n<p>Este a\u00f1o, la organizaci\u00f3n <em>Juventus Lyrica<\/em> abrir\u00e1 su temporada de \u00f3pera en el Teatro Avenida con la opereta \u201cEl murci\u00e9lado\u201d, de Johann Strauss,\u00a0 con direcci\u00f3n musical de <em>Hern\u00e1n S\u00e1nchez Arteaga<\/em> y\u00a0regie de <em>Ana D\u2019Anna<\/em>.<\/p>\n<p>Se trata de una pieza de gran exquisitez. Una creaci\u00f3n que viene deleitando en todos los escenarios del mundo desde hace casi un siglo y medio. La programaci\u00f3n de Juventus Lyrica, la incluye en las funciones de\u00a0los d\u00edas 11, 13, 17 y 19 de mayo, en el teatro Avenida.\u00a0La promoci\u00f3n del inicio de la temporada 2018 de la entidad,\u00a0nos recuerda que vale la pena tomar conciencia del universo dentro del cual compon\u00eda Strauss: su m\u00fasica consegu\u00eda evitar ese conocido tironeo entre eruditos y amantes de las expresiones populares, ya que artistas de la talla de <em>Johannes Brahms<\/em>, amigo personal del creador de los valses m\u00e1s famosos de la historia, le presentaban su admiraci\u00f3n por las innumerables virtudes del\u00a0m\u00fasico\u00a0vien\u00e9s. <em>Jacques Offenbach, Franz Lehar<\/em> y hasta el mism\u00edsimo <em>Richard Wagner<\/em> han dejado registro de que los bellos valses y otras\u00a0partituras de Johann \u00abhijo\u00bb, llegaron a sus corazones. Algo parecido le sucedi\u00f3, muchos a\u00f1os m\u00e1s tarde, a <em>Richard Strauss<\/em>: El\u00a0creador del poema sinf\u00f3nico <em>As\u00ed habl\u00f3 Zarathustra<\/em> consideraba un genio a su hom\u00f3nimo del S XIX.<\/p>\n<p>Los tenores Justo Pastor Rodr\u00edguez y Mirko Tomas Basilio ser\u00e1n los encargados de encarnar, alternadamente, al \u00abconfundido vivillo\u00bb <em>Eisenstein<\/em>, mientras que el rol de su esposa\u00a0<em>Rosalinda<\/em> (orig. &#8216;Rosalinde&#8217;) lo har\u00e1n las sopranos Monserrat Maldonado e Ivana Ledesma.\u00a0El papel de la criada <em>Adele<\/em> lo har\u00e1n, por turnos,\u00a0\u00a0Laura Penchi y Constanza D\u00edaz Fal\u00fa, ambas sopranos.\u00a0Pablo Urban y Santiago Mart\u00ednez, tenores, se intercalar\u00e1n en la interpretaci\u00f3n del maestro de canto, <em>Alfred<\/em> (o Alfredo), quien debe enfrentar m\u00faltiples situaciones dentro de la casa de los Eisenstein, una m\u00e1s divertida que la anterior.<\/p>\n<p>El elenco se completa con los personajes de <em>Falke<\/em>, por Ernesto Bauer y Gabriel Vacas; el desopilante penitenciario <em>Frank<\/em>, a cargo -uno cada vez- de Gabriel Carasso y Mirko Tomas; el abogado, <em>Dr. Blind<\/em>, en las pieles de Gabriel Carasso y Patricio Oliveira y el siempre singular y controvertido personaje del Pr\u00edncipe\u00a0<em>Orlofsky<\/em>, por Griselda Adano y Roc\u00edo Arbizu.<\/p>\n<p><span style=\"font-size: small;\">Flavia Salvatierra nos recuerda que desde 1999 la Asociaci\u00f3n\u00a0de \u00f3pera Juventus Lyrica promueve oportunidades de formaci\u00f3n y desempe\u00f1o profesional\u00a0para los artistas j\u00f3venes y ofrece un espacio alternativo y de excelencia para\u00a0que la \u00f3pera pueda ser disfrutada por todos. Su trabajo ininterrumpido (93 producciones\u00a0de \u00f3pera, m\u00e1s de 2200 artistas en el escenario, m\u00e1s de 4500 alumnos de 70 escuelas\u00a0p\u00fablicas y privadas participaron del Programa de Formaci\u00f3n de Audiencia en los\u00a0ensayos generales y m\u00e1s de 335.000 espectadores) ha estimulado el florecimiento\u00a0de la \u00f3pera en la Ciudad de Buenos Aires y originado lo que hoy se conoce como\u00a0\u2018circuito off Col\u00f3n\u2019 o \u2018de \u00f3pera independiente\u2019. <\/span><\/p>\n<p>Las funciones ser\u00e1n el viernes 11, jueves 17 y s\u00e1bado 19 de mayo a las 20.00 y el domingo 13 de mayo\u00a0a las 17.30, en el Teatro\u00a0Avenida, Av. de Mayo 1222. <a href=\"https:\/\/www.plateanet.com\/Obras\/el-murcielago\" target=\"_blank\">Venta de Localidades<\/a><\/p>","protected":false},"excerpt":{"rendered":"<p>Johann Strauss hijo, no s\u00f3lo deleit\u00f3 a las cortes amantes de los coros que cantaban valses. Tambi\u00e9n se dedic\u00f3 a componer estructuras musicales destinadas a ser interpretadas en el arte del bel canto. Es el caso de la \u00d3pera \u00abEl Murci\u00e9lago\u00bb, que fue estrenada en el\u00a0Theater an der Wien, en 1874.\u00a0El\u00a0libreto de Carl Haffner y [&hellip;]<\/p>","protected":false},"author":1,"featured_media":0,"comment_status":"open","ping_status":"closed","sticky":false,"template":"","format":"standard","meta":[],"categories":[1],"tags":[],"series":[],"_links":{"self":[{"href":"https:\/\/www.diario5.com.ar\/es\/wp-json\/wp\/v2\/posts\/604705"}],"collection":[{"href":"https:\/\/www.diario5.com.ar\/es\/wp-json\/wp\/v2\/posts"}],"about":[{"href":"https:\/\/www.diario5.com.ar\/es\/wp-json\/wp\/v2\/types\/post"}],"author":[{"embeddable":true,"href":"https:\/\/www.diario5.com.ar\/es\/wp-json\/wp\/v2\/users\/1"}],"replies":[{"embeddable":true,"href":"https:\/\/www.diario5.com.ar\/es\/wp-json\/wp\/v2\/comments?post=604705"}],"version-history":[{"count":7,"href":"https:\/\/www.diario5.com.ar\/es\/wp-json\/wp\/v2\/posts\/604705\/revisions"}],"predecessor-version":[{"id":604762,"href":"https:\/\/www.diario5.com.ar\/es\/wp-json\/wp\/v2\/posts\/604705\/revisions\/604762"}],"wp:attachment":[{"href":"https:\/\/www.diario5.com.ar\/es\/wp-json\/wp\/v2\/media?parent=604705"}],"wp:term":[{"taxonomy":"category","embeddable":true,"href":"https:\/\/www.diario5.com.ar\/es\/wp-json\/wp\/v2\/categories?post=604705"},{"taxonomy":"post_tag","embeddable":true,"href":"https:\/\/www.diario5.com.ar\/es\/wp-json\/wp\/v2\/tags?post=604705"},{"taxonomy":"series","embeddable":true,"href":"https:\/\/www.diario5.com.ar\/es\/wp-json\/wp\/v2\/series?post=604705"}],"curies":[{"name":"wp","href":"https:\/\/api.w.org\/{rel}","templated":true}]}}