{"id":604636,"date":"2018-05-01T07:39:37","date_gmt":"2018-05-01T10:39:37","guid":{"rendered":"http:\/\/diario5.com.ar\/?p=604636"},"modified":"2018-05-02T00:36:38","modified_gmt":"2018-05-02T03:36:38","slug":"hoy-festival-del-caballo-argentino","status":"publish","type":"post","link":"https:\/\/www.diario5.com.ar\/es\/hoy-festival-del-caballo-argentino\/","title":{"rendered":"Festival del Caballo Argentino"},"content":{"rendered":"<h2 class=\"sub-title-primary\"><\/h2> <figure id=\"attachment_604668\" aria-describedby=\"caption-attachment-604668\" style=\"width: 609px\" class=\"wp-caption alignright\"><img decoding=\"async\" loading=\"lazy\" class=\"wp-image-604668\" src=\"http:\/\/diario5.com.ar\/wp-content\/uploads\/2018\/05\/fiesta-caballo-1-778x1024.jpg\" alt=\"Hoy, Festival del Caballo Argentino con Concierto del Chaque\u00f1o Palavecino\" width=\"609\" height=\"801\" srcset=\"https:\/\/www.diario5.com.ar\/wp-content\/uploads\/2018\/05\/fiesta-caballo-1-778x1024.jpg 778w, https:\/\/www.diario5.com.ar\/wp-content\/uploads\/2018\/05\/fiesta-caballo-1-228x300.jpg 228w, https:\/\/www.diario5.com.ar\/wp-content\/uploads\/2018\/05\/fiesta-caballo-1-768x1010.jpg 768w, https:\/\/www.diario5.com.ar\/wp-content\/uploads\/2018\/05\/fiesta-caballo-1-400x526.jpg 400w, https:\/\/www.diario5.com.ar\/wp-content\/uploads\/2018\/05\/fiesta-caballo-1-260x342.jpg 260w, https:\/\/www.diario5.com.ar\/wp-content\/uploads\/2018\/05\/fiesta-caballo-1-160x211.jpg 160w, https:\/\/www.diario5.com.ar\/wp-content\/uploads\/2018\/05\/fiesta-caballo-1.jpg 966w\" sizes=\"(max-width: 609px) 100vw, 609px\" \/><figcaption id=\"caption-attachment-604668\" class=\"wp-caption-text\">Hoy, Festival del Caballo Argentino con Concierto del Chaque\u00f1o Palavecino<\/figcaption><\/figure>\n<p>Ser\u00e1 hoy y actuar\u00e1 el Chaque\u00f1o Palavecino. Es gratis. Habr\u00e1\u00a0exhibiciones de salto, partidos de polo y espect\u00e1culos\u00a0varios. El Campo Argentino de Polo estar\u00e1 habilitado\u00a0de 11.00 a 19.00. Avenida del Libertador, entre Dorrego y Ortega y Gasset.<\/p>\n<p>Se combinar\u00e1n actividades h\u00edpicas y equinas\u00a0en los dos templos porte\u00f1os del caballo y\u00a0un espect\u00e1culo del Chaque\u00f1o Palavecino para cerrar, a las 17, sobre la Avenida del Libertador\u00a0entre ambos estadios: el Hip\u00f3dromo de Palermo y el Campo Argentino de Polo.<\/p>\n<p>Desde las 12.00 habr\u00e1 un patio gastron\u00f3mico con food trucks que ofrecer\u00e1n opciones de calidad a precios accesibles y a las 14 se ofrecer\u00e1n distintos espect\u00e1culos infantiles.<\/p>\n<p>El Chaque\u00f1o Palavecino\u00a0cantar\u00e1 a las 17,\u00a0al cierre de\u00a0una\u00a0jornada que comenzar\u00e1 antes del mediod\u00eda en el Hip\u00f3dromo de Palermo con 18 carreras, de las cuales seis ser\u00e1n Grandes Premios. Adem\u00e1s, la Asociaci\u00f3n de Criadores de Caballos Criollos presentar\u00e1 actividades vinculadas a su raza como el aparte campero, el entrevero de tropillas, las pruebas de tambores y de rienda; habr\u00e1 talleres de pintura, teatro, circo, m\u00fasica, arte y un parque a\u00e9reo con juegos colgantes para los m\u00e1s chicos.<\/p>\n<p>Habr\u00e1 carreras, exhibiciones de caballos, partidos de polo y pato.<\/p>\n<p>Por su parte, la Asociaci\u00f3n Argentina de Actividades Ecuestres para Discapacitados tambi\u00e9n estar\u00e1 presente con un espacio para mostrar las actividades que realizan durante todo el a\u00f1o.<\/p>\n<p>El Festival del Caballo Argentino incluir\u00e1, en el Campo Argentino de Polo, exhibiciones de salto, muestra de caballos \u00e1rabes y partidos de polo y pato &#8211; el deporte nacional &#8211; con la presencia de destacados deportistas de la actualidad.<\/p>","protected":false},"excerpt":{"rendered":"<p>Ser\u00e1 hoy y actuar\u00e1 el Chaque\u00f1o Palavecino. Es gratis. Habr\u00e1\u00a0exhibiciones de salto, partidos de polo y espect\u00e1culos\u00a0varios. El Campo Argentino de Polo estar\u00e1 habilitado\u00a0de 11.00 a 19.00. Avenida del Libertador, entre Dorrego y Ortega y Gasset. Se combinar\u00e1n actividades h\u00edpicas y equinas\u00a0en los dos templos porte\u00f1os del caballo y\u00a0un espect\u00e1culo del Chaque\u00f1o Palavecino para cerrar, [&hellip;]<\/p>","protected":false},"author":1,"featured_media":604668,"comment_status":"open","ping_status":"closed","sticky":false,"template":"","format":"standard","meta":[],"categories":[1],"tags":[],"series":[],"_links":{"self":[{"href":"https:\/\/www.diario5.com.ar\/es\/wp-json\/wp\/v2\/posts\/604636"}],"collection":[{"href":"https:\/\/www.diario5.com.ar\/es\/wp-json\/wp\/v2\/posts"}],"about":[{"href":"https:\/\/www.diario5.com.ar\/es\/wp-json\/wp\/v2\/types\/post"}],"author":[{"embeddable":true,"href":"https:\/\/www.diario5.com.ar\/es\/wp-json\/wp\/v2\/users\/1"}],"replies":[{"embeddable":true,"href":"https:\/\/www.diario5.com.ar\/es\/wp-json\/wp\/v2\/comments?post=604636"}],"version-history":[{"count":8,"href":"https:\/\/www.diario5.com.ar\/es\/wp-json\/wp\/v2\/posts\/604636\/revisions"}],"predecessor-version":[{"id":604704,"href":"https:\/\/www.diario5.com.ar\/es\/wp-json\/wp\/v2\/posts\/604636\/revisions\/604704"}],"wp:featuredmedia":[{"embeddable":true,"href":"https:\/\/www.diario5.com.ar\/es\/wp-json\/wp\/v2\/media\/604668"}],"wp:attachment":[{"href":"https:\/\/www.diario5.com.ar\/es\/wp-json\/wp\/v2\/media?parent=604636"}],"wp:term":[{"taxonomy":"category","embeddable":true,"href":"https:\/\/www.diario5.com.ar\/es\/wp-json\/wp\/v2\/categories?post=604636"},{"taxonomy":"post_tag","embeddable":true,"href":"https:\/\/www.diario5.com.ar\/es\/wp-json\/wp\/v2\/tags?post=604636"},{"taxonomy":"series","embeddable":true,"href":"https:\/\/www.diario5.com.ar\/es\/wp-json\/wp\/v2\/series?post=604636"}],"curies":[{"name":"wp","href":"https:\/\/api.w.org\/{rel}","templated":true}]}}