{"id":604571,"date":"2018-04-30T07:04:39","date_gmt":"2018-04-30T10:04:39","guid":{"rendered":"http:\/\/diario5.com.ar\/?p=604571"},"modified":"2018-04-30T20:22:15","modified_gmt":"2018-04-30T23:22:15","slug":"avanza-el-puente-lacarra","status":"publish","type":"post","link":"https:\/\/www.diario5.com.ar\/es\/avanza-el-puente-lacarra\/","title":{"rendered":"Avanza el Puente Lacarra"},"content":{"rendered":"<h2 class=\"sub-title-primary\"><\/h2> <p>Por fin, para cruzar el Riachuelo, habr\u00e1 un nuevo puente. Ya falta menos para que comience a operar el Lacarra, que unir\u00e1 Villa Soldati, en la Ciudad de Buenos Aires, con Lan\u00fas, en el Gran Buenos Aires y ahora todos hablan de \u00e9l. De esa obra de la que tanto se jactaron tantos que deber\u00eda haberse hecho pero que nadie, en el pasado se anim\u00f3 a encarar.<\/p>\n<figure style=\"width: 612px\" class=\"wp-caption alignright\"><img decoding=\"async\" loading=\"lazy\" src=\"http:\/\/diario5.com.ar\/wp-content\/uploads\/2018\/04\/riachuelo-1.jpg\" width=\"612\" height=\"459\" \/><figcaption class=\"wp-caption-text\">Puente Lacarra, importante obra para el nuevo criterio del Area Metropolitana de Buenos Aires (AMBA)<\/figcaption><\/figure>\n<p>Ahora,\u00a0casi todo el mundo\u00a0se llena la boca abri\u00e9ndole consideraciones llenas de halagos a sus 23.7 metros de ancho, para que los veh\u00edculos circulen en cuatro carriles -dos por mano- y una extensi\u00f3n de 147 metros de longitud sobre la avenida 27 de Febrero, del lado de Ciudad, el Riachuelo y la Avenida de la Ribera Sur, del lado del Partido de Lan\u00fas.<\/p>\n<p>La verdad es que en los \u00faltimos 50 a\u00f1os,\u00a0 todos quienes pudieron \u00abhacer algo\u00bb para la apertura de nuevos puentes que unieran la Capital con la Provincia, prefirieron esperar a que lo hicieran otros. Aparecieron los otros: Mar\u00eda Eugenia Vidal y Horacio Rodr\u00edguez Larreta.<\/p>\n<p>El informe acerca de la historia del puente m\u00e1s postergado de la historia porte\u00f1a fue presentado por Diario 5 en 2017. Este es, quiz\u00e1s, el momento m\u00e1s adecuado para volver a ubicarnos en tal situaci\u00f3n.<\/p>\n<h2><a href=\"https:\/\/www.diario5.com.ar\/?p=16460\">El Puente Lacarra barre con un siglo de mezquindades<\/a><\/h2>\n<figure id=\"attachment_604623\" aria-describedby=\"caption-attachment-604623\" style=\"width: 775px\" class=\"wp-caption aligncenter\"><a href=\"https:\/\/www.diario5.com.ar\/?p=16460\"><img decoding=\"async\" loading=\"lazy\" class=\"wp-image-604623 size-large\" src=\"http:\/\/diario5.com.ar\/wp-content\/uploads\/2018\/04\/nota_puente_lacarra-775x1024.jpg\" alt=\"Diario 5 - Sep 2017\" width=\"775\" height=\"1024\" srcset=\"https:\/\/www.diario5.com.ar\/wp-content\/uploads\/2018\/04\/nota_puente_lacarra-775x1024.jpg 775w, https:\/\/www.diario5.com.ar\/wp-content\/uploads\/2018\/04\/nota_puente_lacarra-227x300.jpg 227w, https:\/\/www.diario5.com.ar\/wp-content\/uploads\/2018\/04\/nota_puente_lacarra-768x1015.jpg 768w, https:\/\/www.diario5.com.ar\/wp-content\/uploads\/2018\/04\/nota_puente_lacarra-400x529.jpg 400w, https:\/\/www.diario5.com.ar\/wp-content\/uploads\/2018\/04\/nota_puente_lacarra-260x344.jpg 260w, https:\/\/www.diario5.com.ar\/wp-content\/uploads\/2018\/04\/nota_puente_lacarra-160x211.jpg 160w, https:\/\/www.diario5.com.ar\/wp-content\/uploads\/2018\/04\/nota_puente_lacarra.jpg 1007w\" sizes=\"(max-width: 775px) 100vw, 775px\" \/><\/a><figcaption id=\"caption-attachment-604623\" class=\"wp-caption-text\">Diario 5 &#8211; Sep 2017<\/figcaption><\/figure>\n<p>El GCBA est\u00e1 anunciando que, adem\u00e1s, conectar\u00e1 la autopista C\u00e1mpora con las avenidas Osorio y Manuel Castro, en Lan\u00fas. Se har\u00e1 un cruce peatonal, con veredas laterales de 1,80 metros de ancho. Y tambi\u00e9n habr\u00e1 una ciclov\u00eda de 1,50 metros de ancho.<\/p>\n<p>Otra novedad ser\u00e1 la construcci\u00f3n de un distribuidor de tr\u00e1nsito al suroeste de la intersecci\u00f3n de la Autopista C\u00e1mpora con la avenida 27 de Febrero. Con esto se busca favorecer el acceso de tr\u00e1nsito pesado a la Red de Autopistas Urbanas, para descomprimir as\u00ed la circulaci\u00f3n de camiones por las calles y avenidas de los barrios.<\/p>\n<p><strong><img decoding=\"async\" loading=\"lazy\" class=\"alignleft\" src=\"http:\/\/diario5.com.ar\/wp-content\/uploads\/2018\/04\/riachuelo-2.jpg\" alt=\"\" width=\"453\" height=\"293\" \/><\/strong><\/p>\n<p>El proyecto facilitar\u00e1 la conexi\u00f3n con el Centro de Transferencia de Cargas Sur, la nueva Terminal de \u00d3mnibus Dellepiane, que pese a que est\u00e1 construida casi no tiene salidas y llegadas de micros y la Villa Ol\u00edmpica para los Juegos de la Juventud que se realizar\u00e1n en septiembre de este a\u00f1o.<\/p>\n<p>El objetivo de inaugurarlo en junio tiene que ver con que el puente estar\u00e1 cerca del Parque Roca y la Villa Ol\u00edmpica, epicentro de los Juegos.<\/p>\n<p>Otro aspecto de la obra tiene que ver con el Plan de Saneamiento Ambiental para la Cuenca Matanza-Riachuelo. Al respecto har\u00e1n mejoras en la parquizaci\u00f3n de toda el \u00e1rea de influencia, con la incorporaci\u00f3n de nueva se\u00f1alizaci\u00f3n y sistema de iluminaci\u00f3n LED.<\/p>\n<p><img decoding=\"async\" loading=\"lazy\" class=\"alignright\" src=\"http:\/\/diario5.com.ar\/wp-content\/uploads\/2018\/04\/riachuelo-4.jpg\" alt=\"\" width=\"530\" height=\"319\" \/><br \/>\n\u201cEs una nueva conexi\u00f3n vital entre Villa Soldati y el municipio de Lan\u00fas. Tenemos previsto finalizar el puente en junio y estimamos que ser\u00e1 utilizado por unos 300.000 veh\u00edculos por d\u00eda, entre autom\u00f3viles y camiones\u201d, confirm\u00f3 Franco Moccia, ministro de Desarrollo Urbano y Transporte de la Ciudad.<\/p>\n<p>&nbsp;<\/p>","protected":false},"excerpt":{"rendered":"<p>Por fin, para cruzar el Riachuelo, habr\u00e1 un nuevo puente. Ya falta menos para que comience a operar el Lacarra, que unir\u00e1 Villa Soldati, en la Ciudad de Buenos Aires, con Lan\u00fas, en el Gran Buenos Aires y ahora todos hablan de \u00e9l. De esa obra de la que tanto se jactaron tantos que deber\u00eda [&hellip;]<\/p>","protected":false},"author":2,"featured_media":604623,"comment_status":"closed","ping_status":"closed","sticky":false,"template":"","format":"standard","meta":[],"categories":[7],"tags":[],"series":[],"_links":{"self":[{"href":"https:\/\/www.diario5.com.ar\/es\/wp-json\/wp\/v2\/posts\/604571"}],"collection":[{"href":"https:\/\/www.diario5.com.ar\/es\/wp-json\/wp\/v2\/posts"}],"about":[{"href":"https:\/\/www.diario5.com.ar\/es\/wp-json\/wp\/v2\/types\/post"}],"author":[{"embeddable":true,"href":"https:\/\/www.diario5.com.ar\/es\/wp-json\/wp\/v2\/users\/2"}],"replies":[{"embeddable":true,"href":"https:\/\/www.diario5.com.ar\/es\/wp-json\/wp\/v2\/comments?post=604571"}],"version-history":[{"count":13,"href":"https:\/\/www.diario5.com.ar\/es\/wp-json\/wp\/v2\/posts\/604571\/revisions"}],"predecessor-version":[{"id":604635,"href":"https:\/\/www.diario5.com.ar\/es\/wp-json\/wp\/v2\/posts\/604571\/revisions\/604635"}],"wp:featuredmedia":[{"embeddable":true,"href":"https:\/\/www.diario5.com.ar\/es\/wp-json\/wp\/v2\/media\/604623"}],"wp:attachment":[{"href":"https:\/\/www.diario5.com.ar\/es\/wp-json\/wp\/v2\/media?parent=604571"}],"wp:term":[{"taxonomy":"category","embeddable":true,"href":"https:\/\/www.diario5.com.ar\/es\/wp-json\/wp\/v2\/categories?post=604571"},{"taxonomy":"post_tag","embeddable":true,"href":"https:\/\/www.diario5.com.ar\/es\/wp-json\/wp\/v2\/tags?post=604571"},{"taxonomy":"series","embeddable":true,"href":"https:\/\/www.diario5.com.ar\/es\/wp-json\/wp\/v2\/series?post=604571"}],"curies":[{"name":"wp","href":"https:\/\/api.w.org\/{rel}","templated":true}]}}