{"id":604560,"date":"2018-04-26T11:59:44","date_gmt":"2018-04-26T14:59:44","guid":{"rendered":"http:\/\/diario5.com.ar\/?p=604560"},"modified":"2018-04-26T15:04:53","modified_gmt":"2018-04-26T18:04:53","slug":"varios-plenarios-activos","status":"publish","type":"post","link":"https:\/\/www.diario5.com.ar\/es\/varios-plenarios-activos\/","title":{"rendered":"Varios plenarios activos"},"content":{"rendered":"<h2 class=\"sub-title-primary\"><\/h2> <figure style=\"width: 623px\" class=\"wp-caption alignright\"><img decoding=\"async\" loading=\"lazy\" class=\"\" src=\"http:\/\/diario5.com.ar\/img\/comodoro_py.jpg\" width=\"623\" height=\"467\" \/><figcaption class=\"wp-caption-text\">Comodoro Py<\/figcaption><\/figure>\n<p>Crist\u00f3bal L\u00f3pez y Ricardo Echegaray exponen sus argumentos frente a la C\u00e1mara de Casaci\u00f3n, el m\u00e1ximo tribunal del fuero penal y por qu\u00e9 deber\u00edan continuar libres. Seg\u00fan fuentes judiciales, es probable que los acusados presenten escritos como parte de su descargo. Tambi\u00e9n, De Souza<\/p>\n<p>Simult\u00e1neamente, con 13 integrantes, el plenario donde los Consejo de la Magistratura decide si otorga el traslado al juez Farah para ir al Tribunal Oral Penal Econ\u00f3mico 1.<br \/>\nEl sexto plenario previo a la elaboraci\u00f3n de dict\u00e1menes por la despenalizaci\u00f3n del aborto en Diputados, se extender\u00e1 hasta las 18.00 con 40 invitados.<\/p>\n<p>Una vez m\u00e1s, las exposiciones a favor y en contra son intercaladas y tienen una extensi\u00f3n m\u00e1xima de 7 minutos. (Transmite en directo el canal de la C\u00e1mara de Diputados, por Youtube)<br \/>\nReferentes nacionales del Peronismo Federal se reunir\u00e1n hoy y ma\u00f1ana en la provincia de C\u00f3rdoba para buscar alternativas pol\u00edticas y electorales dentro del justicialismo, de cara a las elecciones presidenciales de 2019.<\/p>\n<p>Los m\u00e1s influyentes ser\u00e1n Massa, Pichetto, Schiaretti y Randazzo.<br \/>\nLa Corte Suprema de Justicia resolvi\u00f3 que un monotributista que presta servicios para una empresa no necesariamente tiene un v\u00ednculo laboral con ella, es decir, no puede ser considerado como un trabajador en relaci\u00f3n de dependencia.<\/p>\n<p>En un pronunciamiento trascendental para el \u00e1mbito laboral y para los jueces del fuero, el m\u00e1ximo tribunal del pa\u00eds fij\u00f3 adem\u00e1s l\u00edmites precisos para determinar cu\u00e1ndo una persona tiene una relaci\u00f3n laboral con un empleador<\/p>","protected":false},"excerpt":{"rendered":"<p>Crist\u00f3bal L\u00f3pez y Ricardo Echegaray exponen sus argumentos frente a la C\u00e1mara de Casaci\u00f3n, el m\u00e1ximo tribunal del fuero penal y por qu\u00e9 deber\u00edan continuar libres. Seg\u00fan fuentes judiciales, es probable que los acusados presenten escritos como parte de su descargo. Tambi\u00e9n, De Souza Simult\u00e1neamente, con 13 integrantes, el plenario donde los Consejo de la [&hellip;]<\/p>","protected":false},"author":1,"featured_media":0,"comment_status":"open","ping_status":"closed","sticky":false,"template":"","format":"standard","meta":[],"categories":[1],"tags":[],"series":[],"_links":{"self":[{"href":"https:\/\/www.diario5.com.ar\/es\/wp-json\/wp\/v2\/posts\/604560"}],"collection":[{"href":"https:\/\/www.diario5.com.ar\/es\/wp-json\/wp\/v2\/posts"}],"about":[{"href":"https:\/\/www.diario5.com.ar\/es\/wp-json\/wp\/v2\/types\/post"}],"author":[{"embeddable":true,"href":"https:\/\/www.diario5.com.ar\/es\/wp-json\/wp\/v2\/users\/1"}],"replies":[{"embeddable":true,"href":"https:\/\/www.diario5.com.ar\/es\/wp-json\/wp\/v2\/comments?post=604560"}],"version-history":[{"count":3,"href":"https:\/\/www.diario5.com.ar\/es\/wp-json\/wp\/v2\/posts\/604560\/revisions"}],"predecessor-version":[{"id":604563,"href":"https:\/\/www.diario5.com.ar\/es\/wp-json\/wp\/v2\/posts\/604560\/revisions\/604563"}],"wp:attachment":[{"href":"https:\/\/www.diario5.com.ar\/es\/wp-json\/wp\/v2\/media?parent=604560"}],"wp:term":[{"taxonomy":"category","embeddable":true,"href":"https:\/\/www.diario5.com.ar\/es\/wp-json\/wp\/v2\/categories?post=604560"},{"taxonomy":"post_tag","embeddable":true,"href":"https:\/\/www.diario5.com.ar\/es\/wp-json\/wp\/v2\/tags?post=604560"},{"taxonomy":"series","embeddable":true,"href":"https:\/\/www.diario5.com.ar\/es\/wp-json\/wp\/v2\/series?post=604560"}],"curies":[{"name":"wp","href":"https:\/\/api.w.org\/{rel}","templated":true}]}}