{"id":604495,"date":"2018-04-20T01:23:06","date_gmt":"2018-04-20T04:23:06","guid":{"rendered":"http:\/\/diario5.com.ar\/?p=604495"},"modified":"2018-04-20T17:12:59","modified_gmt":"2018-04-20T20:12:59","slug":"manana-desafio-de-cocineros-con-corral-vide-en-la-cancha","status":"publish","type":"post","link":"https:\/\/www.diario5.com.ar\/es\/manana-desafio-de-cocineros-con-corral-vide-en-la-cancha\/","title":{"rendered":"Ma\u00f1ana, Desaf\u00edo de Cocineros con Corral Vide en la cancha"},"content":{"rendered":"<h2 class=\"sub-title-primary\"><\/h2> <figure id=\"attachment_604498\" aria-describedby=\"caption-attachment-604498\" style=\"width: 620px\" class=\"wp-caption alignright\"><img decoding=\"async\" loading=\"lazy\" class=\"wp-image-604498\" src=\"http:\/\/diario5.com.ar\/wp-content\/uploads\/2018\/04\/Foto3138-1024x768.jpg\" alt=\"Gabriela de la Cruz en el PDC 2017\" width=\"620\" height=\"465\" srcset=\"https:\/\/www.diario5.com.ar\/wp-content\/uploads\/2018\/04\/Foto3138-1024x768.jpg 1024w, https:\/\/www.diario5.com.ar\/wp-content\/uploads\/2018\/04\/Foto3138-300x225.jpg 300w, https:\/\/www.diario5.com.ar\/wp-content\/uploads\/2018\/04\/Foto3138-768x576.jpg 768w, https:\/\/www.diario5.com.ar\/wp-content\/uploads\/2018\/04\/Foto3138-1536x1152.jpg 1536w, https:\/\/www.diario5.com.ar\/wp-content\/uploads\/2018\/04\/Foto3138-400x300.jpg 400w, https:\/\/www.diario5.com.ar\/wp-content\/uploads\/2018\/04\/Foto3138-260x195.jpg 260w, https:\/\/www.diario5.com.ar\/wp-content\/uploads\/2018\/04\/Foto3138-160x120.jpg 160w, https:\/\/www.diario5.com.ar\/wp-content\/uploads\/2018\/04\/Foto3138.jpg 2048w\" sizes=\"(max-width: 620px) 100vw, 620px\" \/><figcaption id=\"caption-attachment-604498\" class=\"wp-caption-text\">Gabriela de la Cruz en el PDC 2017<\/figcaption><\/figure>\n<p>Vuelve un evento especial vinculado a las colectividades de inmigrantes a la Argentina y a Buenos Aires, espec\u00edficamente. El gobierno porte\u00f1o ya lo considera un cl\u00e1sico y toma la Av. de Mayo, el tradicional e hist\u00f3rico andarivel de la Ciudad para celebrar la parte de identidad porte\u00f1a que proviene del maravilloso menjunje \u00e9tnico que caracteriz\u00f3 a Buenos Aires en los albores del Siglo XX.<\/p>\n<p>A su vez, estar\u00e1 en marcha el 2\u00b0 Desaf\u00edo de Cocineros de las Colectividades. All\u00ed, 30 cocineros representantes de las comunidades de la ciudad mostrar\u00e1n sus habilidades culinarias. Las redes sociales se accionaron en los \u00faltimos d\u00edas por la presencia del gallego Manuel Corral Vide, considerado la autoridad mayor en cocina espa\u00f1ola y la mano m\u00e1s talentosa para la preparaci\u00f3n de todas las recetas de pulpo.<\/p>\n<p>Es en este punto en el que se desequilibra el proceso del certamen, ya que\u00a0profesionales en crecimiento como\u00a0Santiago Giorgini, Jimena Monteverde y Anthony V\u00e1zquez, a quienes les dieron la responsabilidad de ser Jurado, tendr\u00e1n que dirimir, con su juicio, el trabajo de un grupo de experimentados cocineros y, como el caso de Corral Vide, categorizados chefs.<\/p>\n<figure id=\"attachment_604497\" aria-describedby=\"caption-attachment-604497\" style=\"width: 417px\" class=\"wp-caption alignleft\"><img decoding=\"async\" loading=\"lazy\" class=\"wp-image-604497\" src=\"http:\/\/diario5.com.ar\/wp-content\/uploads\/2018\/04\/Foto3149-1024x768.jpg\" alt=\"Foto3149\" width=\"417\" height=\"313\" srcset=\"https:\/\/www.diario5.com.ar\/wp-content\/uploads\/2018\/04\/Foto3149-1024x768.jpg 1024w, https:\/\/www.diario5.com.ar\/wp-content\/uploads\/2018\/04\/Foto3149-300x225.jpg 300w, https:\/\/www.diario5.com.ar\/wp-content\/uploads\/2018\/04\/Foto3149-768x576.jpg 768w, https:\/\/www.diario5.com.ar\/wp-content\/uploads\/2018\/04\/Foto3149-1536x1152.jpg 1536w, https:\/\/www.diario5.com.ar\/wp-content\/uploads\/2018\/04\/Foto3149-400x300.jpg 400w, https:\/\/www.diario5.com.ar\/wp-content\/uploads\/2018\/04\/Foto3149-260x195.jpg 260w, https:\/\/www.diario5.com.ar\/wp-content\/uploads\/2018\/04\/Foto3149-160x120.jpg 160w, https:\/\/www.diario5.com.ar\/wp-content\/uploads\/2018\/04\/Foto3149.jpg 2048w\" sizes=\"(max-width: 417px) 100vw, 417px\" \/><figcaption id=\"caption-attachment-604497\" class=\"wp-caption-text\">Manuel Corral Vide a cargo del \u00abchiringuito\u00bb de la colectividad espa\u00f1ola<\/figcaption><\/figure>\n<p>El jurado se completa -como en el a\u00f1o anterior- con autoridades de la Ciudad, que, al tener que evaluar sabor, representatividad y presentaci\u00f3n, terminan pidiendo disculpas por las evidencias que deja su desconocimiento en el tema.<\/p>\n<p>Conducen Diego Moranzoni, Carlos Lyn y Agostina Scalise. Habr\u00e1 juegos de\u00a0trivias y como es de esperar por los asistentes habituales a este encuentro, llegar\u00e1 el momento de los shows de baile de todas las colectividades participantes y un cierre con Maxi Trusso.<\/p>\n<p>Es ma\u00f1ana, s\u00e1bado 21 de abril, de 12.00 a 21.00 en Av. de Mayo, de Bol\u00edvar a Chacabuco, con entrada libre y gratuita. Ya se suspendi\u00f3 por lluvia el 9 de abril. Se espera que esta vez corra con distinta suerte y as\u00ed,\u00a0 todos puedan disfrutar del evento.<\/p>\n<p>En la primera imagen se ve a la conocida locutora Gaby de la Cruz, quien, dedic\u00f3 un buen rato del Patio de las Colectividades de 2017 a ense\u00f1ar secretos de la gastronom\u00eda del Per\u00fa a las personas que se acercaban a los stands de ese pa\u00eds.<\/p>","protected":false},"excerpt":{"rendered":"<p>Vuelve un evento especial vinculado a las colectividades de inmigrantes a la Argentina y a Buenos Aires, espec\u00edficamente. El gobierno porte\u00f1o ya lo considera un cl\u00e1sico y toma la Av. de Mayo, el tradicional e hist\u00f3rico andarivel de la Ciudad para celebrar la parte de identidad porte\u00f1a que proviene del maravilloso menjunje \u00e9tnico que caracteriz\u00f3 [&hellip;]<\/p>","protected":false},"author":1,"featured_media":604498,"comment_status":"open","ping_status":"closed","sticky":false,"template":"","format":"standard","meta":[],"categories":[1],"tags":[],"series":[],"_links":{"self":[{"href":"https:\/\/www.diario5.com.ar\/es\/wp-json\/wp\/v2\/posts\/604495"}],"collection":[{"href":"https:\/\/www.diario5.com.ar\/es\/wp-json\/wp\/v2\/posts"}],"about":[{"href":"https:\/\/www.diario5.com.ar\/es\/wp-json\/wp\/v2\/types\/post"}],"author":[{"embeddable":true,"href":"https:\/\/www.diario5.com.ar\/es\/wp-json\/wp\/v2\/users\/1"}],"replies":[{"embeddable":true,"href":"https:\/\/www.diario5.com.ar\/es\/wp-json\/wp\/v2\/comments?post=604495"}],"version-history":[{"count":5,"href":"https:\/\/www.diario5.com.ar\/es\/wp-json\/wp\/v2\/posts\/604495\/revisions"}],"predecessor-version":[{"id":604510,"href":"https:\/\/www.diario5.com.ar\/es\/wp-json\/wp\/v2\/posts\/604495\/revisions\/604510"}],"wp:featuredmedia":[{"embeddable":true,"href":"https:\/\/www.diario5.com.ar\/es\/wp-json\/wp\/v2\/media\/604498"}],"wp:attachment":[{"href":"https:\/\/www.diario5.com.ar\/es\/wp-json\/wp\/v2\/media?parent=604495"}],"wp:term":[{"taxonomy":"category","embeddable":true,"href":"https:\/\/www.diario5.com.ar\/es\/wp-json\/wp\/v2\/categories?post=604495"},{"taxonomy":"post_tag","embeddable":true,"href":"https:\/\/www.diario5.com.ar\/es\/wp-json\/wp\/v2\/tags?post=604495"},{"taxonomy":"series","embeddable":true,"href":"https:\/\/www.diario5.com.ar\/es\/wp-json\/wp\/v2\/series?post=604495"}],"curies":[{"name":"wp","href":"https:\/\/api.w.org\/{rel}","templated":true}]}}