{"id":604485,"date":"2018-04-19T12:01:48","date_gmt":"2018-04-19T15:01:48","guid":{"rendered":"http:\/\/diario5.com.ar\/?p=604485"},"modified":"2018-04-19T23:33:43","modified_gmt":"2018-04-20T02:33:43","slug":"jornada-caliente-en-varios-flancos","status":"publish","type":"post","link":"https:\/\/www.diario5.com.ar\/es\/jornada-caliente-en-varios-flancos\/","title":{"rendered":"Jornada caliente en varios flancos"},"content":{"rendered":"<h2 class=\"sub-title-primary\"><\/h2> <p>El Gobierno nacional re\u00fane a los jefes parlamentarios de Cambiemos por la suba de las tarifas, tras la fallida sesi\u00f3n especial en Diputados.<\/p>\n<p>El jefe de Gabinete, Marcos Pe\u00f1a, encabeza el encuentro, del que no participa Elisa Carri\u00f3, promotora de la reuni\u00f3n tras la fracasada sesi\u00f3n en Diputados, que hab\u00eda impulsado la oposici\u00f3n y en la que el kirchnerismo buscaba frenar los aumentos tarifarios y retrotraerlos a enero pasado.<\/p>\n<p>En tanto, los bancarios cumplen su paro de 24 horas y amenazan con uno mayor si no hay acuerdo salarial.\u00a0El titular de la Asociaci\u00f3n Bancaria, Sergio Palazzo, advirti\u00f3 hoy que ese gremio podr\u00eda anunciar \u00abuna medida de fuerza de 48 horas\u00bb la semana pr\u00f3xima, de no haber \u00abun cambio de actitud por parte del sector empresario\u00bb, que permita un acuerdo salarial en paritarias.<\/p>\n<p>En el plenario bicameral, con m\u00e1s de 40 oradores, avanza la cuarta jornada de debate en comisi\u00f3n por la despenalizaci\u00f3n del aborto.<br \/>\nHoy se utiliza un nuevo m\u00e9todo, en el que -a diferencia de otros d\u00edas, quienes expongan a favor o en contra intervendr\u00e1n de forma intercalada en los turnos de la ma\u00f1ana y la tarde.<\/p>\n<p>Representantes de la denominada \u00abMultisectorial contra el Tarifazo\u00bb, en la que confluyen representantes del kirchnerismo y organizaciones sociales y sindicales, realizar\u00e1n hoy, desde las 19, una \u00abmarcha de las velas\u00bb para reclamar contra los aumentos de tarifas y la que consideran \u00abla pol\u00edtica de ajuste del Gobierno\u00bb. La protesta consistir\u00e1 en una movilizaci\u00f3n con velas encendidas desde el Congreso y hasta el Obelisco. Se trata de un reclamo que se suma al \u00abruidazo\u00bb que se realiz\u00f3 ayer en distintos puntos del pa\u00eds.<\/p>\n<p>Tras dos postergaciones, comenz\u00f3 el primer Foro de Intendentes del a\u00f1o en Olavarr\u00eda. Con la presencia del Ministro de Transporte de la Naci\u00f3n, Guillermo Dietrich el eje principal del foro es la Obra p\u00fablica.<\/p>\n<p>La AFIP pidi\u00f3 que se eleve a juicio oral la causa contra Ricardo Echegaray y Crist\u00f3bal L\u00f3pez por Oil Combustibles. El empresario y el ex funcionario est\u00e1n acusados del delito de administraci\u00f3n fraudulenta agravada en perjuicio de la administraci\u00f3n p\u00fablica.<\/p>\n<figure id=\"attachment_604492\" aria-describedby=\"caption-attachment-604492\" style=\"width: 445px\" class=\"wp-caption alignleft\"><img decoding=\"async\" loading=\"lazy\" class=\"wp-image-604492\" src=\"http:\/\/diario5.com.ar\/wp-content\/uploads\/2018\/04\/Luis-Barrionuevo2.jpg\" alt=\"Luis Barrionuevo\" width=\"445\" height=\"446\" srcset=\"https:\/\/www.diario5.com.ar\/wp-content\/uploads\/2018\/04\/Luis-Barrionuevo2.jpg 805w, https:\/\/www.diario5.com.ar\/wp-content\/uploads\/2018\/04\/Luis-Barrionuevo2-300x300.jpg 300w, https:\/\/www.diario5.com.ar\/wp-content\/uploads\/2018\/04\/Luis-Barrionuevo2-150x150.jpg 150w, https:\/\/www.diario5.com.ar\/wp-content\/uploads\/2018\/04\/Luis-Barrionuevo2-768x770.jpg 768w, https:\/\/www.diario5.com.ar\/wp-content\/uploads\/2018\/04\/Luis-Barrionuevo2-400x401.jpg 400w, https:\/\/www.diario5.com.ar\/wp-content\/uploads\/2018\/04\/Luis-Barrionuevo2-260x261.jpg 260w, https:\/\/www.diario5.com.ar\/wp-content\/uploads\/2018\/04\/Luis-Barrionuevo2-160x160.jpg 160w\" sizes=\"(max-width: 445px) 100vw, 445px\" \/><figcaption id=\"caption-attachment-604492\" class=\"wp-caption-text\">Luis Barrionuevo<\/figcaption><\/figure>\n<p>Anticipo de Diario 5 desde Matheu 130: Hoy se conformr\u00e1 un equipo de \u00abnormalizadores\u00bb en el PJ que encabeza -interinamente- Luis Barrionuevo. Entre los miembros del organismo encargado de generar cohesi\u00f3n estar\u00e1n Julio B\u00e1rbaro y Carlos Campolongo<\/p>","protected":false},"excerpt":{"rendered":"<p>El Gobierno nacional re\u00fane a los jefes parlamentarios de Cambiemos por la suba de las tarifas, tras la fallida sesi\u00f3n especial en Diputados. El jefe de Gabinete, Marcos Pe\u00f1a, encabeza el encuentro, del que no participa Elisa Carri\u00f3, promotora de la reuni\u00f3n tras la fracasada sesi\u00f3n en Diputados, que hab\u00eda impulsado la oposici\u00f3n y en [&hellip;]<\/p>","protected":false},"author":1,"featured_media":604492,"comment_status":"open","ping_status":"closed","sticky":false,"template":"","format":"standard","meta":[],"categories":[7],"tags":[],"series":[],"_links":{"self":[{"href":"https:\/\/www.diario5.com.ar\/es\/wp-json\/wp\/v2\/posts\/604485"}],"collection":[{"href":"https:\/\/www.diario5.com.ar\/es\/wp-json\/wp\/v2\/posts"}],"about":[{"href":"https:\/\/www.diario5.com.ar\/es\/wp-json\/wp\/v2\/types\/post"}],"author":[{"embeddable":true,"href":"https:\/\/www.diario5.com.ar\/es\/wp-json\/wp\/v2\/users\/1"}],"replies":[{"embeddable":true,"href":"https:\/\/www.diario5.com.ar\/es\/wp-json\/wp\/v2\/comments?post=604485"}],"version-history":[{"count":7,"href":"https:\/\/www.diario5.com.ar\/es\/wp-json\/wp\/v2\/posts\/604485\/revisions"}],"predecessor-version":[{"id":604494,"href":"https:\/\/www.diario5.com.ar\/es\/wp-json\/wp\/v2\/posts\/604485\/revisions\/604494"}],"wp:featuredmedia":[{"embeddable":true,"href":"https:\/\/www.diario5.com.ar\/es\/wp-json\/wp\/v2\/media\/604492"}],"wp:attachment":[{"href":"https:\/\/www.diario5.com.ar\/es\/wp-json\/wp\/v2\/media?parent=604485"}],"wp:term":[{"taxonomy":"category","embeddable":true,"href":"https:\/\/www.diario5.com.ar\/es\/wp-json\/wp\/v2\/categories?post=604485"},{"taxonomy":"post_tag","embeddable":true,"href":"https:\/\/www.diario5.com.ar\/es\/wp-json\/wp\/v2\/tags?post=604485"},{"taxonomy":"series","embeddable":true,"href":"https:\/\/www.diario5.com.ar\/es\/wp-json\/wp\/v2\/series?post=604485"}],"curies":[{"name":"wp","href":"https:\/\/api.w.org\/{rel}","templated":true}]}}