{"id":604470,"date":"2018-04-17T07:36:27","date_gmt":"2018-04-17T10:36:27","guid":{"rendered":"http:\/\/diario5.com.ar\/?p=604470"},"modified":"2018-04-16T22:17:40","modified_gmt":"2018-04-17T01:17:40","slug":"obras-en-la-ex-carcel-de-caseros","status":"publish","type":"post","link":"https:\/\/www.diario5.com.ar\/es\/obras-en-la-ex-carcel-de-caseros\/","title":{"rendered":"Obras en la ex C\u00e1rcel de Caseros"},"content":{"rendered":"<h2 class=\"sub-title-primary\"><\/h2> <figure id=\"attachment_604471\" aria-describedby=\"caption-attachment-604471\" style=\"width: 603px\" class=\"wp-caption alignright\"><img decoding=\"async\" loading=\"lazy\" class=\"wp-image-604471\" src=\"http:\/\/diario5.com.ar\/wp-content\/uploads\/2018\/04\/Foto4151-1024x768.jpg\" alt=\"Los muros de l viejo edificio de la C\u00e1rcel de Caseros conservar\u00e1n su estructura y se restaurar\u00e1n.\" width=\"603\" height=\"452\" srcset=\"https:\/\/www.diario5.com.ar\/wp-content\/uploads\/2018\/04\/Foto4151-1024x768.jpg 1024w, https:\/\/www.diario5.com.ar\/wp-content\/uploads\/2018\/04\/Foto4151-300x225.jpg 300w, https:\/\/www.diario5.com.ar\/wp-content\/uploads\/2018\/04\/Foto4151-768x576.jpg 768w, https:\/\/www.diario5.com.ar\/wp-content\/uploads\/2018\/04\/Foto4151-1536x1152.jpg 1536w, https:\/\/www.diario5.com.ar\/wp-content\/uploads\/2018\/04\/Foto4151-400x300.jpg 400w, https:\/\/www.diario5.com.ar\/wp-content\/uploads\/2018\/04\/Foto4151-260x195.jpg 260w, https:\/\/www.diario5.com.ar\/wp-content\/uploads\/2018\/04\/Foto4151-160x120.jpg 160w, https:\/\/www.diario5.com.ar\/wp-content\/uploads\/2018\/04\/Foto4151.jpg 2048w\" sizes=\"(max-width: 603px) 100vw, 603px\" \/><figcaption id=\"caption-attachment-604471\" class=\"wp-caption-text\">Los muros del viejo edificio de la C\u00e1rcel de Caseros conservar\u00e1n su estructura y se restaurar\u00e1n.<\/figcaption><\/figure>\n<p>El jefe de Gobierno de la Ciudad, Horacio Rodr\u00edguez Larreta, realiz\u00f3 un recorrido por las obras de la ex C\u00e1rcel de Caseros, junto al ministro del Interior de la Naci\u00f3n, Rogelio Frigerio. El plan para ese inmenso predio es transformarlo en las respectivas sedes del Ministerio de Hacienda de la Ciudad, de su Administraci\u00f3n de Ingresos P\u00fablicos (AGIP), del lado de la Avenida Caseros y el Archivo General de la Naci\u00f3n en sector del inmenso terreno que da a la esquina de Pichincha y 15 de Noviembre de 1889.<\/p>\n<p>La mudanza de las estructuras gubernamentales igualar\u00e1 o suiperar\u00e1 lo sucedido con la sede del Gobierno porte\u00f1o y el Palacio de Parque Lezama, ya que se -seg\u00fan Rodr\u00edguez Larreta- trasladar\u00e1n 4 mil puestos de trabajo desde la zona c\u00e9ntrica al sur de la Ciudad y tal enroque\u00a0le dar\u00e1 mucha vida a un barrio, especialmente por la gente que vendr\u00e1\u00a0a consultar el Archivo.<\/p>\n<p>El Ministerio de Hacienda de la Ciudad -explic\u00f3 Rodr\u00edguez Larreta- se instalar\u00e1 donde est\u00e1n hoy los restos de la vieja c\u00e1rcel, con lo cual se completar\u00e1 la recuperaci\u00f3n del espacio hoy abandonado. Luego, destac\u00f3 que este es un resultado del\u00a0trabajo en equipo que habitualmente impulsa Mauricio Macri.<\/p>\n<p>La obra va a mantener la fachada y el anillo externo del antiqu\u00edsimo edificio, por ser considerado patrimonio hist\u00f3rico de la Ciudad. Rogelio\u00a0Frigerio, a prop\u00f3sito de la obra, remarc\u00f3 que le est\u00e1 dando trabajo a 120 personas de manera directa y a muchos m\u00e1s de manera indirecta. Se trata de trabajos por los que se invirtieron 460 millones de pesos.<\/p>\n<p>\u00abEstamos muy entusiasmados, es una obra importante para nosotros y para el Archivo General de la Naci\u00f3n, que ha sido rebalsado en cantidad con respecto a lo que pod\u00eda soportar\u00bb, apunt\u00f3 el ministro del Interior de la Naci\u00f3n.<\/p>\n<p>Por eso, Frigerio concluy\u00f3 que la remodelaci\u00f3n tambi\u00e9n es \u00abfundamental para resguardar toda la memoria institucional de nuestro pa\u00eds\u00bb.<\/p>\n<p>De la actividad tambi\u00e9n participaron el vicejefe de Gobierno porte\u00f1o, Diego Santilli; el jefe de Gabinete, Felipe Miguel; el ministro de Desarrollo Urbano y Transporte, Franco Moccia; y el presidente de la Agencia de Administraci\u00f3n de Bienes del Estado, Ram\u00f3n Lan\u00fas.<\/p>\n<p>El edificio actual de la ex C\u00e1rcel de Caseros comenz\u00f3 a construirse bajo la presidencia de Arturo Frondizi y, luego de ciertas reformas, fue inaugurado en 1979 por el presidente de facto Jorge Rafael Videla.<\/p>\n<p>Tras 30 a\u00f1os de reclamos y quejas por parte de los vecinos de la zona, en el 2000 se tom\u00f3 la decisi\u00f3n de cerrar la c\u00e1rcel y demolerla al a\u00f1o siguiente.<\/p>\n<p>En 2001 la Naci\u00f3n celebr\u00f3 un acuerdo con el Gobierno porte\u00f1o por el cual ced\u00eda esa manzana con el compromiso de que la Ciudad se hiciera cargo de los gastos de demolici\u00f3n y urbanizaci\u00f3n.<\/p>\n<p>En 2008 finaliz\u00f3 la demolici\u00f3n manual a cargo del ej\u00e9rcito, quedando sin demoler el muro perimetral para evitar intrusiones que de todas maneras se produjeron. El gobierno nacional deb\u00eda llamar a licitaci\u00f3n para las obras civiles, pero nunca lo hizo: argument\u00f3 que la demolici\u00f3n no hab\u00eda terminado.<\/p>","protected":false},"excerpt":{"rendered":"<p>El jefe de Gobierno de la Ciudad, Horacio Rodr\u00edguez Larreta, realiz\u00f3 un recorrido por las obras de la ex C\u00e1rcel de Caseros, junto al ministro del Interior de la Naci\u00f3n, Rogelio Frigerio. El plan para ese inmenso predio es transformarlo en las respectivas sedes del Ministerio de Hacienda de la Ciudad, de su Administraci\u00f3n de [&hellip;]<\/p>","protected":false},"author":1,"featured_media":604471,"comment_status":"open","ping_status":"closed","sticky":false,"template":"","format":"standard","meta":[],"categories":[1],"tags":[],"series":[],"_links":{"self":[{"href":"https:\/\/www.diario5.com.ar\/es\/wp-json\/wp\/v2\/posts\/604470"}],"collection":[{"href":"https:\/\/www.diario5.com.ar\/es\/wp-json\/wp\/v2\/posts"}],"about":[{"href":"https:\/\/www.diario5.com.ar\/es\/wp-json\/wp\/v2\/types\/post"}],"author":[{"embeddable":true,"href":"https:\/\/www.diario5.com.ar\/es\/wp-json\/wp\/v2\/users\/1"}],"replies":[{"embeddable":true,"href":"https:\/\/www.diario5.com.ar\/es\/wp-json\/wp\/v2\/comments?post=604470"}],"version-history":[{"count":2,"href":"https:\/\/www.diario5.com.ar\/es\/wp-json\/wp\/v2\/posts\/604470\/revisions"}],"predecessor-version":[{"id":604473,"href":"https:\/\/www.diario5.com.ar\/es\/wp-json\/wp\/v2\/posts\/604470\/revisions\/604473"}],"wp:featuredmedia":[{"embeddable":true,"href":"https:\/\/www.diario5.com.ar\/es\/wp-json\/wp\/v2\/media\/604471"}],"wp:attachment":[{"href":"https:\/\/www.diario5.com.ar\/es\/wp-json\/wp\/v2\/media?parent=604470"}],"wp:term":[{"taxonomy":"category","embeddable":true,"href":"https:\/\/www.diario5.com.ar\/es\/wp-json\/wp\/v2\/categories?post=604470"},{"taxonomy":"post_tag","embeddable":true,"href":"https:\/\/www.diario5.com.ar\/es\/wp-json\/wp\/v2\/tags?post=604470"},{"taxonomy":"series","embeddable":true,"href":"https:\/\/www.diario5.com.ar\/es\/wp-json\/wp\/v2\/series?post=604470"}],"curies":[{"name":"wp","href":"https:\/\/api.w.org\/{rel}","templated":true}]}}