{"id":604423,"date":"2018-04-13T07:31:17","date_gmt":"2018-04-13T10:31:17","guid":{"rendered":"http:\/\/diario5.com.ar\/?p=604423"},"modified":"2018-04-12T22:52:04","modified_gmt":"2018-04-13T01:52:04","slug":"ba-celebra-japon-en-san-cristobal","status":"publish","type":"post","link":"https:\/\/www.diario5.com.ar\/es\/ba-celebra-japon-en-san-cristobal\/","title":{"rendered":"BA Celebra Jap\u00f3n en San Crist\u00f3bal"},"content":{"rendered":"<h2 class=\"sub-title-primary\"><\/h2> <figure style=\"width: 600px\" class=\"wp-caption alignright\"><img decoding=\"async\" loading=\"lazy\" class=\"\" src=\"http:\/\/diario5.com.ar\/img\/bc-celebra-japon.jpg\" width=\"600\" height=\"558\" \/><figcaption class=\"wp-caption-text\">Buenos Aires Celebra Jap\u00f3n<\/figcaption><\/figure>\n<p>Aprovechando la cercan\u00eda de una de las instituciones m\u00e1s destacadas de la colectividad japonesa, el punto de encuentro del BA celebra Jap\u00f3n ser\u00e1 en el coraz\u00f3n del Barrio de San Crist\u00f3bal. La esquina de las Avenidas San Juan y Jujuy, ma\u00f1ana, ser\u00e1n el marco para una de las celebraciones que buena parte de los porte\u00f1os esperan con gran ansiedad.<\/p>\n<p>Es que hay personas que se han dado cuenta de que les gustan demasiadas cosas de los japoneses: su gastronom\u00eda, sus danzas, su trato, su alegr\u00eda sin estridencias, el charme de sus mujeres, sus artes marciales, su vanguardia tecnol\u00f3gica, su facilidad para resolver lo que a nosotros nos parece imposible y muchas otras cosas perlas brillantes de la cultura nipona. Pero hay una que -a nuestro ojos y en estos tiempos- barre con todo lo anterior: la honestidad generalizada y extendida a toda su comunidad, dentro y fuera del Jap\u00f3n.<\/p>\n<p>La Comuna 3 se prepara para recibir, ma\u00f1ana desde el mediod\u00eda, a miles de personas que vendr\u00e1n desde otros barrios porte\u00f1os y otras localidad del AMBA, para disfrutar de uno de los eventos que deja huella cada vez que se presenta: la gran fiesta japonesa.<\/p>\n<p>&nbsp;<\/p>","protected":false},"excerpt":{"rendered":"<p>Aprovechando la cercan\u00eda de una de las instituciones m\u00e1s destacadas de la colectividad japonesa, el punto de encuentro del BA celebra Jap\u00f3n ser\u00e1 en el coraz\u00f3n del Barrio de San Crist\u00f3bal. La esquina de las Avenidas San Juan y Jujuy, ma\u00f1ana, ser\u00e1n el marco para una de las celebraciones que buena parte de los porte\u00f1os [&hellip;]<\/p>","protected":false},"author":1,"featured_media":0,"comment_status":"open","ping_status":"closed","sticky":false,"template":"","format":"standard","meta":[],"categories":[5],"tags":[],"series":[],"_links":{"self":[{"href":"https:\/\/www.diario5.com.ar\/es\/wp-json\/wp\/v2\/posts\/604423"}],"collection":[{"href":"https:\/\/www.diario5.com.ar\/es\/wp-json\/wp\/v2\/posts"}],"about":[{"href":"https:\/\/www.diario5.com.ar\/es\/wp-json\/wp\/v2\/types\/post"}],"author":[{"embeddable":true,"href":"https:\/\/www.diario5.com.ar\/es\/wp-json\/wp\/v2\/users\/1"}],"replies":[{"embeddable":true,"href":"https:\/\/www.diario5.com.ar\/es\/wp-json\/wp\/v2\/comments?post=604423"}],"version-history":[{"count":1,"href":"https:\/\/www.diario5.com.ar\/es\/wp-json\/wp\/v2\/posts\/604423\/revisions"}],"predecessor-version":[{"id":604424,"href":"https:\/\/www.diario5.com.ar\/es\/wp-json\/wp\/v2\/posts\/604423\/revisions\/604424"}],"wp:attachment":[{"href":"https:\/\/www.diario5.com.ar\/es\/wp-json\/wp\/v2\/media?parent=604423"}],"wp:term":[{"taxonomy":"category","embeddable":true,"href":"https:\/\/www.diario5.com.ar\/es\/wp-json\/wp\/v2\/categories?post=604423"},{"taxonomy":"post_tag","embeddable":true,"href":"https:\/\/www.diario5.com.ar\/es\/wp-json\/wp\/v2\/tags?post=604423"},{"taxonomy":"series","embeddable":true,"href":"https:\/\/www.diario5.com.ar\/es\/wp-json\/wp\/v2\/series?post=604423"}],"curies":[{"name":"wp","href":"https:\/\/api.w.org\/{rel}","templated":true}]}}