{"id":604421,"date":"2018-04-12T22:30:48","date_gmt":"2018-04-13T01:30:48","guid":{"rendered":"http:\/\/diario5.com.ar\/?p=604421"},"modified":"2018-04-12T22:30:48","modified_gmt":"2018-04-13T01:30:48","slug":"arte-en-barrios","status":"publish","type":"post","link":"https:\/\/www.diario5.com.ar\/es\/arte-en-barrios\/","title":{"rendered":"Arte en Barrios"},"content":{"rendered":"<h2 class=\"sub-title-primary\"><\/h2> <figure style=\"width: 602px\" class=\"wp-caption alignright\"><img decoding=\"async\" loading=\"lazy\" class=\"\" src=\"http:\/\/diario5.com.ar\/img\/arteenbarrios.jpg\" width=\"602\" height=\"402\" \/><figcaption class=\"wp-caption-text\">Arte en Barrios<\/figcaption><\/figure>\n<p>Arte en Barrios, el programa conjunto de los Ministerios de Cultura, de Desarrollo Humano y H\u00e1bitat m\u00e1s la Secretar\u00eda de Integraci\u00f3n Social y Urbana y el Instituto de la Vivienda del GCBA anuncia sus actividades culturales gratuitas, para lo que resta de abril, en las que identifican como\u00a020 zonas vulnerables de la Ciudad. All\u00ed habr\u00e1 teatro, espect\u00e1culos musicales, cine m\u00f3vil, juegos y eventos m\u00faltiples.<\/p>\n<p>La parte interactiva es cuando lo cultural se transforma en educativo, como es el caso de los talleres itinerantes gratuitos al aire libre para toda edad, como\u00a0una amplia gama de propuestas vinculadas a la m\u00fasica y el baile. Continuar\u00e1n los talleres anuales de la Escuela de Percusi\u00f3n con Se\u00f1as a cargo de Santiago V\u00e1zquez, el Taller de canto \u201cDivos y Divas\u201d y los talleres de Danzas R\u00edtmicas y Urbanas, Tango y Danzas y Expresiones Afroperuanas. Adem\u00e1s los m\u00e1s j\u00f3venes podr\u00e1n sumergirse en el universo de la mezcla musical en el taller de DJ \u2013 Scratch y aprender herramientas tecnol\u00f3gicas y estrategias de Introducci\u00f3n a la producci\u00f3n musical.<\/p>\n<p>Se destacan tambi\u00e9n actividades relacionadas al cine, la fotograf\u00eda, el teatro y la literatura como los talleres de Stop Motion, Fotoperiodismo con celular, el Taller Montaje \u201cDerechos Torcidos\u201d a cargo de Carlos Gianni y Rub\u00e9n Segal con alumnos entre 6to y 7mo grado y el Taller de Encuentros de Cine \u201cFormaci\u00f3n, Creaci\u00f3n y pasi\u00f3n\u201d. Adem\u00e1s el universo de la obra de Shakespeare llegar\u00e1 a los barrios en una propuesta transversal ideada por Juan Ignacio Fern\u00e1ndez que incluye a los talleres de Stop Motion, Rap y literatura y Cine. Adem\u00e1s un Taller de Radio Teatro en donde se trabajar\u00e1 con textos del autor y un Taller de historietas shakespeareanas.<\/p>\n<p>Los talleres de la Escuela Integral de Dise\u00f1o continuar\u00e1n a lo largo del a\u00f1o con propuestas como Encuadernaci\u00f3n Artesanal, Serigraf\u00eda, Tintes Naturales, el taller de creaci\u00f3n colectiva de Macro Joyer\u00eda- Proyecto Reinas y el Taller de objetos textiles de las creadoras de \u201cCarro\u201d.<\/p>\n<p>Durante 2018, el programa Arte en Barrios presentar\u00e1 tambi\u00e9n una gran variedad de espect\u00e1culos. Cinem\u00f3vil, ciclo de cine itinerante, ofrecer\u00e1 desde el 28 de abril pel\u00edculas para toda la familia, nacionales e internacionales todos lo s\u00e1bados en los diferentes barrios. El programa realiza adem\u00e1s un trabajo de ida y vuelta con los Festivales de la Ciudad, extendiendo sus sedes a todos los barrios con los que trabaja el programa, pero tambi\u00e9n identificando artistas para incluir en la programaci\u00f3n de los festivales. En el marco del BAFICI, entre el 13 y el 22 de abril se realizar\u00e1n diez proyecciones del ciclo Baficito en diez sedes distintas en conjunto con diferentes talleres. Adem\u00e1s por primera vez Arte en Barrios realizar\u00e1 un Festival de Cultura Urbana en el que se nuclear\u00e1n artistas de distintas disciplinas vinculadas a la cultura urbana, todos ellos provenientes de los barrios vulnerables de la ciudad. Como novedad de 2018 se presenta tambi\u00e9n \u00bfTe gusta? Venite! , un formato que se acerca a los barrios con una muestra de las actividades culturales que ofrece el GCBA. A partir del 5 de mayo los vecinos podr\u00e1n disfrutar de muestras de todos los festivales de la ciudad y de espect\u00e1culos de artistas de los diferentes barrios junto con artistas consagrados. Los espect\u00e1culos ser\u00e1n tambi\u00e9n acompa\u00f1ados por talleres de diversas disciplinas en formato express.<\/p>\n<p>Dentro del programa Arte en Barrios se realizan tambi\u00e9n una gran variedad de salidas culturales. Por un lado, salidas motivacionales junto a los alumnos que asisten a los diversos talleres, con el objetivo de inspirar y motivar la creaci\u00f3n art\u00edstica. Por otro lado, se busca llegar a un amplio n\u00famero de vecinos, trabajando en la formaci\u00f3n de nuevos p\u00fablicos culturales, que no hayan tenido antes un acercamiento previo con el arte. El objetivo es despertar el inter\u00e9s y el h\u00e1bito de ir a teatros, shows, museos y a los Festivales que forman parte de la oferta cultural de la Ciudad de Buenos Aires garantizando as\u00ed la igualdad de oportunidades en el acceso a los p\u00fablicos al arte y la cultura.<\/p>\n<p>La formaci\u00f3n de nuevos p\u00fablicos no se reduce a una visita guiada o un espect\u00e1culo; implica un proceso de conocer diferentes disciplinas culturales, abrir las puertas de numerosas instituciones art\u00edsticas, para que el siguiente paso sea que las personas adquieran el h\u00e1bito de acercarse a estos espacios.<\/p>\n<p>Durante 2018 dentro del programa se har\u00e1n 500 salidas culturales a espacios como el Teatro Col\u00f3n, Mamba, Complejo Teatral Buenos Aires, Fundaci\u00f3n PROA, el Museo Nacional de Bellas Artes, La Usina Del Arte, Festivales De La Ciudad, El Congreso De La Naci\u00f3n, Centro Cultural Konex, Luna Park y el Teatro Gran Rex.<\/p>\n<p>El objetivo principal de Arte en Barrios es garantizar el acceso universal a la cultura, acercando la oferta cultural a diferentes barrios y zonas como el Play\u00f3n de Chacarita; Barrio Sald\u00edas; Barrio 31; Rodrigo Bueno; Lamadrid; Zavaleta; 21-24 en Barracas; Barrio Juan XXIII; 1-11-14; Barrio Rivadavia II; Los Piletones; F\u00e1tima; Barrio Cilda\u00f1ez; Villa 20 de Lugano; Ciudad Oculta, Barrio Piedrabuena, Carrillo, Complejo Padre Mugica, Soldati y Lugano I y II.<\/p>","protected":false},"excerpt":{"rendered":"<p>Arte en Barrios, el programa conjunto de los Ministerios de Cultura, de Desarrollo Humano y H\u00e1bitat m\u00e1s la Secretar\u00eda de Integraci\u00f3n Social y Urbana y el Instituto de la Vivienda del GCBA anuncia sus actividades culturales gratuitas, para lo que resta de abril, en las que identifican como\u00a020 zonas vulnerables de la Ciudad. All\u00ed habr\u00e1 [&hellip;]<\/p>","protected":false},"author":1,"featured_media":0,"comment_status":"open","ping_status":"closed","sticky":false,"template":"","format":"standard","meta":[],"categories":[5],"tags":[],"series":[],"_links":{"self":[{"href":"https:\/\/www.diario5.com.ar\/es\/wp-json\/wp\/v2\/posts\/604421"}],"collection":[{"href":"https:\/\/www.diario5.com.ar\/es\/wp-json\/wp\/v2\/posts"}],"about":[{"href":"https:\/\/www.diario5.com.ar\/es\/wp-json\/wp\/v2\/types\/post"}],"author":[{"embeddable":true,"href":"https:\/\/www.diario5.com.ar\/es\/wp-json\/wp\/v2\/users\/1"}],"replies":[{"embeddable":true,"href":"https:\/\/www.diario5.com.ar\/es\/wp-json\/wp\/v2\/comments?post=604421"}],"version-history":[{"count":1,"href":"https:\/\/www.diario5.com.ar\/es\/wp-json\/wp\/v2\/posts\/604421\/revisions"}],"predecessor-version":[{"id":604422,"href":"https:\/\/www.diario5.com.ar\/es\/wp-json\/wp\/v2\/posts\/604421\/revisions\/604422"}],"wp:attachment":[{"href":"https:\/\/www.diario5.com.ar\/es\/wp-json\/wp\/v2\/media?parent=604421"}],"wp:term":[{"taxonomy":"category","embeddable":true,"href":"https:\/\/www.diario5.com.ar\/es\/wp-json\/wp\/v2\/categories?post=604421"},{"taxonomy":"post_tag","embeddable":true,"href":"https:\/\/www.diario5.com.ar\/es\/wp-json\/wp\/v2\/tags?post=604421"},{"taxonomy":"series","embeddable":true,"href":"https:\/\/www.diario5.com.ar\/es\/wp-json\/wp\/v2\/series?post=604421"}],"curies":[{"name":"wp","href":"https:\/\/api.w.org\/{rel}","templated":true}]}}