{"id":604358,"date":"2018-04-05T12:26:25","date_gmt":"2018-04-05T15:26:25","guid":{"rendered":"http:\/\/diario5.com.ar\/?p=604358"},"modified":"2018-04-05T18:41:08","modified_gmt":"2018-04-05T21:41:08","slug":"terminales-nuevas-para-validar-cargas-online-de-la-sube","status":"publish","type":"post","link":"https:\/\/www.diario5.com.ar\/es\/terminales-nuevas-para-validar-cargas-online-de-la-sube\/","title":{"rendered":"Terminales nuevas para validar cargas online de la SUBE"},"content":{"rendered":"<h2 class=\"sub-title-primary\"><\/h2> <figure style=\"width: 600px\" class=\"wp-caption alignright\"><img decoding=\"async\" loading=\"lazy\" class=\"\" src=\"http:\/\/diario5.com.ar\/img\/terminal-sube.jpg\" width=\"600\" height=\"338\" \/><figcaption class=\"wp-caption-text\">Intalar\u00e1n 1500 nuevas Terminales autom\u00e1ticas para validar la carga de la tarjeta SUBE por homebanking<\/figcaption><\/figure>\n<p>El Ministerio de Transporte de la Naci\u00f3n instalar\u00e1 1500 terminales para aumentar la carga online de la tarjeta SUBE.<\/p>\n<p>El anuncio de este operativo se realiza luego de que se constatara que los usuarios perd\u00edan hasta 3 d\u00edas para poder validar la carga por no haber suficiente cantidad de terminales y por las denuncias al Banco Naci\u00f3n sobre las m\u00e1quinas que no funcionan.<\/p>\n<p>En tanto, Macri se re\u00fane en Misiones con los mandatarios provinciales del Noreste argentino.<\/p>\n<p>En Puerto Iguaz\u00fa, los gobernadores de Misiones, Hugo Passalacqua; de Corrientes, Gustavo Vald\u00e9s; de Formosa, Gildo Insfr\u00e1n; y de Chaco, Domingo Peppo, buscan impulsar las potencialidades productivas y mejorar el desarrollo social del NEA.<\/p>\n<p>El jefe de Estado viaj\u00f3 con los ministros del Interior, Desarrollo Social, Agroindustria, Seguridad, Producci\u00f3n, Energ\u00eda, Turismo y Ambiente.<br \/>\nEl Presidente visit\u00f3 las obras del aeropuerto Puerto Iguaz\u00fa y otros emprendimientos. En estos momentos, Macri y los ministros Frigerio, Stanley, Etchevehere, Bullrich, Cabrera, Aranguren, Santos y Bergman, se distribuyen en reuniones en el Viejo Hotel Cataratas.<\/p>\n<p>En Brasil, luego de que la decisi\u00f3n de la Corte Suprema fallara en contra del habeas corpus presentado por Lula Da Silva, siguen apareciendo manifestaciones de repudio al jefe del ej\u00e9rcito.<\/p>\n<p>El general Eduardo Villas Boas hab\u00eda, antes de la decisi\u00f3n de la Corte Suprema, que hab\u00eda que \u00abrepudiar la inmunidad\u00bb. A partir de que pol\u00edticos y abogados denunciaran un intento de presi\u00f3n a los jueces, en Brasil, cada vez m\u00e1s instituciones se manifiestan contra el golpismo.<\/p>\n<p>Tras la tumultuosa visita del ministro de Finanzas, Luis Caputo, a la Comisi\u00f3n Bicameral, el presidente del organismo se defendi\u00f3 de las acusaciones surgidas desde la oposici\u00f3n, que lo se\u00f1alaban como virtual protector del ministro durante la interpelaci\u00f3n.<br \/>\nJos\u00e9 Mayans se mostr\u00f3 lejano al plan econ\u00f3mico y cuestion\u00f3 la explicaci\u00f3n que Caputo dio sobre las cuentas offshore, pero aclar\u00f3 que en estas situaciones hay que manejarse con respeto, ya que le pidi\u00f3 unas 10 veces a la diputada Gabriela Cerruti que se sentara, sin obtener respuesta.<\/p>\n<p>&nbsp;<\/p>","protected":false},"excerpt":{"rendered":"<p>El Ministerio de Transporte de la Naci\u00f3n instalar\u00e1 1500 terminales para aumentar la carga online de la tarjeta SUBE. El anuncio de este operativo se realiza luego de que se constatara que los usuarios perd\u00edan hasta 3 d\u00edas para poder validar la carga por no haber suficiente cantidad de terminales y por las denuncias al [&hellip;]<\/p>","protected":false},"author":1,"featured_media":0,"comment_status":"open","ping_status":"closed","sticky":false,"template":"","format":"standard","meta":[],"categories":[45],"tags":[],"series":[],"_links":{"self":[{"href":"https:\/\/www.diario5.com.ar\/es\/wp-json\/wp\/v2\/posts\/604358"}],"collection":[{"href":"https:\/\/www.diario5.com.ar\/es\/wp-json\/wp\/v2\/posts"}],"about":[{"href":"https:\/\/www.diario5.com.ar\/es\/wp-json\/wp\/v2\/types\/post"}],"author":[{"embeddable":true,"href":"https:\/\/www.diario5.com.ar\/es\/wp-json\/wp\/v2\/users\/1"}],"replies":[{"embeddable":true,"href":"https:\/\/www.diario5.com.ar\/es\/wp-json\/wp\/v2\/comments?post=604358"}],"version-history":[{"count":2,"href":"https:\/\/www.diario5.com.ar\/es\/wp-json\/wp\/v2\/posts\/604358\/revisions"}],"predecessor-version":[{"id":604360,"href":"https:\/\/www.diario5.com.ar\/es\/wp-json\/wp\/v2\/posts\/604358\/revisions\/604360"}],"wp:attachment":[{"href":"https:\/\/www.diario5.com.ar\/es\/wp-json\/wp\/v2\/media?parent=604358"}],"wp:term":[{"taxonomy":"category","embeddable":true,"href":"https:\/\/www.diario5.com.ar\/es\/wp-json\/wp\/v2\/categories?post=604358"},{"taxonomy":"post_tag","embeddable":true,"href":"https:\/\/www.diario5.com.ar\/es\/wp-json\/wp\/v2\/tags?post=604358"},{"taxonomy":"series","embeddable":true,"href":"https:\/\/www.diario5.com.ar\/es\/wp-json\/wp\/v2\/series?post=604358"}],"curies":[{"name":"wp","href":"https:\/\/api.w.org\/{rel}","templated":true}]}}