{"id":604338,"date":"2018-04-09T07:39:24","date_gmt":"2018-04-09T10:39:24","guid":{"rendered":"http:\/\/diario5.com.ar\/?p=604338"},"modified":"2021-02-04T15:19:22","modified_gmt":"2021-02-04T18:19:22","slug":"ahora-los-vehiculos-particulares-necesitan-permisos-para-ingresar-al-macrocentro","status":"publish","type":"post","link":"https:\/\/www.diario5.com.ar\/es\/ahora-los-vehiculos-particulares-necesitan-permisos-para-ingresar-al-macrocentro\/","title":{"rendered":"Ahora, los veh\u00edculos particulares necesitan permisos para ingresar al macrocentro"},"content":{"rendered":"<h2 class=\"sub-title-primary\"><\/h2> <figure style=\"width: 616px\" class=\"wp-caption alignright\"><img decoding=\"async\" loading=\"lazy\" class=\"\" src=\"http:\/\/diario5.com.ar\/img\/auto-microcentro.jpg\" width=\"616\" height=\"305\" \/><figcaption class=\"wp-caption-text\">No se notar\u00e1n demasiado los cambios presentados<\/figcaption><\/figure>\n<p>La verdad es que no es la primera que existe una medida parecida. S\u00ed es necesario a clarar que la jerarqu\u00f1ia de la restricci\u00f3n -esta vez- se muestra algo m\u00e1s poderosa. Y es que los flancos para el cambiuo de conciencia hay que utiliozarlos todos y agotar todas las instancias como para que en Buenos Aires todos comprendan que la circulaci\u00f3n en autom\u00f3vil particular es un lujos que s\u00f3lo est\u00e1n asumiendo quienes tienen mucho dinero para pagarlo, por lo que, en la mirada del GCBA, se hace necesario aumentar el precio para tal osad\u00eda.<\/p>\n<p>Retiro, el Casco Hist\u00f3rico, el cuadro Av. Santa Fe &#8211; Carlos Pellegrini &#8211; Av. Belgrano Av. Paseo Col\u00f3n, queda s\u00f3lo para el transporte p\u00fablico, los peatones, las bicicletas y esos personajes insoportables que miran al resto de los ciudadanos con aires imperial, desde los autom\u00f3viles con una autorizaci\u00f3n totalmente diferente a la de los veh\u00edculos que transportan a personas con discapacidad, chicos en edad escolar, combis de comitivas o grupos tur\u00edsticos.<\/p>\n<p>Son, habitualmente, banqueros y personal jer\u00e1rquico de los mismos bancos o funcionarios p\u00fablicos. Y ellos, entre s\u00ed, se combinan de una rara manera cuando aparecen en el microcentro: Son much\u00edsimos pero como no van a trabajar os 5 d\u00edas h\u00e1biles de la semana, siempre hay comodidad para que sus ostentosos autom\u00f3viles pasen entre los bolardo y lleguen al garage de destino.<\/p>\n<p>Vale que todos le hagamos saber al gobierno que siempre el privilegio molesta a los que pensamos y dispara resentimientos en quienes se perjudican por por tales prebendas. Ya los sab\u00edamos. Les van a dar autorizaci\u00f3n a los de siempre y pagaremos las incomodidades los de siempre<\/p>","protected":false},"excerpt":{"rendered":"<p>La verdad es que no es la primera que existe una medida parecida. S\u00ed es necesario a clarar que la jerarqu\u00f1ia de la restricci\u00f3n -esta vez- se muestra algo m\u00e1s poderosa. Y es que los flancos para el cambiuo de conciencia hay que utiliozarlos todos y agotar todas las instancias como para que en Buenos [&hellip;]<\/p>","protected":false},"author":4,"featured_media":0,"comment_status":"closed","ping_status":"closed","sticky":false,"template":"","format":"standard","meta":[],"categories":[75,1],"tags":[],"series":[],"_links":{"self":[{"href":"https:\/\/www.diario5.com.ar\/es\/wp-json\/wp\/v2\/posts\/604338"}],"collection":[{"href":"https:\/\/www.diario5.com.ar\/es\/wp-json\/wp\/v2\/posts"}],"about":[{"href":"https:\/\/www.diario5.com.ar\/es\/wp-json\/wp\/v2\/types\/post"}],"author":[{"embeddable":true,"href":"https:\/\/www.diario5.com.ar\/es\/wp-json\/wp\/v2\/users\/4"}],"replies":[{"embeddable":true,"href":"https:\/\/www.diario5.com.ar\/es\/wp-json\/wp\/v2\/comments?post=604338"}],"version-history":[{"count":2,"href":"https:\/\/www.diario5.com.ar\/es\/wp-json\/wp\/v2\/posts\/604338\/revisions"}],"predecessor-version":[{"id":604392,"href":"https:\/\/www.diario5.com.ar\/es\/wp-json\/wp\/v2\/posts\/604338\/revisions\/604392"}],"wp:attachment":[{"href":"https:\/\/www.diario5.com.ar\/es\/wp-json\/wp\/v2\/media?parent=604338"}],"wp:term":[{"taxonomy":"category","embeddable":true,"href":"https:\/\/www.diario5.com.ar\/es\/wp-json\/wp\/v2\/categories?post=604338"},{"taxonomy":"post_tag","embeddable":true,"href":"https:\/\/www.diario5.com.ar\/es\/wp-json\/wp\/v2\/tags?post=604338"},{"taxonomy":"series","embeddable":true,"href":"https:\/\/www.diario5.com.ar\/es\/wp-json\/wp\/v2\/series?post=604338"}],"curies":[{"name":"wp","href":"https:\/\/api.w.org\/{rel}","templated":true}]}}