{"id":604225,"date":"2018-03-22T11:57:51","date_gmt":"2018-03-22T14:57:51","guid":{"rendered":"http:\/\/diario5.com.ar\/?p=604225"},"modified":"2018-03-23T01:21:54","modified_gmt":"2018-03-23T04:21:54","slug":"maestros-argentinos-nominados-al-global-teacher-prize","status":"publish","type":"post","link":"https:\/\/www.diario5.com.ar\/es\/maestros-argentinos-nominados-al-global-teacher-prize\/","title":{"rendered":"Maestros argentinos nominados al Global Teacher Prize"},"content":{"rendered":"<h2 class=\"sub-title-primary\"><\/h2> <p>El secretario general del Sindicato \u00danico de Trabajadores de la Educaci\u00f3n (Suteba), Roberto Baradel y la titular de la Federaci\u00f3n de Educadores Bonaerenses (FEB), Mirta Petrocini, aseguraron hoy que si el gobierno de la provincia de Buenos Aires no convoca a los gremios y mejora la oferta de aumento salarial, realizar\u00e1n un paro durante la primera semana de abril.<\/p>\n<p>\u00abSeguramente el paro sea la primera semana de abril \u00ab, explic\u00f3 hoy Baradel, mientras que Petrocini dijo que \u00abel gobierno est\u00e1 construyendo el paro\u00bb. Todo, un d\u00eda despu\u00e9s de que fracasara la negociaci\u00f3n en el Ministerio de Econom\u00eda, en La Plata, donde el Gobierno de Vidal propuso un salario, que inclu\u00eda 3.000 pesos anuales por capacitaci\u00f3n y un adelanto de entre 1.800 y 4.500 pesos en marzo, a cuenta.<br \/>\nMientras tanto y casi parad\u00f3jicamente, Macri recibe a docentes nominados a un premio internacional. Son Silvana Carnicero y Germ\u00e1n Soto, maestros argentinos nominados al Global Teacher Prize, que desde hace 4 a\u00f1os premia a los mejores docentes del planeta por su esfuerzo, la originalidad de sus propuestas pedag\u00f3gicas y el alcance de sus trabajos<\/p>\n<p>Lo hace luego de mantener un encuentro con mujeres que viajar\u00e1n a la India para capacitarse en energ\u00eda solar y al filo de recibir al CEO mundial de Fiat, Sergio Marchionne.<br \/>\nEl presidente Macri, tras lanzar la candidatura de In\u00e9s Weinberg de Roca para la jefatura de la Procuraci\u00f3n General de la Naci\u00f3n, alista a los 25 senadores de Cambiemos para la ardua negociaci\u00f3n que se viene.<\/p>\n<p>El oficialismo necesitar\u00e1 48 votos en el Senado, por o que la b\u00fasqueda de apoyos se dirigir\u00e1 hacia el Interbloque Federal y el Pichettismo.<br \/>\nEl equipo especial anticorrupci\u00f3n de la Fiscal\u00eda de Per\u00fa solicit\u00f3 al Poder Judicial que impida la salida del pa\u00eds de Pedro Pablo Kuczynski, tras su renuncia a la presidencia en medio de denuncias por compra de votos en el Congreso, inform\u00f3 la prensa local.<\/p>\n<p>El pedido de la Fiscal\u00eda fue presentado en la noche del mi\u00e9rcoles ante el Juzgado de Investigaci\u00f3n Preparatoria Nacional que procesa los casos de corrupci\u00f3n vinculados al esc\u00e1ndalo Lava Jato en el Per\u00fa, de acuerdo a fuentes del Ministerio P\u00fablico.<\/p>","protected":false},"excerpt":{"rendered":"<p>El secretario general del Sindicato \u00danico de Trabajadores de la Educaci\u00f3n (Suteba), Roberto Baradel y la titular de la Federaci\u00f3n de Educadores Bonaerenses (FEB), Mirta Petrocini, aseguraron hoy que si el gobierno de la provincia de Buenos Aires no convoca a los gremios y mejora la oferta de aumento salarial, realizar\u00e1n un paro durante la [&hellip;]<\/p>","protected":false},"author":1,"featured_media":0,"comment_status":"open","ping_status":"closed","sticky":false,"template":"","format":"standard","meta":[],"categories":[7],"tags":[],"series":[],"_links":{"self":[{"href":"https:\/\/www.diario5.com.ar\/es\/wp-json\/wp\/v2\/posts\/604225"}],"collection":[{"href":"https:\/\/www.diario5.com.ar\/es\/wp-json\/wp\/v2\/posts"}],"about":[{"href":"https:\/\/www.diario5.com.ar\/es\/wp-json\/wp\/v2\/types\/post"}],"author":[{"embeddable":true,"href":"https:\/\/www.diario5.com.ar\/es\/wp-json\/wp\/v2\/users\/1"}],"replies":[{"embeddable":true,"href":"https:\/\/www.diario5.com.ar\/es\/wp-json\/wp\/v2\/comments?post=604225"}],"version-history":[{"count":1,"href":"https:\/\/www.diario5.com.ar\/es\/wp-json\/wp\/v2\/posts\/604225\/revisions"}],"predecessor-version":[{"id":604226,"href":"https:\/\/www.diario5.com.ar\/es\/wp-json\/wp\/v2\/posts\/604225\/revisions\/604226"}],"wp:attachment":[{"href":"https:\/\/www.diario5.com.ar\/es\/wp-json\/wp\/v2\/media?parent=604225"}],"wp:term":[{"taxonomy":"category","embeddable":true,"href":"https:\/\/www.diario5.com.ar\/es\/wp-json\/wp\/v2\/categories?post=604225"},{"taxonomy":"post_tag","embeddable":true,"href":"https:\/\/www.diario5.com.ar\/es\/wp-json\/wp\/v2\/tags?post=604225"},{"taxonomy":"series","embeddable":true,"href":"https:\/\/www.diario5.com.ar\/es\/wp-json\/wp\/v2\/series?post=604225"}],"curies":[{"name":"wp","href":"https:\/\/api.w.org\/{rel}","templated":true}]}}