{"id":603900,"date":"2018-02-25T07:04:05","date_gmt":"2018-02-25T10:04:05","guid":{"rendered":"http:\/\/diario5.com.ar\/?p=603900"},"modified":"2018-02-24T17:54:18","modified_gmt":"2018-02-24T20:54:18","slug":"603900","status":"publish","type":"post","link":"https:\/\/www.diario5.com.ar\/es\/603900\/","title":{"rendered":"Festival Unicos en Alcorta y Dorrego"},"content":{"rendered":"<h2 class=\"sub-title-primary\"><\/h2> <figure style=\"width: 618px\" class=\"wp-caption alignright\"><img decoding=\"async\" loading=\"lazy\" class=\"\" src=\"http:\/\/diario5.com.ar\/img\/elegidas.jpg\" width=\"618\" height=\"379\" \/><figcaption class=\"wp-caption-text\">Elegidas. Argentina y Espa\u00f1a re\u00fanen en el Festival Unicos algunas de sus cantantes con mayor popularidad.<\/figcaption><\/figure>\n<p>Ayer,\u00a0Joan Manuel Serrat con Elena Roger luego de Jairo, junto al Col\u00f3n. Hoy la fiesta se agiganta porque abarca a m\u00e1s generaciones de p\u00fablico. En Dorrego y Figueroa Alcorta, a las 18: Gardel por Ariel Ardit.\u00a0A las 19:30: Luis Fonsi<\/p>\n<p>A las 20:30; los duetos:<br \/>\nHilda Lizarazu + Vanesa Martin.<br \/>\nPatricia Sosa + Marta S\u00e1nchez.<br \/>\nLali + Bebe.<br \/>\nMarcela Morelo + Pastora Soler.<br \/>\nLucia Gal\u00e1n + Ni\u00f1a Pastori.<br \/>\nKarina, la princesita + India Martinez.<br \/>\nTini Stoessel+ India Mart\u00ednez.<br \/>\nElena Roger + La Mari.<br \/>\nKarina, la princesita + Ni\u00f1a Pastori.<\/p>\n<p>Es innegable lo atractivo de la propuesta, m\u00e1s all\u00e1 de que los d\u00faos conforman un recurso demasiado usado por el negocio actual de la m\u00fasica, como para reciclar permanentemente la convocatoria que los artistas requieren cuando su repertorio es candidato al desgaste.<\/p>\n<p>Ya pasaron por el Teatro Col\u00f3n. Ahora, gratis, para todos.<\/p>\n<p>Luis Fonsi y su hit Despacito en versi\u00f3n sinf\u00f3nica. Antes Ariel Ardit interpretar\u00e1 lo mejor de Carlos Gardel. La jornada finalizar\u00e1 con un variado show de duetos de destacadas voces femeninas, como Hilda Lizarazu y Vanesa Martin, Patricia Sosa y Marta S\u00e1nchez, Tini Stoessel e India Mart\u00ednez y Elena Roger y La Mari, entre otras.<\/p>\n<p>El s\u00e1bado 3 de marzo, en el mismo escenario, habr\u00e1 mucho m\u00e1s. Hoy, se dispara un festival con pocos precedentes para estas caracter\u00edsticas y \u00fanico en cuanto a la suma de figuras populares.<\/p>","protected":false},"excerpt":{"rendered":"<p>Ayer,\u00a0Joan Manuel Serrat con Elena Roger luego de Jairo, junto al Col\u00f3n. Hoy la fiesta se agiganta porque abarca a m\u00e1s generaciones de p\u00fablico. En Dorrego y Figueroa Alcorta, a las 18: Gardel por Ariel Ardit.\u00a0A las 19:30: Luis Fonsi A las 20:30; los duetos: Hilda Lizarazu + Vanesa Martin. Patricia Sosa + Marta S\u00e1nchez. [&hellip;]<\/p>","protected":false},"author":1,"featured_media":0,"comment_status":"open","ping_status":"closed","sticky":false,"template":"","format":"standard","meta":[],"categories":[16],"tags":[],"series":[],"_links":{"self":[{"href":"https:\/\/www.diario5.com.ar\/es\/wp-json\/wp\/v2\/posts\/603900"}],"collection":[{"href":"https:\/\/www.diario5.com.ar\/es\/wp-json\/wp\/v2\/posts"}],"about":[{"href":"https:\/\/www.diario5.com.ar\/es\/wp-json\/wp\/v2\/types\/post"}],"author":[{"embeddable":true,"href":"https:\/\/www.diario5.com.ar\/es\/wp-json\/wp\/v2\/users\/1"}],"replies":[{"embeddable":true,"href":"https:\/\/www.diario5.com.ar\/es\/wp-json\/wp\/v2\/comments?post=603900"}],"version-history":[{"count":7,"href":"https:\/\/www.diario5.com.ar\/es\/wp-json\/wp\/v2\/posts\/603900\/revisions"}],"predecessor-version":[{"id":603907,"href":"https:\/\/www.diario5.com.ar\/es\/wp-json\/wp\/v2\/posts\/603900\/revisions\/603907"}],"wp:attachment":[{"href":"https:\/\/www.diario5.com.ar\/es\/wp-json\/wp\/v2\/media?parent=603900"}],"wp:term":[{"taxonomy":"category","embeddable":true,"href":"https:\/\/www.diario5.com.ar\/es\/wp-json\/wp\/v2\/categories?post=603900"},{"taxonomy":"post_tag","embeddable":true,"href":"https:\/\/www.diario5.com.ar\/es\/wp-json\/wp\/v2\/tags?post=603900"},{"taxonomy":"series","embeddable":true,"href":"https:\/\/www.diario5.com.ar\/es\/wp-json\/wp\/v2\/series?post=603900"}],"curies":[{"name":"wp","href":"https:\/\/api.w.org\/{rel}","templated":true}]}}