{"id":603898,"date":"2018-02-24T11:03:58","date_gmt":"2018-02-24T14:03:58","guid":{"rendered":"http:\/\/diario5.com.ar\/?p=603898"},"modified":"2018-02-24T13:21:35","modified_gmt":"2018-02-24T16:21:35","slug":"jairo-y-serrat-abren-el-festival-unicos","status":"publish","type":"post","link":"https:\/\/www.diario5.com.ar\/es\/jairo-y-serrat-abren-el-festival-unicos\/","title":{"rendered":"Jairo y Serrat-Roger abren el festival Unicos"},"content":{"rendered":"<h2 class=\"sub-title-primary\"><\/h2> <figure id=\"attachment_603905\" aria-describedby=\"caption-attachment-603905\" style=\"width: 605px\" class=\"wp-caption alignright\"><img decoding=\"async\" loading=\"lazy\" class=\"wp-image-603905\" src=\"http:\/\/diario5.com.ar\/wp-content\/uploads\/2018\/02\/serrat-roger-1024x772.jpg\" alt=\"Joan Manuel Serrat y Elena Roger\" width=\"605\" height=\"456\" srcset=\"https:\/\/www.diario5.com.ar\/wp-content\/uploads\/2018\/02\/serrat-roger-1024x772.jpg 1024w, https:\/\/www.diario5.com.ar\/wp-content\/uploads\/2018\/02\/serrat-roger-300x226.jpg 300w, https:\/\/www.diario5.com.ar\/wp-content\/uploads\/2018\/02\/serrat-roger-768x579.jpg 768w, https:\/\/www.diario5.com.ar\/wp-content\/uploads\/2018\/02\/serrat-roger-400x301.jpg 400w, https:\/\/www.diario5.com.ar\/wp-content\/uploads\/2018\/02\/serrat-roger-260x196.jpg 260w, https:\/\/www.diario5.com.ar\/wp-content\/uploads\/2018\/02\/serrat-roger-160x121.jpg 160w, https:\/\/www.diario5.com.ar\/wp-content\/uploads\/2018\/02\/serrat-roger.jpg 1160w\" sizes=\"(max-width: 605px) 100vw, 605px\" \/><figcaption id=\"caption-attachment-603905\" class=\"wp-caption-text\">Joan Manuel Serrat y Elena Roger<\/figcaption><\/figure>\n<p>Ser\u00e1 una serie tan completa de conciertos m\u00faltiples como pocas veces se produjo en la Ciudad de Buenos Aires. Cada cantante tendr\u00e1 la oportunidad de ofrecer lo est\u00e1n dando en llamar \u00abversiones sinf\u00f3nicas\u00bb de sus temas.<\/p>\n<p>Hoy a las 18.00, con un repertorio que trae garan\u00edas de atrapara a varias generaciones con su bater\u00eda de \u00e9xitos y canciones de homenaje a grandes creadores argentinos, Jairo ser\u00e1 \u00abtelonero\u00bb de una de las presentaciones m\u00e1s esperadas por el gran p\u00fablico: la reuni\u00f3n en el escenario de Joan Manuel Serrat y Elena Roger.<\/p>\n<p>La actuaci\u00f3n del duetto, abre el juego a todos quienes quieran verlos en vivo, experiencia ya vivida por algunos privilegiados que, durante esta semana, estuvieron presentes puertas adentro del Col\u00f3n, para acompa\u00f1ar al cantante catal\u00e1n en su llegada al escenario m\u00e1s importante del pa\u00eds.<\/p>\n<p>La actuaci\u00f3n de Jairo y Serrat m\u00e1s Roger, ser\u00e1 en el escenario permanente montado en la Plaza Vaticano, junto al edificio del primer coliseo argentino. El turno del creador de Mediterr\u00e1neo llegar\u00e1 a las 19.30, para -junto a la argentina m\u00e1s experimentada en musicales internacionales- realizar las performances especiales con el acomp\u00e0\u00f1amiento de la Orquesta Sinf\u00f3nica del Teatro Col\u00f3n.<\/p>\n<p>Lo mismo ocurrir\u00e1 con una sorprendente reuni\u00f3n de cantantes argentinas y espa\u00f1olas que se presentar\u00e1n en Palermo (Figueroa Alcorta y Dorrego), ma\u00f1ana, domingo 25.<\/p>\n<p>Ma\u00f1ana, luego de las presentaciones de Ariel Ardit, con su \u00abGardel por\u00a0Ariel Ardit\u00bb, a las 18.00 y Luis Fonsi, con su \u00abDespacito sinf\u00f3nico\u00bb a las 19:30, se reunir\u00e1n, desde las 20.30, en d\u00faos Hilda Lizarazu + Vanesa Martin,\u00a0Patricia Sosa + Marta S\u00e1nchez,\u00a0Lali + Bebe,\u00a0Marcela Morelo + Pastora Soler,\u00a0Lucia Gal\u00e1n + Ni\u00f1a Pastori,\u00a0Karina, la princesita + India Martinez,\u00a0TiniStoessel+ India Mart\u00ednez,\u00a0Elena Roger + La Mari y\u00a0Karina, la princesita + Ni\u00f1a Pastori.<\/p>\n<p>&nbsp;<\/p>","protected":false},"excerpt":{"rendered":"<p>Ser\u00e1 una serie tan completa de conciertos m\u00faltiples como pocas veces se produjo en la Ciudad de Buenos Aires. Cada cantante tendr\u00e1 la oportunidad de ofrecer lo est\u00e1n dando en llamar \u00abversiones sinf\u00f3nicas\u00bb de sus temas. Hoy a las 18.00, con un repertorio que trae garan\u00edas de atrapara a varias generaciones con su bater\u00eda de [&hellip;]<\/p>","protected":false},"author":1,"featured_media":603905,"comment_status":"open","ping_status":"closed","sticky":false,"template":"","format":"standard","meta":[],"categories":[16],"tags":[],"series":[],"_links":{"self":[{"href":"https:\/\/www.diario5.com.ar\/es\/wp-json\/wp\/v2\/posts\/603898"}],"collection":[{"href":"https:\/\/www.diario5.com.ar\/es\/wp-json\/wp\/v2\/posts"}],"about":[{"href":"https:\/\/www.diario5.com.ar\/es\/wp-json\/wp\/v2\/types\/post"}],"author":[{"embeddable":true,"href":"https:\/\/www.diario5.com.ar\/es\/wp-json\/wp\/v2\/users\/1"}],"replies":[{"embeddable":true,"href":"https:\/\/www.diario5.com.ar\/es\/wp-json\/wp\/v2\/comments?post=603898"}],"version-history":[{"count":4,"href":"https:\/\/www.diario5.com.ar\/es\/wp-json\/wp\/v2\/posts\/603898\/revisions"}],"predecessor-version":[{"id":603906,"href":"https:\/\/www.diario5.com.ar\/es\/wp-json\/wp\/v2\/posts\/603898\/revisions\/603906"}],"wp:featuredmedia":[{"embeddable":true,"href":"https:\/\/www.diario5.com.ar\/es\/wp-json\/wp\/v2\/media\/603905"}],"wp:attachment":[{"href":"https:\/\/www.diario5.com.ar\/es\/wp-json\/wp\/v2\/media?parent=603898"}],"wp:term":[{"taxonomy":"category","embeddable":true,"href":"https:\/\/www.diario5.com.ar\/es\/wp-json\/wp\/v2\/categories?post=603898"},{"taxonomy":"post_tag","embeddable":true,"href":"https:\/\/www.diario5.com.ar\/es\/wp-json\/wp\/v2\/tags?post=603898"},{"taxonomy":"series","embeddable":true,"href":"https:\/\/www.diario5.com.ar\/es\/wp-json\/wp\/v2\/series?post=603898"}],"curies":[{"name":"wp","href":"https:\/\/api.w.org\/{rel}","templated":true}]}}