{"id":603719,"date":"2018-02-08T14:37:27","date_gmt":"2018-02-08T17:37:27","guid":{"rendered":"http:\/\/diario5.com.ar\/?p=603719"},"modified":"2018-02-09T15:23:20","modified_gmt":"2018-02-09T18:23:20","slug":"cursos-de-abogacia-publica","status":"publish","type":"post","link":"https:\/\/www.diario5.com.ar\/es\/cursos-de-abogacia-publica\/","title":{"rendered":"Cursos de Abogac\u00eda P\u00fablica"},"content":{"rendered":"<h2 class=\"sub-title-primary\"><\/h2> <figure id=\"attachment_603720\" aria-describedby=\"caption-attachment-603720\" style=\"width: 618px\" class=\"wp-caption alignright\"><img decoding=\"async\" loading=\"lazy\" class=\"wp-image-603720\" src=\"http:\/\/diario5.com.ar\/wp-content\/uploads\/2018\/02\/procuracion1-1024x459.jpg\" alt=\"Escuela de Abogac\u00eda P\u00fablica\" width=\"618\" height=\"277\" srcset=\"https:\/\/www.diario5.com.ar\/wp-content\/uploads\/2018\/02\/procuracion1-1024x459.jpg 1024w, https:\/\/www.diario5.com.ar\/wp-content\/uploads\/2018\/02\/procuracion1-300x134.jpg 300w, https:\/\/www.diario5.com.ar\/wp-content\/uploads\/2018\/02\/procuracion1-768x344.jpg 768w, https:\/\/www.diario5.com.ar\/wp-content\/uploads\/2018\/02\/procuracion1-1536x689.jpg 1536w, https:\/\/www.diario5.com.ar\/wp-content\/uploads\/2018\/02\/procuracion1-400x179.jpg 400w, https:\/\/www.diario5.com.ar\/wp-content\/uploads\/2018\/02\/procuracion1-260x117.jpg 260w, https:\/\/www.diario5.com.ar\/wp-content\/uploads\/2018\/02\/procuracion1-160x72.jpg 160w, https:\/\/www.diario5.com.ar\/wp-content\/uploads\/2018\/02\/procuracion1.jpg 1635w\" sizes=\"(max-width: 618px) 100vw, 618px\" \/><figcaption id=\"caption-attachment-603720\" class=\"wp-caption-text\">Escuela de Abogac\u00eda P\u00fablica<\/figcaption><\/figure>\n<p>La Escuela de Formaci\u00f3n en Abogac\u00eda P\u00fablica de la Procuraci\u00f3n General de la Ciudad est\u00e1 ofreciendo sus\u00a0Cursos de verano. Para recabar informaci\u00f3n, es necesario llamar al\u00a04323-9200 (int. 7397 \/ 7513), con horario de atenci\u00f3n 09:00 a 16:00. Es posible enviar un mail aprocuraciongeneral@buenosaires.gob.ar o poner atenci\u00f3n a las actualizaciones en www.buenosaires.gob.ar\/procuracion,<\/p>\n<p>La direcci\u00f3n de la Escuela de Formaci\u00f3n en Abogac\u00eda P\u00fablica de la\u00a0Procuraci\u00f3n General de la Ciudad es\u00a0<a href=\"http:\/\/mapa.buenosaires.gob.ar\/comollego\/?lat=-34.603577&amp;lng=-58.386734&amp;zl=15&amp;modo=transporte&amp;dir=Uruguay+Av.+440\">Uruguay 440<\/a>\u00a0y se encuentra a cargo de\u00a0Mar\u00eda Jos\u00e9 Rodr\u00edguez, cuyo rol es el de asesorar y capacitar en abogac\u00eda p\u00fablica, disciplina necesaria para la actividad de representaci\u00f3n y defensa en juicio que ejerce la Procuraci\u00f3n General.<\/p>\n<p>Clasifica la producci\u00f3n jur\u00eddica del Organismo seg\u00fan los temas implicados y la difunde a trav\u00e9s del mensuario digital Carta de Noticias de la Procuraci\u00f3n General, suplementos, informes de jurisprudencia y el buscador online de dict\u00e1menes.<\/p>","protected":false},"excerpt":{"rendered":"<p>La Escuela de Formaci\u00f3n en Abogac\u00eda P\u00fablica de la Procuraci\u00f3n General de la Ciudad est\u00e1 ofreciendo sus\u00a0Cursos de verano. Para recabar informaci\u00f3n, es necesario llamar al\u00a04323-9200 (int. 7397 \/ 7513), con horario de atenci\u00f3n 09:00 a 16:00. Es posible enviar un mail aprocuraciongeneral@buenosaires.gob.ar o poner atenci\u00f3n a las actualizaciones en www.buenosaires.gob.ar\/procuracion, La direcci\u00f3n de la [&hellip;]<\/p>","protected":false},"author":1,"featured_media":603720,"comment_status":"open","ping_status":"closed","sticky":false,"template":"","format":"standard","meta":[],"categories":[1],"tags":[],"series":[],"_links":{"self":[{"href":"https:\/\/www.diario5.com.ar\/es\/wp-json\/wp\/v2\/posts\/603719"}],"collection":[{"href":"https:\/\/www.diario5.com.ar\/es\/wp-json\/wp\/v2\/posts"}],"about":[{"href":"https:\/\/www.diario5.com.ar\/es\/wp-json\/wp\/v2\/types\/post"}],"author":[{"embeddable":true,"href":"https:\/\/www.diario5.com.ar\/es\/wp-json\/wp\/v2\/users\/1"}],"replies":[{"embeddable":true,"href":"https:\/\/www.diario5.com.ar\/es\/wp-json\/wp\/v2\/comments?post=603719"}],"version-history":[{"count":1,"href":"https:\/\/www.diario5.com.ar\/es\/wp-json\/wp\/v2\/posts\/603719\/revisions"}],"predecessor-version":[{"id":603721,"href":"https:\/\/www.diario5.com.ar\/es\/wp-json\/wp\/v2\/posts\/603719\/revisions\/603721"}],"wp:featuredmedia":[{"embeddable":true,"href":"https:\/\/www.diario5.com.ar\/es\/wp-json\/wp\/v2\/media\/603720"}],"wp:attachment":[{"href":"https:\/\/www.diario5.com.ar\/es\/wp-json\/wp\/v2\/media?parent=603719"}],"wp:term":[{"taxonomy":"category","embeddable":true,"href":"https:\/\/www.diario5.com.ar\/es\/wp-json\/wp\/v2\/categories?post=603719"},{"taxonomy":"post_tag","embeddable":true,"href":"https:\/\/www.diario5.com.ar\/es\/wp-json\/wp\/v2\/tags?post=603719"},{"taxonomy":"series","embeddable":true,"href":"https:\/\/www.diario5.com.ar\/es\/wp-json\/wp\/v2\/series?post=603719"}],"curies":[{"name":"wp","href":"https:\/\/api.w.org\/{rel}","templated":true}]}}