{"id":603691,"date":"2018-02-06T18:33:03","date_gmt":"2018-02-06T21:33:03","guid":{"rendered":"http:\/\/diario5.com.ar\/?p=603691"},"modified":"2018-02-06T18:38:23","modified_gmt":"2018-02-06T21:38:23","slug":"el-museo-sivori-reabre-el-sabado-17","status":"publish","type":"post","link":"https:\/\/www.diario5.com.ar\/es\/el-museo-sivori-reabre-el-sabado-17\/","title":{"rendered":"Museo S\u00edvori reabre el s\u00e1bado 17"},"content":{"rendered":"<h2 class=\"sub-title-primary\"><\/h2> <figure style=\"width: 606px\" class=\"wp-caption alignright\"><img decoding=\"async\" loading=\"lazy\" class=\"\" src=\"http:\/\/diario5.com.ar\/img\/museo_sivori.jpg\" width=\"606\" height=\"393\" \/><figcaption class=\"wp-caption-text\">Museo Eduardo S\u00edvori, en Palermo.<\/figcaption><\/figure>\n<p>El Museo de Artes Pl\u00e1sticas Eduardo S\u00edvori informa que hasta el viernes 16 de febrero inclusive las salas permanecer\u00e1n cerradas al p\u00fablico por tareas de montaje, antes de la apertura de la segunda fase del 61\u00b0 Sal\u00f3n de Artes Pl\u00e1sticas Manuel Belgrano. A su vez, la\u00a0Confiter\u00eda y la Tienda s\u00ed estar\u00e1n abiertas.<\/p>\n<p>El\u00a0 S\u00edvori cuenta con unas 4000 piezas de arte argentino de los siglos XX y XXI. Sus exposiciones son, habitualmente, temporarias y amalgaman la obra de artistas contempor\u00e1neos con la maravillas que conforman el haber permanente de hist\u00f3ricas realizaciones.<\/p>\n<p>Su direcci\u00f3n es\u00a0Av. Infanta Isabel 555, junto al puente del Rosedal, en el Parque Tres de Febrero. Para luego del 17 febrero volver\u00e1 a abrir a los visitantes de martes a viernes de 12.00 a 20.00 y los s\u00e1bados, domingos y feriados de 10 a 20.00. Los lunes permanece cerrado.<\/p>\n<p>Entrada al\u00a0P\u00fablico general,\u00a0 $30 mientras que los mi\u00e9rcoles el acceso es gratuito. Los jubilados, estudiantes universitarios, personas de capacidad reducida y sus acompa\u00f1antes, menores de 12 a\u00f1os y grupos de estudiantes de colegios p\u00fablicos, ingresan gratis todos los d\u00edas.<\/p>\n<p>&nbsp;<\/p>\n<p>&nbsp;<\/p>","protected":false},"excerpt":{"rendered":"<p>El Museo de Artes Pl\u00e1sticas Eduardo S\u00edvori informa que hasta el viernes 16 de febrero inclusive las salas permanecer\u00e1n cerradas al p\u00fablico por tareas de montaje, antes de la apertura de la segunda fase del 61\u00b0 Sal\u00f3n de Artes Pl\u00e1sticas Manuel Belgrano. A su vez, la\u00a0Confiter\u00eda y la Tienda s\u00ed estar\u00e1n abiertas. El\u00a0 S\u00edvori cuenta [&hellip;]<\/p>","protected":false},"author":1,"featured_media":0,"comment_status":"open","ping_status":"closed","sticky":false,"template":"","format":"standard","meta":[],"categories":[1],"tags":[],"series":[],"_links":{"self":[{"href":"https:\/\/www.diario5.com.ar\/es\/wp-json\/wp\/v2\/posts\/603691"}],"collection":[{"href":"https:\/\/www.diario5.com.ar\/es\/wp-json\/wp\/v2\/posts"}],"about":[{"href":"https:\/\/www.diario5.com.ar\/es\/wp-json\/wp\/v2\/types\/post"}],"author":[{"embeddable":true,"href":"https:\/\/www.diario5.com.ar\/es\/wp-json\/wp\/v2\/users\/1"}],"replies":[{"embeddable":true,"href":"https:\/\/www.diario5.com.ar\/es\/wp-json\/wp\/v2\/comments?post=603691"}],"version-history":[{"count":5,"href":"https:\/\/www.diario5.com.ar\/es\/wp-json\/wp\/v2\/posts\/603691\/revisions"}],"predecessor-version":[{"id":603696,"href":"https:\/\/www.diario5.com.ar\/es\/wp-json\/wp\/v2\/posts\/603691\/revisions\/603696"}],"wp:attachment":[{"href":"https:\/\/www.diario5.com.ar\/es\/wp-json\/wp\/v2\/media?parent=603691"}],"wp:term":[{"taxonomy":"category","embeddable":true,"href":"https:\/\/www.diario5.com.ar\/es\/wp-json\/wp\/v2\/categories?post=603691"},{"taxonomy":"post_tag","embeddable":true,"href":"https:\/\/www.diario5.com.ar\/es\/wp-json\/wp\/v2\/tags?post=603691"},{"taxonomy":"series","embeddable":true,"href":"https:\/\/www.diario5.com.ar\/es\/wp-json\/wp\/v2\/series?post=603691"}],"curies":[{"name":"wp","href":"https:\/\/api.w.org\/{rel}","templated":true}]}}