{"id":603491,"date":"2018-01-28T07:23:26","date_gmt":"2018-01-28T10:23:26","guid":{"rendered":"http:\/\/diario5.com.ar\/?p=603491"},"modified":"2018-02-06T21:24:10","modified_gmt":"2018-02-07T00:24:10","slug":"homenaje-a-bomberos-que-salvaron-la-vida-un-hombre-que-intentaba-suicidarse","status":"publish","type":"post","link":"https:\/\/www.diario5.com.ar\/es\/homenaje-a-bomberos-que-salvaron-la-vida-un-hombre-que-intentaba-suicidarse\/","title":{"rendered":"Homenaje a bomberos que salvaron la vida un hombre que intentaba suicidarse"},"content":{"rendered":"<h2 class=\"sub-title-primary\"><\/h2> <p>&nbsp;<\/p>\n<figure style=\"width: 602px\" class=\"wp-caption alignright\"><img decoding=\"async\" loading=\"lazy\" class=\"\" src=\"http:\/\/diario5.com.ar\/img\/acto_bomberos.jpg\" width=\"602\" height=\"401\" \/><figcaption class=\"wp-caption-text\">Ocampo saluda a os h\u00e9roes<\/figcaption><\/figure>\n<p>Felipe Miguel, jefe de Gabinete de Ministros y Mart\u00edn Ocampo, ministro de Justicia y Seguridad de la Ciudad de Buenos Aires encabezaron el\u00a0 acto de homenaje al Grupo Especial de Rescate del Destacamento Caballito de Bomberos de la Ciudad por la exitosa operaci\u00f3n de alto riesgo en la que que evitaron un suicidio.<\/p>\n<p>Participaron tambi\u00e9n\u00a0el subsecretario de Emergencias, N\u00e9stor Nicol\u00e1s y el jefe del Cuerpo de Bomberos porte\u00f1o, Gustavo Benzi. El hecho ocurri\u00f3 el viernes 19 de enero.<\/p>\n<p>Por su \u00abacto destacado de servicio\u00bb durante el operativo fueron ascendidos mediante el art\u00edculo 311 de la ley 5688 el Capitan Carlos Schultheis, el Teniente Adri\u00e1n Chiardi y el Bombero Superior Adri\u00e1n Rey Le\u00f3n.<\/p>\n<p>Ellos fueron quienes fueron que descendieron de la terraza mediante el uso de cuerdas, ingresaron al departamento y lograron contener a la persona que intentaba suicidarse.<\/p>\n<p>\u201cMuchas gracias a los Bomberos de la Ciudad por el esfuerzo en nombre de los vecinos. Con este tipo de trabajo y con el compromiso con el que desarrollan su tarea nos cuidan todos los d\u00edas\u201d, sostuvo el jefe de Gabinete porte\u00f1o,<\/p>\n<p>\u00abCuando pasan estas cosas uno piensa en los h\u00e9roes y lo primero que se nos viene a la cabeza son los de las pel\u00edculas. La verdad que los verdaderos h\u00e9roes son las personas de carne y hueso que todos los d\u00edas arriesgan sus vidas y las ponen a disposici\u00f3n de las dem\u00e1s, como lo hizo el 19 de enero todo el Equipo de Rescate\u00bb, complet\u00f3 Miguel.<\/p>\n<p>Mart\u00edn Ocampo, por su parte, reconoci\u00f3 la actuaci\u00f3n y el trabajo del inspector principal Carlos Schulteis, el inspector Adri\u00e1n Chiardi, el oficial mayor Roberto Ferreyra, el oficial primero Diego Rey Le\u00f3n, el oficial Mart\u00edn Mattei, el oficial Mart\u00edn G\u00f3mez, el oficial Diego Viera, el oficial Facundo Gumy, el oficial ayudante Fernando Mart\u00ednez y el oficial ayudante Sebasti\u00e1n Helguero quienes formaron parte de la dotaci\u00f3n que acudi\u00f3 a esa emergencia.<\/p>\n<p>\u201cEs un momento de alegr\u00eda, de satisfacci\u00f3n, de gratificaci\u00f3n estar con todo el Grupo Especial de Rescate, que hace unos d\u00edas nos asombr\u00f3 a todos con un accionar que permiti\u00f3 salvar la vida a una persona\u201d, afirm\u00f3 Ocampo.<\/p>\n<p>\u201cNo se puede obtener ning\u00fan resultado como los que vemos si no es a partir de un entrenamiento cotidiano\u201d, subrayo.<\/p>\n<p>El Cuerpo de Bomberos porte\u00f1o hoy est\u00e1 conformado por mas de 1600 efectivos y cuenta con dos Grupos de Rescate, uno en Caballito y otro en Saavedra, situados estrat\u00e9gicamente para cubrir toda la Capital Federal y cooperar tambi\u00e9n con el Gobierno Nacional, Provincial, la Justicia o los municipios.<\/p>\n<p>Adem\u00e1s tiene planes de capacitaci\u00f3n en cuatro niveles: el Programa de Capacitaci\u00f3n Anual (instrucci\u00f3n diaria en cada dependencia), el Centro de Formaci\u00f3n Profesional (cursos para integrantes de dotaci\u00f3n, GER y RCP), Cursos en el Instituto Superior de Seguridad P\u00fablica y Cursos Internacionales.<\/p>\n<p>Durante el 2017 los Bomberos de la Ciudad adquirieron seis drones y autobombas, 40 tablets Rugerizadas, 58 veh\u00edculos, 1100 equipos de protecci\u00f3n personal y sillones, bibliotecas, camas y lockers, entre otros elementos, para las centrales<\/p>","protected":false},"excerpt":{"rendered":"<p>&nbsp; Felipe Miguel, jefe de Gabinete de Ministros y Mart\u00edn Ocampo, ministro de Justicia y Seguridad de la Ciudad de Buenos Aires encabezaron el\u00a0 acto de homenaje al Grupo Especial de Rescate del Destacamento Caballito de Bomberos de la Ciudad por la exitosa operaci\u00f3n de alto riesgo en la que que evitaron un suicidio. Participaron [&hellip;]<\/p>","protected":false},"author":1,"featured_media":0,"comment_status":"open","ping_status":"closed","sticky":false,"template":"","format":"standard","meta":[],"categories":[28],"tags":[],"series":[],"_links":{"self":[{"href":"https:\/\/www.diario5.com.ar\/es\/wp-json\/wp\/v2\/posts\/603491"}],"collection":[{"href":"https:\/\/www.diario5.com.ar\/es\/wp-json\/wp\/v2\/posts"}],"about":[{"href":"https:\/\/www.diario5.com.ar\/es\/wp-json\/wp\/v2\/types\/post"}],"author":[{"embeddable":true,"href":"https:\/\/www.diario5.com.ar\/es\/wp-json\/wp\/v2\/users\/1"}],"replies":[{"embeddable":true,"href":"https:\/\/www.diario5.com.ar\/es\/wp-json\/wp\/v2\/comments?post=603491"}],"version-history":[{"count":3,"href":"https:\/\/www.diario5.com.ar\/es\/wp-json\/wp\/v2\/posts\/603491\/revisions"}],"predecessor-version":[{"id":603494,"href":"https:\/\/www.diario5.com.ar\/es\/wp-json\/wp\/v2\/posts\/603491\/revisions\/603494"}],"wp:attachment":[{"href":"https:\/\/www.diario5.com.ar\/es\/wp-json\/wp\/v2\/media?parent=603491"}],"wp:term":[{"taxonomy":"category","embeddable":true,"href":"https:\/\/www.diario5.com.ar\/es\/wp-json\/wp\/v2\/categories?post=603491"},{"taxonomy":"post_tag","embeddable":true,"href":"https:\/\/www.diario5.com.ar\/es\/wp-json\/wp\/v2\/tags?post=603491"},{"taxonomy":"series","embeddable":true,"href":"https:\/\/www.diario5.com.ar\/es\/wp-json\/wp\/v2\/series?post=603491"}],"curies":[{"name":"wp","href":"https:\/\/api.w.org\/{rel}","templated":true}]}}