{"id":603425,"date":"2018-01-27T15:25:59","date_gmt":"2018-01-27T18:25:59","guid":{"rendered":"http:\/\/diario5.com.ar\/?p=603425"},"modified":"2018-02-06T21:23:59","modified_gmt":"2018-02-07T00:23:59","slug":"603425","status":"publish","type":"post","link":"https:\/\/www.diario5.com.ar\/es\/603425\/","title":{"rendered":"Caniles en Plaza Anguita"},"content":{"rendered":"<h2 class=\"sub-title-primary\"><\/h2> <p>En la semana del 21 de enero comenzaron a llegar mails a los vecinos de San Crist\u00f3bal para anunciarles que el espacio verde de Sarand\u00ed al 1300 perd\u00eda su condici\u00f3n de lugar abandonado a la suerte de nadie y se transformaba en un centro de \u00abactividad\u00bb canina.<\/p>\n<figure id=\"attachment_603432\" aria-describedby=\"caption-attachment-603432\" style=\"width: 360px\" class=\"wp-caption alignleft\"><img decoding=\"async\" loading=\"lazy\" class=\"wp-image-603432\" src=\"http:\/\/diario5.com.ar\/wp-content\/uploads\/2018\/01\/Foto4618-1024x768.jpg\" alt=\"Hola. Yo soy Poldy, cronista de Diario 5. Se inaugur\u00f3 un lugar muy importante para la comunidad canina porte\u00f1a y te voy a contar alguna cosas\" width=\"360\" height=\"270\" srcset=\"https:\/\/www.diario5.com.ar\/wp-content\/uploads\/2018\/01\/Foto4618-1024x768.jpg 1024w, https:\/\/www.diario5.com.ar\/wp-content\/uploads\/2018\/01\/Foto4618-300x225.jpg 300w, https:\/\/www.diario5.com.ar\/wp-content\/uploads\/2018\/01\/Foto4618-768x576.jpg 768w, https:\/\/www.diario5.com.ar\/wp-content\/uploads\/2018\/01\/Foto4618-1536x1152.jpg 1536w, https:\/\/www.diario5.com.ar\/wp-content\/uploads\/2018\/01\/Foto4618-400x300.jpg 400w, https:\/\/www.diario5.com.ar\/wp-content\/uploads\/2018\/01\/Foto4618-260x195.jpg 260w, https:\/\/www.diario5.com.ar\/wp-content\/uploads\/2018\/01\/Foto4618-160x120.jpg 160w, https:\/\/www.diario5.com.ar\/wp-content\/uploads\/2018\/01\/Foto4618.jpg 2048w\" sizes=\"(max-width: 360px) 100vw, 360px\" \/><figcaption id=\"caption-attachment-603432\" class=\"wp-caption-text\"><strong>Hola. Yo soy Poldy, cronista de Diario 5. Se inaugur\u00f3 un lugar muy importante para la comunidad canina porte\u00f1a y te voy a contar algunas cosas.<\/strong><\/figcaption><\/figure>\n<figure id=\"attachment_603433\" aria-describedby=\"caption-attachment-603433\" style=\"width: 360px\" class=\"wp-caption alignleft\"><img decoding=\"async\" loading=\"lazy\" class=\"wp-image-603433\" src=\"http:\/\/diario5.com.ar\/wp-content\/uploads\/2018\/01\/Foto4619-1024x768.jpg\" alt=\"La verdad, que, recordando c\u00f3mo era este espacio, hay que reconocer que lo pusieron bonito \" width=\"360\" height=\"270\" srcset=\"https:\/\/www.diario5.com.ar\/wp-content\/uploads\/2018\/01\/Foto4619-1024x768.jpg 1024w, https:\/\/www.diario5.com.ar\/wp-content\/uploads\/2018\/01\/Foto4619-300x225.jpg 300w, https:\/\/www.diario5.com.ar\/wp-content\/uploads\/2018\/01\/Foto4619-768x576.jpg 768w, https:\/\/www.diario5.com.ar\/wp-content\/uploads\/2018\/01\/Foto4619-1536x1152.jpg 1536w, https:\/\/www.diario5.com.ar\/wp-content\/uploads\/2018\/01\/Foto4619-400x300.jpg 400w, https:\/\/www.diario5.com.ar\/wp-content\/uploads\/2018\/01\/Foto4619-260x195.jpg 260w, https:\/\/www.diario5.com.ar\/wp-content\/uploads\/2018\/01\/Foto4619-160x120.jpg 160w, https:\/\/www.diario5.com.ar\/wp-content\/uploads\/2018\/01\/Foto4619.jpg 2048w\" sizes=\"(max-width: 360px) 100vw, 360px\" \/><figcaption id=\"caption-attachment-603433\" class=\"wp-caption-text\"><strong>La verdad, que, recordando c\u00f3mo era este espacio, hay que reconocer que lo pusieron bonito. Antes era un basural, con cosas quemadas y feas. No estaba bueno venir.<\/strong><\/figcaption><\/figure>\n<figure id=\"attachment_603430\" aria-describedby=\"caption-attachment-603430\" style=\"width: 360px\" class=\"wp-caption alignleft\"><img decoding=\"async\" loading=\"lazy\" class=\"wp-image-603430\" src=\"http:\/\/diario5.com.ar\/wp-content\/uploads\/2018\/01\/Foto4616-1024x768.jpg\" alt=\"Se inaugur\u00f3 con una fiesta, el mi\u00e9rcoles 24 de enero. Estuve all\u00ed.\" width=\"360\" height=\"270\" srcset=\"https:\/\/www.diario5.com.ar\/wp-content\/uploads\/2018\/01\/Foto4616-1024x768.jpg 1024w, https:\/\/www.diario5.com.ar\/wp-content\/uploads\/2018\/01\/Foto4616-300x225.jpg 300w, https:\/\/www.diario5.com.ar\/wp-content\/uploads\/2018\/01\/Foto4616-768x576.jpg 768w, https:\/\/www.diario5.com.ar\/wp-content\/uploads\/2018\/01\/Foto4616-1536x1152.jpg 1536w, https:\/\/www.diario5.com.ar\/wp-content\/uploads\/2018\/01\/Foto4616-400x300.jpg 400w, https:\/\/www.diario5.com.ar\/wp-content\/uploads\/2018\/01\/Foto4616-260x195.jpg 260w, https:\/\/www.diario5.com.ar\/wp-content\/uploads\/2018\/01\/Foto4616-160x120.jpg 160w, https:\/\/www.diario5.com.ar\/wp-content\/uploads\/2018\/01\/Foto4616.jpg 2048w\" sizes=\"(max-width: 360px) 100vw, 360px\" \/><figcaption id=\"caption-attachment-603430\" class=\"wp-caption-text\"><strong>Se inaugur\u00f3 con una fiesta, el mi\u00e9rcoles 24 de enero. Estuve all\u00ed con otros peludos.<\/strong><\/figcaption><\/figure>\n<figure id=\"attachment_603431\" aria-describedby=\"caption-attachment-603431\" style=\"width: 360px\" class=\"wp-caption alignleft\"><img decoding=\"async\" loading=\"lazy\" class=\"wp-image-603431\" src=\"http:\/\/diario5.com.ar\/wp-content\/uploads\/2018\/01\/Foto4617-1024x768.jpg\" alt=\"Esta plazoleta est\u00e1 junto a la bajada de AU 25 de Mayo, entre Sarand\u00ed y Rinc\u00f3n\" width=\"360\" height=\"270\" srcset=\"https:\/\/www.diario5.com.ar\/wp-content\/uploads\/2018\/01\/Foto4617-1024x768.jpg 1024w, https:\/\/www.diario5.com.ar\/wp-content\/uploads\/2018\/01\/Foto4617-300x225.jpg 300w, https:\/\/www.diario5.com.ar\/wp-content\/uploads\/2018\/01\/Foto4617-768x576.jpg 768w, https:\/\/www.diario5.com.ar\/wp-content\/uploads\/2018\/01\/Foto4617-1536x1152.jpg 1536w, https:\/\/www.diario5.com.ar\/wp-content\/uploads\/2018\/01\/Foto4617-400x300.jpg 400w, https:\/\/www.diario5.com.ar\/wp-content\/uploads\/2018\/01\/Foto4617-260x195.jpg 260w, https:\/\/www.diario5.com.ar\/wp-content\/uploads\/2018\/01\/Foto4617-160x120.jpg 160w, https:\/\/www.diario5.com.ar\/wp-content\/uploads\/2018\/01\/Foto4617.jpg 2048w\" sizes=\"(max-width: 360px) 100vw, 360px\" \/><figcaption id=\"caption-attachment-603431\" class=\"wp-caption-text\"><strong>Esta plazoleta est\u00e1 junto a la bajada de AU 25 de Mayo, entre Sarand\u00ed y Rinc\u00f3n<\/strong><\/figcaption><\/figure>\n<figure id=\"attachment_603426\" aria-describedby=\"caption-attachment-603426\" style=\"width: 360px\" class=\"wp-caption alignleft\"><img decoding=\"async\" loading=\"lazy\" class=\"wp-image-603426\" src=\"http:\/\/diario5.com.ar\/wp-content\/uploads\/2018\/01\/Foto4612-1024x768.jpg\" alt=\"La plaza est\u00e1 colorida y me gusta. Es re est\u00fapido eso de que los perros vemkos en blanco y negro, cuando sabemos diferenciar una pelota roja de una verde\" width=\"360\" height=\"270\" srcset=\"https:\/\/www.diario5.com.ar\/wp-content\/uploads\/2018\/01\/Foto4612-1024x768.jpg 1024w, https:\/\/www.diario5.com.ar\/wp-content\/uploads\/2018\/01\/Foto4612-300x225.jpg 300w, https:\/\/www.diario5.com.ar\/wp-content\/uploads\/2018\/01\/Foto4612-768x576.jpg 768w, https:\/\/www.diario5.com.ar\/wp-content\/uploads\/2018\/01\/Foto4612-1536x1152.jpg 1536w, https:\/\/www.diario5.com.ar\/wp-content\/uploads\/2018\/01\/Foto4612-400x300.jpg 400w, https:\/\/www.diario5.com.ar\/wp-content\/uploads\/2018\/01\/Foto4612-260x195.jpg 260w, https:\/\/www.diario5.com.ar\/wp-content\/uploads\/2018\/01\/Foto4612-160x120.jpg 160w, https:\/\/www.diario5.com.ar\/wp-content\/uploads\/2018\/01\/Foto4612.jpg 2048w\" sizes=\"(max-width: 360px) 100vw, 360px\" \/><figcaption id=\"caption-attachment-603426\" class=\"wp-caption-text\"><strong>La plaza est\u00e1 colorida y me gusta. Es re est\u00fapido eso de que los perros vemos en blanco y negro, cuando sabemos diferenciar una pelota roja de una verde<\/strong><\/figcaption><\/figure>\n<figure id=\"attachment_603427\" aria-describedby=\"caption-attachment-603427\" style=\"width: 360px\" class=\"wp-caption alignleft\"><img decoding=\"async\" loading=\"lazy\" class=\"wp-image-603427\" src=\"http:\/\/diario5.com.ar\/wp-content\/uploads\/2018\/01\/Foto4613-1024x768.jpg\" alt=\"A algunos los conozco de las otras plazas del barrio. Hay un caniche que ladra apenas me ve. En un momento tuve que escabullirme.\" width=\"360\" height=\"270\" srcset=\"https:\/\/www.diario5.com.ar\/wp-content\/uploads\/2018\/01\/Foto4613-1024x768.jpg 1024w, https:\/\/www.diario5.com.ar\/wp-content\/uploads\/2018\/01\/Foto4613-300x225.jpg 300w, https:\/\/www.diario5.com.ar\/wp-content\/uploads\/2018\/01\/Foto4613-768x576.jpg 768w, https:\/\/www.diario5.com.ar\/wp-content\/uploads\/2018\/01\/Foto4613-1536x1152.jpg 1536w, https:\/\/www.diario5.com.ar\/wp-content\/uploads\/2018\/01\/Foto4613-400x300.jpg 400w, https:\/\/www.diario5.com.ar\/wp-content\/uploads\/2018\/01\/Foto4613-260x195.jpg 260w, https:\/\/www.diario5.com.ar\/wp-content\/uploads\/2018\/01\/Foto4613-160x120.jpg 160w, https:\/\/www.diario5.com.ar\/wp-content\/uploads\/2018\/01\/Foto4613.jpg 2048w\" sizes=\"(max-width: 360px) 100vw, 360px\" \/><figcaption id=\"caption-attachment-603427\" class=\"wp-caption-text\"><strong>A algunos los conozco de las otras plazas del barrio. Hay un caniche que ladra apenas me ve. En un momento tuve que escabullirme. Pero, general, son buenos perritos.<\/strong><\/figcaption><\/figure>\n<figure id=\"attachment_603428\" aria-describedby=\"caption-attachment-603428\" style=\"width: 360px\" class=\"wp-caption alignleft\"><img decoding=\"async\" loading=\"lazy\" class=\"wp-image-603428\" src=\"http:\/\/diario5.com.ar\/wp-content\/uploads\/2018\/01\/Foto4614-1024x768.jpg\" alt=\"Le convidaron jugos a las personas y pusieron -no me acuerdo- guirnaldas o banderitas de colores. \" width=\"360\" height=\"270\" srcset=\"https:\/\/www.diario5.com.ar\/wp-content\/uploads\/2018\/01\/Foto4614-1024x768.jpg 1024w, https:\/\/www.diario5.com.ar\/wp-content\/uploads\/2018\/01\/Foto4614-300x225.jpg 300w, https:\/\/www.diario5.com.ar\/wp-content\/uploads\/2018\/01\/Foto4614-768x576.jpg 768w, https:\/\/www.diario5.com.ar\/wp-content\/uploads\/2018\/01\/Foto4614-1536x1152.jpg 1536w, https:\/\/www.diario5.com.ar\/wp-content\/uploads\/2018\/01\/Foto4614-400x300.jpg 400w, https:\/\/www.diario5.com.ar\/wp-content\/uploads\/2018\/01\/Foto4614-260x195.jpg 260w, https:\/\/www.diario5.com.ar\/wp-content\/uploads\/2018\/01\/Foto4614-160x120.jpg 160w, https:\/\/www.diario5.com.ar\/wp-content\/uploads\/2018\/01\/Foto4614.jpg 2048w\" sizes=\"(max-width: 360px) 100vw, 360px\" \/><figcaption id=\"caption-attachment-603428\" class=\"wp-caption-text\"><strong>Le convidaron jugos a las personas y pusieron -no me acuerdo- guirnaldas o banderitas de colores.<\/strong><\/figcaption><\/figure>\n<figure id=\"attachment_603429\" aria-describedby=\"caption-attachment-603429\" style=\"width: 360px\" class=\"wp-caption alignleft\"><img decoding=\"async\" loading=\"lazy\" class=\"wp-image-603429\" src=\"http:\/\/diario5.com.ar\/wp-content\/uploads\/2018\/01\/Foto4615-1024x768.jpg\" alt=\"Mucha gente entusiasmada y mucho perro plomo. Yo al canil, no entr\u00e9 el primer d\u00eda.\" width=\"360\" height=\"270\" srcset=\"https:\/\/www.diario5.com.ar\/wp-content\/uploads\/2018\/01\/Foto4615-1024x768.jpg 1024w, https:\/\/www.diario5.com.ar\/wp-content\/uploads\/2018\/01\/Foto4615-300x225.jpg 300w, https:\/\/www.diario5.com.ar\/wp-content\/uploads\/2018\/01\/Foto4615-768x576.jpg 768w, https:\/\/www.diario5.com.ar\/wp-content\/uploads\/2018\/01\/Foto4615-1536x1152.jpg 1536w, https:\/\/www.diario5.com.ar\/wp-content\/uploads\/2018\/01\/Foto4615-400x300.jpg 400w, https:\/\/www.diario5.com.ar\/wp-content\/uploads\/2018\/01\/Foto4615-260x195.jpg 260w, https:\/\/www.diario5.com.ar\/wp-content\/uploads\/2018\/01\/Foto4615-160x120.jpg 160w, https:\/\/www.diario5.com.ar\/wp-content\/uploads\/2018\/01\/Foto4615.jpg 2048w\" sizes=\"(max-width: 360px) 100vw, 360px\" \/><figcaption id=\"caption-attachment-603429\" class=\"wp-caption-text\"><strong>Mucha gente entusiasmada y mucho perro plomo. Yo al canil, no entr\u00e9 el primer d\u00eda.<\/strong><\/figcaption><\/figure>\n<figure id=\"attachment_603446\" aria-describedby=\"caption-attachment-603446\" style=\"width: 360px\" class=\"wp-caption alignleft\"><img decoding=\"async\" loading=\"lazy\" class=\"size-large wp-image-603446\" src=\"http:\/\/diario5.com.ar\/wp-content\/uploads\/2018\/01\/Foto4632-1024x768.jpg\" alt=\"El canil es un lugar raro. O por lo menos, lo dise\u00f1aron pensando que es lo mejor para los perros. Yo creo que el piso de piedritas pegadas rspa un poco.\" width=\"360\" height=\"270\" srcset=\"https:\/\/www.diario5.com.ar\/wp-content\/uploads\/2018\/01\/Foto4632-1024x768.jpg 1024w, https:\/\/www.diario5.com.ar\/wp-content\/uploads\/2018\/01\/Foto4632-300x225.jpg 300w, https:\/\/www.diario5.com.ar\/wp-content\/uploads\/2018\/01\/Foto4632-768x576.jpg 768w, https:\/\/www.diario5.com.ar\/wp-content\/uploads\/2018\/01\/Foto4632-1536x1152.jpg 1536w, https:\/\/www.diario5.com.ar\/wp-content\/uploads\/2018\/01\/Foto4632-400x300.jpg 400w, https:\/\/www.diario5.com.ar\/wp-content\/uploads\/2018\/01\/Foto4632-260x195.jpg 260w, https:\/\/www.diario5.com.ar\/wp-content\/uploads\/2018\/01\/Foto4632-160x120.jpg 160w, https:\/\/www.diario5.com.ar\/wp-content\/uploads\/2018\/01\/Foto4632.jpg 2048w\" sizes=\"(max-width: 360px) 100vw, 360px\" \/><figcaption id=\"caption-attachment-603446\" class=\"wp-caption-text\"><strong>Ya el jueves estaba m\u00e1s tranqui. El canil es un lugar raro. O por lo menos, lo dise\u00f1aron pensando que es lo mejor para los perros. Yo creo que el piso de piedritas pegadas raspa un poco.<\/strong><\/figcaption><\/figure>\n<figure id=\"attachment_603434\" aria-describedby=\"caption-attachment-603434\" style=\"width: 360px\" class=\"wp-caption alignleft\"><img decoding=\"async\" loading=\"lazy\" class=\"size-large wp-image-603434\" src=\"http:\/\/diario5.com.ar\/wp-content\/uploads\/2018\/01\/Foto4620-1024x768.jpg\" alt=\"Los due\u00f1os de este amigo m\u00edo est\u00e1 all\u00e1 al fondo tomando mate. Ojal\u00e1 que esta limpieza se conserve para que todos disfrutemos de los caniles, aunque si me piden una opini\u00f3n, prefiero el del Parque Ameghino.\" width=\"360\" height=\"270\" srcset=\"https:\/\/www.diario5.com.ar\/wp-content\/uploads\/2018\/01\/Foto4620-1024x768.jpg 1024w, https:\/\/www.diario5.com.ar\/wp-content\/uploads\/2018\/01\/Foto4620-300x225.jpg 300w, https:\/\/www.diario5.com.ar\/wp-content\/uploads\/2018\/01\/Foto4620-768x576.jpg 768w, https:\/\/www.diario5.com.ar\/wp-content\/uploads\/2018\/01\/Foto4620-1536x1152.jpg 1536w, https:\/\/www.diario5.com.ar\/wp-content\/uploads\/2018\/01\/Foto4620-400x300.jpg 400w, https:\/\/www.diario5.com.ar\/wp-content\/uploads\/2018\/01\/Foto4620-260x195.jpg 260w, https:\/\/www.diario5.com.ar\/wp-content\/uploads\/2018\/01\/Foto4620-160x120.jpg 160w, https:\/\/www.diario5.com.ar\/wp-content\/uploads\/2018\/01\/Foto4620.jpg 2048w\" sizes=\"(max-width: 360px) 100vw, 360px\" \/><figcaption id=\"caption-attachment-603434\" class=\"wp-caption-text\"><strong>Los due\u00f1os de este amigo m\u00edo est\u00e1n all\u00e1 al fondo tomando mate. Ojal\u00e1 que esta limpieza se conserve para que todos disfrutemos de los caniles, aunque si me piden una opini\u00f3n, prefiero el del Parque Ameghino.<\/strong><\/figcaption><\/figure>\n<figure id=\"attachment_603435\" aria-describedby=\"caption-attachment-603435\" style=\"width: 360px\" class=\"wp-caption alignleft\"><img decoding=\"async\" loading=\"lazy\" class=\"wp-image-603435\" src=\"http:\/\/diario5.com.ar\/wp-content\/uploads\/2018\/01\/Foto4621-1024x768.jpg\" alt=\"Quer\u00eda advertirles a quenes tienen cachorritos, tengan cuidado con estos admin\u00edculos perrunos porque cuando pierden el miedo, ellos se entusiasman y se puede pisar mal. A m\u00ed me pas\u00f3 en la escalera de casa. Qu\u00e9 porrazo!\" width=\"360\" height=\"270\" srcset=\"https:\/\/www.diario5.com.ar\/wp-content\/uploads\/2018\/01\/Foto4621-1024x768.jpg 1024w, https:\/\/www.diario5.com.ar\/wp-content\/uploads\/2018\/01\/Foto4621-300x225.jpg 300w, https:\/\/www.diario5.com.ar\/wp-content\/uploads\/2018\/01\/Foto4621-768x576.jpg 768w, https:\/\/www.diario5.com.ar\/wp-content\/uploads\/2018\/01\/Foto4621-1536x1152.jpg 1536w, https:\/\/www.diario5.com.ar\/wp-content\/uploads\/2018\/01\/Foto4621-400x300.jpg 400w, https:\/\/www.diario5.com.ar\/wp-content\/uploads\/2018\/01\/Foto4621-260x195.jpg 260w, https:\/\/www.diario5.com.ar\/wp-content\/uploads\/2018\/01\/Foto4621-160x120.jpg 160w, https:\/\/www.diario5.com.ar\/wp-content\/uploads\/2018\/01\/Foto4621.jpg 2048w\" sizes=\"(max-width: 360px) 100vw, 360px\" \/><figcaption id=\"caption-attachment-603435\" class=\"wp-caption-text\"><strong>Quer\u00eda advertirles a quienes tienen cachorritos: cuidado con estos admin\u00edculos perrunos porque cuando pierden el miedo, ellos se entusiasman y se puede pisar mal. A m\u00ed me pas\u00f3 en la escalera de casa. Qu\u00e9 porrazo!<\/strong><\/figcaption><\/figure>\n<figure id=\"attachment_603436\" aria-describedby=\"caption-attachment-603436\" style=\"width: 360px\" class=\"wp-caption alignleft\"><img decoding=\"async\" loading=\"lazy\" class=\"size-large wp-image-603436\" src=\"http:\/\/diario5.com.ar\/wp-content\/uploads\/2018\/01\/Foto4622-1024x768.jpg\" alt=\"Vi un perrito con el que me pareci\u00f3 que pod\u00eda jugar, pero termin\u00f3 siendo de madera.\" width=\"360\" height=\"270\" srcset=\"https:\/\/www.diario5.com.ar\/wp-content\/uploads\/2018\/01\/Foto4622-1024x768.jpg 1024w, https:\/\/www.diario5.com.ar\/wp-content\/uploads\/2018\/01\/Foto4622-300x225.jpg 300w, https:\/\/www.diario5.com.ar\/wp-content\/uploads\/2018\/01\/Foto4622-768x576.jpg 768w, https:\/\/www.diario5.com.ar\/wp-content\/uploads\/2018\/01\/Foto4622-1536x1152.jpg 1536w, https:\/\/www.diario5.com.ar\/wp-content\/uploads\/2018\/01\/Foto4622-400x300.jpg 400w, https:\/\/www.diario5.com.ar\/wp-content\/uploads\/2018\/01\/Foto4622-260x195.jpg 260w, https:\/\/www.diario5.com.ar\/wp-content\/uploads\/2018\/01\/Foto4622-160x120.jpg 160w, https:\/\/www.diario5.com.ar\/wp-content\/uploads\/2018\/01\/Foto4622.jpg 2048w\" sizes=\"(max-width: 360px) 100vw, 360px\" \/><figcaption id=\"caption-attachment-603436\" class=\"wp-caption-text\"><strong>Cuando pinta onda, yo juego con cualquiera. En el canil, vi un perrito con el que me pareci\u00f3 que pod\u00eda jugar. Es blanco y con las orejas paradas. Pero \u00bfviste cuando te das cuenta de que un tipo termina siendo de madera?<\/strong><\/figcaption><\/figure>\n<figure id=\"attachment_603437\" aria-describedby=\"caption-attachment-603437\" style=\"width: 360px\" class=\"wp-caption alignleft\"><img decoding=\"async\" loading=\"lazy\" class=\"size-large wp-image-603437\" src=\"http:\/\/diario5.com.ar\/wp-content\/uploads\/2018\/01\/Foto4623-1024x768.jpg\" alt=\"Qu\u00e9 quer\u00e9s que te diga! Yo ahora estoy en el baile y bailo. Pero si me das tierra en vez de estos pedregullos pegoteados, la prefiero.\" width=\"360\" height=\"270\" srcset=\"https:\/\/www.diario5.com.ar\/wp-content\/uploads\/2018\/01\/Foto4623-1024x768.jpg 1024w, https:\/\/www.diario5.com.ar\/wp-content\/uploads\/2018\/01\/Foto4623-300x225.jpg 300w, https:\/\/www.diario5.com.ar\/wp-content\/uploads\/2018\/01\/Foto4623-768x576.jpg 768w, https:\/\/www.diario5.com.ar\/wp-content\/uploads\/2018\/01\/Foto4623-1536x1152.jpg 1536w, https:\/\/www.diario5.com.ar\/wp-content\/uploads\/2018\/01\/Foto4623-400x300.jpg 400w, https:\/\/www.diario5.com.ar\/wp-content\/uploads\/2018\/01\/Foto4623-260x195.jpg 260w, https:\/\/www.diario5.com.ar\/wp-content\/uploads\/2018\/01\/Foto4623-160x120.jpg 160w, https:\/\/www.diario5.com.ar\/wp-content\/uploads\/2018\/01\/Foto4623.jpg 2048w\" sizes=\"(max-width: 360px) 100vw, 360px\" \/><figcaption id=\"caption-attachment-603437\" class=\"wp-caption-text\"><strong>Qu\u00e9 quer\u00e9s que te diga! Yo ahora estoy en el baile y bailo. Pero si me das tierra en vez de estos pedregullos pegoteados, la prefiero. Estos palos son para caminar en zigzag. Me encanta.<\/strong><\/figcaption><\/figure>\n<figure id=\"attachment_603438\" aria-describedby=\"caption-attachment-603438\" style=\"width: 360px\" class=\"wp-caption alignleft\"><img decoding=\"async\" loading=\"lazy\" class=\"wp-image-603438 size-large\" src=\"http:\/\/diario5.com.ar\/wp-content\/uploads\/2018\/01\/Foto4624-1024x768.jpg\" alt=\"Foto4624\" width=\"360\" height=\"270\" srcset=\"https:\/\/www.diario5.com.ar\/wp-content\/uploads\/2018\/01\/Foto4624-1024x768.jpg 1024w, https:\/\/www.diario5.com.ar\/wp-content\/uploads\/2018\/01\/Foto4624-300x225.jpg 300w, https:\/\/www.diario5.com.ar\/wp-content\/uploads\/2018\/01\/Foto4624-768x576.jpg 768w, https:\/\/www.diario5.com.ar\/wp-content\/uploads\/2018\/01\/Foto4624-1536x1152.jpg 1536w, https:\/\/www.diario5.com.ar\/wp-content\/uploads\/2018\/01\/Foto4624-400x300.jpg 400w, https:\/\/www.diario5.com.ar\/wp-content\/uploads\/2018\/01\/Foto4624-260x195.jpg 260w, https:\/\/www.diario5.com.ar\/wp-content\/uploads\/2018\/01\/Foto4624-160x120.jpg 160w, https:\/\/www.diario5.com.ar\/wp-content\/uploads\/2018\/01\/Foto4624.jpg 2048w\" sizes=\"(max-width: 360px) 100vw, 360px\" \/><figcaption id=\"caption-attachment-603438\" class=\"wp-caption-text\"><strong>A\u00a0mucha gente no le va a gustar que sus perros hagan lo que yo estoy haciendo si al pasar el tiempo no se mantiene la plaza, no te digo con esta pulcritud pero, por lo menos, limpia y linda.<\/strong><\/figcaption><\/figure>\n<figure id=\"attachment_603439\" aria-describedby=\"caption-attachment-603439\" style=\"width: 360px\" class=\"wp-caption alignleft\"><img decoding=\"async\" loading=\"lazy\" class=\"size-large wp-image-603439\" src=\"http:\/\/diario5.com.ar\/wp-content\/uploads\/2018\/01\/Foto4625-1024x768.jpg\" alt=\"Me pasa muchas veces que tengo que compartir mi bebedero porque a algunos pichichos no les traen nada para tomar. Con este calor..!\" width=\"360\" height=\"270\" srcset=\"https:\/\/www.diario5.com.ar\/wp-content\/uploads\/2018\/01\/Foto4625-1024x768.jpg 1024w, https:\/\/www.diario5.com.ar\/wp-content\/uploads\/2018\/01\/Foto4625-300x225.jpg 300w, https:\/\/www.diario5.com.ar\/wp-content\/uploads\/2018\/01\/Foto4625-768x576.jpg 768w, https:\/\/www.diario5.com.ar\/wp-content\/uploads\/2018\/01\/Foto4625-1536x1152.jpg 1536w, https:\/\/www.diario5.com.ar\/wp-content\/uploads\/2018\/01\/Foto4625-400x300.jpg 400w, https:\/\/www.diario5.com.ar\/wp-content\/uploads\/2018\/01\/Foto4625-260x195.jpg 260w, https:\/\/www.diario5.com.ar\/wp-content\/uploads\/2018\/01\/Foto4625-160x120.jpg 160w, https:\/\/www.diario5.com.ar\/wp-content\/uploads\/2018\/01\/Foto4625.jpg 2048w\" sizes=\"(max-width: 360px) 100vw, 360px\" \/><figcaption id=\"caption-attachment-603439\" class=\"wp-caption-text\"><strong>Me pasa muchas veces que tengo que compartir mi bebedero porque a algunos pichichos no les traen nada para tomar. Con este calor..!<\/strong><\/figcaption><\/figure>\n<figure id=\"attachment_603440\" aria-describedby=\"caption-attachment-603440\" style=\"width: 360px\" class=\"wp-caption alignleft\"><img decoding=\"async\" loading=\"lazy\" class=\"size-large wp-image-603440\" src=\"http:\/\/diario5.com.ar\/wp-content\/uploads\/2018\/01\/Foto4626-1024x768.jpg\" alt=\"Es gracioso. Hay muchas cosas para que jueguen los perros que est\u00e1n educados para actividades especiales y la mayor\u00eda de los que yo conozco no obedece ni a la orden de &quot;Bobby, salga de ah\u00ed&quot;.\" width=\"360\" height=\"270\" srcset=\"https:\/\/www.diario5.com.ar\/wp-content\/uploads\/2018\/01\/Foto4626-1024x768.jpg 1024w, https:\/\/www.diario5.com.ar\/wp-content\/uploads\/2018\/01\/Foto4626-300x225.jpg 300w, https:\/\/www.diario5.com.ar\/wp-content\/uploads\/2018\/01\/Foto4626-768x576.jpg 768w, https:\/\/www.diario5.com.ar\/wp-content\/uploads\/2018\/01\/Foto4626-1536x1152.jpg 1536w, https:\/\/www.diario5.com.ar\/wp-content\/uploads\/2018\/01\/Foto4626-400x300.jpg 400w, https:\/\/www.diario5.com.ar\/wp-content\/uploads\/2018\/01\/Foto4626-260x195.jpg 260w, https:\/\/www.diario5.com.ar\/wp-content\/uploads\/2018\/01\/Foto4626-160x120.jpg 160w, https:\/\/www.diario5.com.ar\/wp-content\/uploads\/2018\/01\/Foto4626.jpg 2048w\" sizes=\"(max-width: 360px) 100vw, 360px\" \/><figcaption id=\"caption-attachment-603440\" class=\"wp-caption-text\"><strong>Es gracioso. Hay muchas cosas para que jueguen los perros que est\u00e1n educados para actividades especiales y la mayor\u00eda de los que yo conozco no obedece ni a la orden de \u00abBobby, salga de ah\u00ed\u00bb.<\/strong><\/figcaption><\/figure>\n<figure id=\"attachment_603442\" aria-describedby=\"caption-attachment-603442\" style=\"width: 360px\" class=\"wp-caption alignleft\"><img decoding=\"async\" loading=\"lazy\" class=\"size-large wp-image-603442\" src=\"http:\/\/diario5.com.ar\/wp-content\/uploads\/2018\/01\/Foto4628-1024x768.jpg\" alt=\"Qu\u00e9 lastima que esta reja no tiene una puertita para pasar del lado del c\u00e9sped. Si esta plaza es para perros, yo prefiero hacer caca de ese lado. Total, en mi caso, van a venir con una bolsita y van a limpiar. El pastito es m\u00e1s lindo que las piedras.\" width=\"360\" height=\"270\" srcset=\"https:\/\/www.diario5.com.ar\/wp-content\/uploads\/2018\/01\/Foto4628-1024x768.jpg 1024w, https:\/\/www.diario5.com.ar\/wp-content\/uploads\/2018\/01\/Foto4628-300x225.jpg 300w, https:\/\/www.diario5.com.ar\/wp-content\/uploads\/2018\/01\/Foto4628-768x576.jpg 768w, https:\/\/www.diario5.com.ar\/wp-content\/uploads\/2018\/01\/Foto4628-1536x1152.jpg 1536w, https:\/\/www.diario5.com.ar\/wp-content\/uploads\/2018\/01\/Foto4628-400x300.jpg 400w, https:\/\/www.diario5.com.ar\/wp-content\/uploads\/2018\/01\/Foto4628-260x195.jpg 260w, https:\/\/www.diario5.com.ar\/wp-content\/uploads\/2018\/01\/Foto4628-160x120.jpg 160w, https:\/\/www.diario5.com.ar\/wp-content\/uploads\/2018\/01\/Foto4628.jpg 2048w\" sizes=\"(max-width: 360px) 100vw, 360px\" \/><figcaption id=\"caption-attachment-603442\" class=\"wp-caption-text\"><strong>Qu\u00e9 lastima que esta reja no tiene una puertita para pasar del lado del c\u00e9sped. Si esta plaza es para perros, yo prefiero hacer caca de ese lado. Total, en mi caso, van a venir con una bolsita y van a limpiar. El pastito es m\u00e1s lindo que las piedras.<\/strong><\/figcaption><\/figure>\n<figure id=\"attachment_603444\" aria-describedby=\"caption-attachment-603444\" style=\"width: 360px\" class=\"wp-caption alignleft\"><img decoding=\"async\" loading=\"lazy\" class=\"size-large wp-image-603444\" src=\"http:\/\/diario5.com.ar\/wp-content\/uploads\/2018\/01\/Foto4630-1024x768.jpg\" alt=\"Es un lugar que, si se mantiene limpio, puede ser un punto de encuentro para las reuniones en las que se tratan temas caninos. Algo as\u00ed como un Congreso de Perros.\" width=\"360\" height=\"270\" srcset=\"https:\/\/www.diario5.com.ar\/wp-content\/uploads\/2018\/01\/Foto4630-1024x768.jpg 1024w, https:\/\/www.diario5.com.ar\/wp-content\/uploads\/2018\/01\/Foto4630-300x225.jpg 300w, https:\/\/www.diario5.com.ar\/wp-content\/uploads\/2018\/01\/Foto4630-768x576.jpg 768w, https:\/\/www.diario5.com.ar\/wp-content\/uploads\/2018\/01\/Foto4630-1536x1152.jpg 1536w, https:\/\/www.diario5.com.ar\/wp-content\/uploads\/2018\/01\/Foto4630-400x300.jpg 400w, https:\/\/www.diario5.com.ar\/wp-content\/uploads\/2018\/01\/Foto4630-260x195.jpg 260w, https:\/\/www.diario5.com.ar\/wp-content\/uploads\/2018\/01\/Foto4630-160x120.jpg 160w, https:\/\/www.diario5.com.ar\/wp-content\/uploads\/2018\/01\/Foto4630.jpg 2048w\" sizes=\"(max-width: 360px) 100vw, 360px\" \/><figcaption id=\"caption-attachment-603444\" class=\"wp-caption-text\"><strong>Si se mantiene limpio, puede ser un punto de encuentro para las reuniones en las que se tratan temas caninos. Algo as\u00ed como un Congreso de Perros. O a lo mejor un \u00abrestocan\u00bb. Mmmm. A ver una marca de alimentos que auspicie, che!\u00bb<\/strong><\/figcaption><\/figure>\n<figure id=\"attachment_603445\" aria-describedby=\"caption-attachment-603445\" style=\"width: 360px\" class=\"wp-caption alignleft\"><img decoding=\"async\" loading=\"lazy\" class=\"size-large wp-image-603445\" src=\"http:\/\/diario5.com.ar\/wp-content\/uploads\/2018\/01\/Foto4631-1024x768.jpg\" alt=\"La verdad es que este lugar hoy est\u00e1 bastante indo pero me gustar\u00eda saber si me pueden traer el a\u00f1o que viene y me vaya limpita como hoy.\" width=\"360\" height=\"270\" srcset=\"https:\/\/www.diario5.com.ar\/wp-content\/uploads\/2018\/01\/Foto4631-1024x768.jpg 1024w, https:\/\/www.diario5.com.ar\/wp-content\/uploads\/2018\/01\/Foto4631-300x225.jpg 300w, https:\/\/www.diario5.com.ar\/wp-content\/uploads\/2018\/01\/Foto4631-768x576.jpg 768w, https:\/\/www.diario5.com.ar\/wp-content\/uploads\/2018\/01\/Foto4631-1536x1152.jpg 1536w, https:\/\/www.diario5.com.ar\/wp-content\/uploads\/2018\/01\/Foto4631-400x300.jpg 400w, https:\/\/www.diario5.com.ar\/wp-content\/uploads\/2018\/01\/Foto4631-260x195.jpg 260w, https:\/\/www.diario5.com.ar\/wp-content\/uploads\/2018\/01\/Foto4631-160x120.jpg 160w, https:\/\/www.diario5.com.ar\/wp-content\/uploads\/2018\/01\/Foto4631.jpg 2048w\" sizes=\"(max-width: 360px) 100vw, 360px\" \/><figcaption id=\"caption-attachment-603445\" class=\"wp-caption-text\"><strong>La verdad es que este lugar hoy est\u00e1 bastante lindo pero me gustar\u00eda saber si me pueden traer el a\u00f1o que viene y me vaya limpita como hoy.\u00a0 \u00a0 \u00a0 \u00a0 \u00a0 \u00a0 \u00a0 \u00a0 \u00a0 \u00a0 \u00a0 \u00a0 \u00a0 \u00a0 \u00a0 \u00a0 \u00a0 \u00a0 \u00a0 \u00a0 \u00a0 \u00a0 \u00a0 \u00a0 \u00a0 \u00a0 \u00a0 \u00a0 \u00a0 \u00a0 \u00a0 \u00a0 \u00a0 \u00a0 \u00a0 \u00a0 \u00a0 \u00a0 \u00a0 \u00a0 \u00a0 \u00a0 \u00a0 \u00a0 \u00a0 \u00a0 \u00a0 \u00a0 \u00a0 \u00a0 \u00a0 \u00a0 \u00a0 \u00a0 \u00a0 \u00a0 \u00a0 \u00a0 \u00a0 \u00a0 \u00a0 \u00a0 \u00a0 \u00a0 \u00a0 \u00a0 \u00a0 \u00a0 \u00a0 \u00a0 \u00a0 \u00a0 \u00a0 \u00a0 \u00a0 \u00a0 \u00a0 \u00a0 \u00a0 \u00a0 \u00a0 \u00a0 \u00a0 \u00a0 \u00a0 \u00a0 \u00a0 \u00a0 \u00a0 \u00a0 \u00a0 \u00a0 \u00a0 \u00a0 \u00a0 \u00a0 \u00a0 \u00a0 \u00a0 \u00a0 \u00a0 \u00a0 \u00a0 \u00a0 \u00a0 \u00a0 \u00a0 \u00a0 \u00a0 \u00a0 \u00a0 \u00a0 \u00a0 \u00a0 \u00a0 \u00a0 \u00a0 \u00a0 \u00a0 \u00a0 \u00a0 \u00a0 \u00a0 \u00a0 \u00a0<\/strong><\/figcaption><\/figure>\n<figure id=\"attachment_603447\" aria-describedby=\"caption-attachment-603447\" style=\"width: 360px\" class=\"wp-caption alignleft\"><img decoding=\"async\" loading=\"lazy\" class=\"size-large wp-image-603447\" src=\"http:\/\/diario5.com.ar\/wp-content\/uploads\/2018\/01\/Foto4633-1024x768.jpg\" alt=\"Esto est\u00e1 muy bueno. Hay gente que saca a pasearnos y &quot;se olvida&quot; de llevar bolsa. No me gusta nada eso, porque despu\u00e9s nos miran mal a los perritos cuando hacemos caca y no tenemos la culpa de que nuestros due\u00f1os no limpien las veredas que nosotros ensuciamos\" width=\"360\" height=\"270\" srcset=\"https:\/\/www.diario5.com.ar\/wp-content\/uploads\/2018\/01\/Foto4633-1024x768.jpg 1024w, https:\/\/www.diario5.com.ar\/wp-content\/uploads\/2018\/01\/Foto4633-300x225.jpg 300w, https:\/\/www.diario5.com.ar\/wp-content\/uploads\/2018\/01\/Foto4633-768x576.jpg 768w, https:\/\/www.diario5.com.ar\/wp-content\/uploads\/2018\/01\/Foto4633-1536x1152.jpg 1536w, https:\/\/www.diario5.com.ar\/wp-content\/uploads\/2018\/01\/Foto4633-400x300.jpg 400w, https:\/\/www.diario5.com.ar\/wp-content\/uploads\/2018\/01\/Foto4633-260x195.jpg 260w, https:\/\/www.diario5.com.ar\/wp-content\/uploads\/2018\/01\/Foto4633-160x120.jpg 160w, https:\/\/www.diario5.com.ar\/wp-content\/uploads\/2018\/01\/Foto4633.jpg 2048w\" sizes=\"(max-width: 360px) 100vw, 360px\" \/><figcaption id=\"caption-attachment-603447\" class=\"wp-caption-text\"><strong>Esto est\u00e1 muy bueno. Hay gente que saca a pasearnos y \u00abse olvida\u00bb de llevar bolsa. No me gusta nada eso, porque despu\u00e9s nos miran mal a los perritos cuando hacemos caca y no tenemos la culpa de que nuestros due\u00f1os no limpien las veredas que nosotros ensuciamos<\/strong><\/figcaption><\/figure>\n<figure id=\"attachment_603448\" aria-describedby=\"caption-attachment-603448\" style=\"width: 737px\" class=\"wp-caption alignleft\"><img decoding=\"async\" loading=\"lazy\" class=\"wp-image-603448\" src=\"http:\/\/diario5.com.ar\/wp-content\/uploads\/2018\/01\/Foto4634-1024x768.jpg\" alt=\"Al final, con estos perros de madera lo mejor que se puede hacer es dejarlos ah\u00ed y ponerse a descansar\" width=\"737\" height=\"552\" srcset=\"https:\/\/www.diario5.com.ar\/wp-content\/uploads\/2018\/01\/Foto4634-1024x768.jpg 1024w, https:\/\/www.diario5.com.ar\/wp-content\/uploads\/2018\/01\/Foto4634-300x225.jpg 300w, https:\/\/www.diario5.com.ar\/wp-content\/uploads\/2018\/01\/Foto4634-768x576.jpg 768w, https:\/\/www.diario5.com.ar\/wp-content\/uploads\/2018\/01\/Foto4634-1536x1152.jpg 1536w, https:\/\/www.diario5.com.ar\/wp-content\/uploads\/2018\/01\/Foto4634-400x300.jpg 400w, https:\/\/www.diario5.com.ar\/wp-content\/uploads\/2018\/01\/Foto4634-260x195.jpg 260w, https:\/\/www.diario5.com.ar\/wp-content\/uploads\/2018\/01\/Foto4634-160x120.jpg 160w, https:\/\/www.diario5.com.ar\/wp-content\/uploads\/2018\/01\/Foto4634.jpg 2048w\" sizes=\"(max-width: 737px) 100vw, 737px\" \/><figcaption id=\"caption-attachment-603448\" class=\"wp-caption-text\"><strong>Al final, con estos perros de madera lo mejor que se puede hacer es dejarlos ah\u00ed y ponerse a descansar.<\/strong><\/figcaption><\/figure>","protected":false},"excerpt":{"rendered":"<p>En la semana del 21 de enero comenzaron a llegar mails a los vecinos de San Crist\u00f3bal para anunciarles que el espacio verde de Sarand\u00ed al 1300 perd\u00eda su condici\u00f3n de lugar abandonado a la suerte de nadie y se transformaba en un centro de \u00abactividad\u00bb canina.<\/p>","protected":false},"author":1,"featured_media":603448,"comment_status":"open","ping_status":"closed","sticky":false,"template":"","format":"standard","meta":[],"categories":[1],"tags":[],"series":[],"_links":{"self":[{"href":"https:\/\/www.diario5.com.ar\/es\/wp-json\/wp\/v2\/posts\/603425"}],"collection":[{"href":"https:\/\/www.diario5.com.ar\/es\/wp-json\/wp\/v2\/posts"}],"about":[{"href":"https:\/\/www.diario5.com.ar\/es\/wp-json\/wp\/v2\/types\/post"}],"author":[{"embeddable":true,"href":"https:\/\/www.diario5.com.ar\/es\/wp-json\/wp\/v2\/users\/1"}],"replies":[{"embeddable":true,"href":"https:\/\/www.diario5.com.ar\/es\/wp-json\/wp\/v2\/comments?post=603425"}],"version-history":[{"count":44,"href":"https:\/\/www.diario5.com.ar\/es\/wp-json\/wp\/v2\/posts\/603425\/revisions"}],"predecessor-version":[{"id":603506,"href":"https:\/\/www.diario5.com.ar\/es\/wp-json\/wp\/v2\/posts\/603425\/revisions\/603506"}],"wp:featuredmedia":[{"embeddable":true,"href":"https:\/\/www.diario5.com.ar\/es\/wp-json\/wp\/v2\/media\/603448"}],"wp:attachment":[{"href":"https:\/\/www.diario5.com.ar\/es\/wp-json\/wp\/v2\/media?parent=603425"}],"wp:term":[{"taxonomy":"category","embeddable":true,"href":"https:\/\/www.diario5.com.ar\/es\/wp-json\/wp\/v2\/categories?post=603425"},{"taxonomy":"post_tag","embeddable":true,"href":"https:\/\/www.diario5.com.ar\/es\/wp-json\/wp\/v2\/tags?post=603425"},{"taxonomy":"series","embeddable":true,"href":"https:\/\/www.diario5.com.ar\/es\/wp-json\/wp\/v2\/series?post=603425"}],"curies":[{"name":"wp","href":"https:\/\/api.w.org\/{rel}","templated":true}]}}