{"id":603379,"date":"2018-01-24T07:33:34","date_gmt":"2018-01-24T10:33:34","guid":{"rendered":"http:\/\/diario5.com.ar\/?p=603379"},"modified":"2018-02-06T21:23:00","modified_gmt":"2018-02-07T00:23:00","slug":"603379","status":"publish","type":"post","link":"https:\/\/www.diario5.com.ar\/es\/603379\/","title":{"rendered":"Audiencia p\u00fablica para nombrar Alfredo Bravo a Estaci\u00f3n Callao"},"content":{"rendered":"<h2 class=\"sub-title-primary\"><\/h2> <p><a href=\"https:\/\/www.diario5.com.ar\/wp-content\/uploads\/2018\/01\/comuna_3.pdf\"><img decoding=\"async\" loading=\"lazy\" class=\"wp-image-603396 alignleft\" src=\"http:\/\/diario5.com.ar\/wp-content\/uploads\/2018\/01\/legislatura_a_bravo1-1024x864.jpg\" alt=\"legislatura_a_bravo1\" width=\"131\" height=\"110\" srcset=\"https:\/\/www.diario5.com.ar\/wp-content\/uploads\/2018\/01\/legislatura_a_bravo1-1024x864.jpg 1024w, https:\/\/www.diario5.com.ar\/wp-content\/uploads\/2018\/01\/legislatura_a_bravo1-300x253.jpg 300w, https:\/\/www.diario5.com.ar\/wp-content\/uploads\/2018\/01\/legislatura_a_bravo1-768x648.jpg 768w, https:\/\/www.diario5.com.ar\/wp-content\/uploads\/2018\/01\/legislatura_a_bravo1-400x338.jpg 400w, https:\/\/www.diario5.com.ar\/wp-content\/uploads\/2018\/01\/legislatura_a_bravo1-260x219.jpg 260w, https:\/\/www.diario5.com.ar\/wp-content\/uploads\/2018\/01\/legislatura_a_bravo1-160x135.jpg 160w, https:\/\/www.diario5.com.ar\/wp-content\/uploads\/2018\/01\/legislatura_a_bravo1.jpg 1450w\" sizes=\"(max-width: 131px) 100vw, 131px\" \/>Ver convocatoria.<\/a><\/p>\n<p>\u00bfCu\u00e1nto tiempo nos puede llevar en Audiencia P\u00fablica ponernos de acuerdo para que la Estaci\u00f3n Callao pase -tambi\u00e9n- a llamarse Alfredo Bravo? Apenas unos segundos para que se realice el tr\u00e1mite. La iniciativa de darles una nominaci\u00f3n alternativa a las estaciones, genera una amalgama de cultura e identidad: los pasajeros pueden asociar esquinas, barrios, \u00e1reas, zonas o peque\u00f1as calles porte\u00f1as con personalidades de la vida nacional -como es este caso- o de la misma ciudad. Ser\u00e1 el martes 6 de marzo. Inscripciones, como siempre, en la\u00a0Direcci\u00f3n General de Gesti\u00f3n y Participaci\u00f3n Ciudadana.<\/p>\n<p style=\"text-align: center;\">\n<p><img decoding=\"async\" loading=\"lazy\" class=\"aligncenter\" src=\"http:\/\/diario5.com.ar\/img\/legislatura.logo1.jpg\" width=\"433\" height=\"128\" \/><\/p>\n<p>El Presidente de la Legislatura, Diego Santilli convoca a la siguiente Audiencia P\u00fablica:<\/p>\n<p>CONVOCATORIA A AUDIENCIA P\u00daBLICA FECHA: 6 de marzo de 2018 LUGAR: En la Legislatura de la Ciudad Aut\u00f3noma de Buenos Aires 13:30 horas Ley inicial publicada en el BOCBA 5284 del 29 de diciembre de 2017 referente al Expte. 867-D-2017. Con el objeto de que los interesados presenten los reclamos y observaciones que consideren pertinentes con relaci\u00f3n a la Ley por la cual: Denom\u00ednase \u201cCallao &#8211; Maestro Alfredo Bravo\u201d a la actual estaci\u00f3n Callao de la l\u00ednea B de la Red de Subterr\u00e1neos de Buenos Aires.<\/p>\n<p>Apertura del Registro de Participantes de la Audiencia: 02\/02\/2018.<\/p>\n<p>Cierre del Registro de Participantes de la Audiencia: 01\/03\/2018 a las 13:30 hs.<\/p>\n<p>Inscripci\u00f3n de Participantes:<\/p>\n<p>Las personas f\u00edsicas podr\u00e1n iniciar la inscripci\u00f3n a trav\u00e9s de la p\u00e1gina web: www.legislatura.gov.ar o bien, personalmente en la Direcci\u00f3n General de Gesti\u00f3n y Participaci\u00f3n Ciudadana de la Legislatura de la Ciudad Aut\u00f3noma de Buenos Aires, sita en la calle Per\u00fa 160, Piso 1\u00b0, Of. 110. Para finalizar dicho tr\u00e1mite, es de estricto cumplimiento acreditar identidad con DNI, LC o LE el d\u00eda de la Audiencia P\u00fablica. Las personas jur\u00eddicas deber\u00e1n hacerlo \u00fanicamente a trav\u00e9s de sus representantes legales acreditando personer\u00eda jur\u00eddica en dicha Direcci\u00f3n General. Horario de atenci\u00f3n al p\u00fablico: lunes a viernes de 10 a 18 hs. Vista completa de la Ley Inicial y de los Expedientes: En la Direcci\u00f3n General de Gesti\u00f3n y Participaci\u00f3n Ciudadana. Informes: Tel. 4338-1033, mail dg.gypciudadana@legislatura.gov.ar. Autoridades de la Audiencia: El Presidente de la Legislatura, o quien se designe conforme lo dispone el Art. 12\u00b0 de la Ley N\u00ba 6.<\/p>\n<p style=\"text-align: center;\"><img decoding=\"async\" src=\"http:\/\/diario5.com.ar\/AVISOS\/GCBA\/AP20180306-CALLAO_ABRAVO.jpg\" \/><\/p>\n<p>&nbsp;<\/p>\n<p>&nbsp;<\/p>","protected":false},"excerpt":{"rendered":"<p>Ver convocatoria. \u00bfCu\u00e1nto tiempo nos puede llevar en Audiencia P\u00fablica ponernos de acuerdo para que la Estaci\u00f3n Callao pase -tambi\u00e9n- a llamarse Alfredo Bravo? Apenas unos segundos para que se realice el tr\u00e1mite. La iniciativa de darles una nominaci\u00f3n alternativa a las estaciones, genera una amalgama de cultura e identidad: los pasajeros pueden asociar esquinas, [&hellip;]<\/p>","protected":false},"author":1,"featured_media":603396,"comment_status":"open","ping_status":"closed","sticky":false,"template":"","format":"standard","meta":[],"categories":[1],"tags":[],"series":[],"_links":{"self":[{"href":"https:\/\/www.diario5.com.ar\/es\/wp-json\/wp\/v2\/posts\/603379"}],"collection":[{"href":"https:\/\/www.diario5.com.ar\/es\/wp-json\/wp\/v2\/posts"}],"about":[{"href":"https:\/\/www.diario5.com.ar\/es\/wp-json\/wp\/v2\/types\/post"}],"author":[{"embeddable":true,"href":"https:\/\/www.diario5.com.ar\/es\/wp-json\/wp\/v2\/users\/1"}],"replies":[{"embeddable":true,"href":"https:\/\/www.diario5.com.ar\/es\/wp-json\/wp\/v2\/comments?post=603379"}],"version-history":[{"count":10,"href":"https:\/\/www.diario5.com.ar\/es\/wp-json\/wp\/v2\/posts\/603379\/revisions"}],"predecessor-version":[{"id":603703,"href":"https:\/\/www.diario5.com.ar\/es\/wp-json\/wp\/v2\/posts\/603379\/revisions\/603703"}],"wp:featuredmedia":[{"embeddable":true,"href":"https:\/\/www.diario5.com.ar\/es\/wp-json\/wp\/v2\/media\/603396"}],"wp:attachment":[{"href":"https:\/\/www.diario5.com.ar\/es\/wp-json\/wp\/v2\/media?parent=603379"}],"wp:term":[{"taxonomy":"category","embeddable":true,"href":"https:\/\/www.diario5.com.ar\/es\/wp-json\/wp\/v2\/categories?post=603379"},{"taxonomy":"post_tag","embeddable":true,"href":"https:\/\/www.diario5.com.ar\/es\/wp-json\/wp\/v2\/tags?post=603379"},{"taxonomy":"series","embeddable":true,"href":"https:\/\/www.diario5.com.ar\/es\/wp-json\/wp\/v2\/series?post=603379"}],"curies":[{"name":"wp","href":"https:\/\/api.w.org\/{rel}","templated":true}]}}