{"id":603363,"date":"2018-01-23T18:48:52","date_gmt":"2018-01-23T21:48:52","guid":{"rendered":"http:\/\/diario5.com.ar\/?p=603363"},"modified":"2018-02-06T21:45:24","modified_gmt":"2018-02-07T00:45:24","slug":"audiencia-publica","status":"publish","type":"post","link":"https:\/\/www.diario5.com.ar\/es\/audiencia-publica\/","title":{"rendered":"El 5 de marzo habr\u00e1 Audiencia P\u00fablica por Sistema de Bicis"},"content":{"rendered":"<h2 class=\"sub-title-primary\"><\/h2> <p><a href=\"https:\/\/www.diario5.com.ar\/wp-content\/uploads\/2018\/01\/Comuna_1_a_15.pdf\"><img decoding=\"async\" loading=\"lazy\" class=\"wp-image-603389 alignleft\" src=\"http:\/\/diario5.com.ar\/wp-content\/uploads\/2018\/01\/legislatura_ecoboci2-1024x707.jpg\" alt=\"legislatura_ecoboci2\" width=\"131\" height=\"90\" srcset=\"https:\/\/www.diario5.com.ar\/wp-content\/uploads\/2018\/01\/legislatura_ecoboci2-1024x707.jpg 1024w, https:\/\/www.diario5.com.ar\/wp-content\/uploads\/2018\/01\/legislatura_ecoboci2-300x207.jpg 300w, https:\/\/www.diario5.com.ar\/wp-content\/uploads\/2018\/01\/legislatura_ecoboci2-768x530.jpg 768w, https:\/\/www.diario5.com.ar\/wp-content\/uploads\/2018\/01\/legislatura_ecoboci2-400x276.jpg 400w, https:\/\/www.diario5.com.ar\/wp-content\/uploads\/2018\/01\/legislatura_ecoboci2-260x179.jpg 260w, https:\/\/www.diario5.com.ar\/wp-content\/uploads\/2018\/01\/legislatura_ecoboci2-160x110.jpg 160w, https:\/\/www.diario5.com.ar\/wp-content\/uploads\/2018\/01\/legislatura_ecoboci2.jpg 1452w\" sizes=\"(max-width: 131px) 100vw, 131px\" \/>Ver convocatoria.<\/a><\/p>\n<p>Las bicicletas y su sistema p\u00fablico abren ahora un debate para establecer una Licitaci\u00f3n por unos 10 a\u00f1os, que\u00a0habilite a una empresa privada darle contibuidad al actual servicio EcoBici. La Legislatura Porte\u00f1a es la encargada del llamamiento.<\/p>\n<p><img decoding=\"async\" loading=\"lazy\" class=\"aligncenter\" src=\"http:\/\/diario5.com.ar\/img\/legislatura.logo1.jpg\" width=\"406\" height=\"120\" \/><\/p>\n<p>CONVOCATORIA A AUDIENCIA P\u00daBLICA<br \/>\nFECHA: 5 de marzo de 2018<br \/>\nLUGAR: En la Legislatura de la Ciudad Aut\u00f3noma de Buenos Aires<br \/>\n11:30 horas<br \/>\nLey inicial publicada en el BOCBA 5284 del 29 de diciembre de 2017 referente al\u00a0Expte. 2995-J-2017.<br \/>\nCon el objeto de que los interesados presenten los reclamos y observaciones que\u00a0consideren pertinentes con relaci\u00f3n a la Ley por la cual: Art\u00edculo 1\u00b0.- Autor\u00edzase al\u00a0Poder Ejecutivo, por intermedio de la Secretar\u00eda de Transporte dependiente del\u00a0Ministerio de Desarrollo Urbano y Transporte u organismo que en el futuro la\u00a0reemplace, a concesionar la prestaci\u00f3n integral, modernizaci\u00f3n, operaci\u00f3n,\u00a0mantenimiento y explotaci\u00f3n, del Sistema de Transporte P\u00fablico en Bicicleta de la\u00a0Ciudad Aut\u00f3noma de Buenos Aires, mediante el llamado a Licitaci\u00f3n P\u00fablica, por un\u00a0plazo m\u00e1ximo de diez (10) a\u00f1os. (\u2026) (Ver Texto Completo de la Ley inicial en el\u00a0BOCBA 5284 del 29 de diciembre de 2017 referente al Expte. 2995-J-2017).<\/p>\n<p>Apertura del Registro de Participantes de la Audiencia: 01\/02\/2018<br \/>\nCierre del Registro de Participantes de la Audiencia: 28\/02\/2018 a las 11:30 hs.<br \/>\nInscripci\u00f3n de Participantes: Las personas f\u00edsicas podr\u00e1n iniciar la inscripci\u00f3n a trav\u00e9s\u00a0de la p\u00e1gina web: www.legislatura.gov.ar o bien, personalmente en la Direcci\u00f3n\u00a0General de Gesti\u00f3n y Participaci\u00f3n Ciudadana de la Legislatura de la Ciudad\u00a0Aut\u00f3noma de Buenos Aires, sita en la calle Per\u00fa 160, Piso 1\u00b0, Of. 110. Para finalizar\u00a0dicho tr\u00e1mite, es de estricto cumplimiento acreditar identidad con DNI, LC o LE el d\u00eda<br \/>\nde la Audiencia P\u00fablica. Las personas jur\u00eddicas deber\u00e1n hacerlo \u00fanicamente a trav\u00e9s\u00a0de sus representantes legales acreditando personer\u00eda jur\u00eddica en dicha Direcci\u00f3n\u00a0General. Horario de atenci\u00f3n al p\u00fablico: lunes a viernes de 10 a 18 hs.<\/p>\n<p>Vista completa de la Ley Inicial y de los Expedientes: En la Direcci\u00f3n General de\u00a0Gesti\u00f3n y Participaci\u00f3n Ciudadana. Informes: Tel. 4338-1033, mail\u00a0dg.gypciudadana@legislatura.gov.ar.<\/p>\n<p>Autoridades de la Audiencia: El Presidente de la Legislatura, o quien se designe\u00a0conforme lo dispone el Art. 12\u00b0 de la Ley N\u00ba 6.<\/p>\n<p style=\"text-align: center;\"><img decoding=\"async\" src=\"http:\/\/diario5.com.ar\/AVISOS\/GCBA\/AP20180305-BICI.jpg\" \/><\/p>\n<p>&nbsp;<\/p>\n<p>&nbsp;<\/p>","protected":false},"excerpt":{"rendered":"<p>Ver convocatoria. Las bicicletas y su sistema p\u00fablico abren ahora un debate para establecer una Licitaci\u00f3n por unos 10 a\u00f1os, que\u00a0habilite a una empresa privada darle contibuidad al actual servicio EcoBici. La Legislatura Porte\u00f1a es la encargada del llamamiento. CONVOCATORIA A AUDIENCIA P\u00daBLICA FECHA: 5 de marzo de 2018 LUGAR: En la Legislatura de la [&hellip;]<\/p>","protected":false},"author":1,"featured_media":603389,"comment_status":"open","ping_status":"closed","sticky":false,"template":"","format":"standard","meta":[],"categories":[1],"tags":[],"series":[],"_links":{"self":[{"href":"https:\/\/www.diario5.com.ar\/es\/wp-json\/wp\/v2\/posts\/603363"}],"collection":[{"href":"https:\/\/www.diario5.com.ar\/es\/wp-json\/wp\/v2\/posts"}],"about":[{"href":"https:\/\/www.diario5.com.ar\/es\/wp-json\/wp\/v2\/types\/post"}],"author":[{"embeddable":true,"href":"https:\/\/www.diario5.com.ar\/es\/wp-json\/wp\/v2\/users\/1"}],"replies":[{"embeddable":true,"href":"https:\/\/www.diario5.com.ar\/es\/wp-json\/wp\/v2\/comments?post=603363"}],"version-history":[{"count":17,"href":"https:\/\/www.diario5.com.ar\/es\/wp-json\/wp\/v2\/posts\/603363\/revisions"}],"predecessor-version":[{"id":603704,"href":"https:\/\/www.diario5.com.ar\/es\/wp-json\/wp\/v2\/posts\/603363\/revisions\/603704"}],"wp:featuredmedia":[{"embeddable":true,"href":"https:\/\/www.diario5.com.ar\/es\/wp-json\/wp\/v2\/media\/603389"}],"wp:attachment":[{"href":"https:\/\/www.diario5.com.ar\/es\/wp-json\/wp\/v2\/media?parent=603363"}],"wp:term":[{"taxonomy":"category","embeddable":true,"href":"https:\/\/www.diario5.com.ar\/es\/wp-json\/wp\/v2\/categories?post=603363"},{"taxonomy":"post_tag","embeddable":true,"href":"https:\/\/www.diario5.com.ar\/es\/wp-json\/wp\/v2\/tags?post=603363"},{"taxonomy":"series","embeddable":true,"href":"https:\/\/www.diario5.com.ar\/es\/wp-json\/wp\/v2\/series?post=603363"}],"curies":[{"name":"wp","href":"https:\/\/api.w.org\/{rel}","templated":true}]}}