{"id":603300,"date":"2018-01-18T06:40:20","date_gmt":"2018-01-18T09:40:20","guid":{"rendered":"http:\/\/diario5.com.ar\/?p=603300"},"modified":"2018-01-18T00:06:01","modified_gmt":"2018-01-18T03:06:01","slug":"cortazar-cobian-y-francini-simbolos-de-la-14","status":"publish","type":"post","link":"https:\/\/www.diario5.com.ar\/es\/cortazar-cobian-y-francini-simbolos-de-la-14\/","title":{"rendered":"Cort\u00e1zar, Cobi\u00e1n y Francini, s\u00edmbolos de la 14"},"content":{"rendered":"<h2 class=\"sub-title-primary\"><\/h2> <figure style=\"width: 346px\" class=\"wp-caption alignright\"><img decoding=\"async\" loading=\"lazy\" class=\"\" src=\"http:\/\/diario5.com.ar\/img\/julio_cortazar.jpg\" width=\"346\" height=\"465\" \/><figcaption class=\"wp-caption-text\">Julio Cort\u00e1zar<\/figcaption><\/figure>\n<p>Palermo los tiene en Plazoletas y el argentino los tiene en su coraz\u00f3n. Como ellos, tantos han de merecer que sus nombres se alcen al frente de espacios p\u00fablicos, tanto porte\u00f1os como de todo el pa\u00eds.<\/p>\n<p>Recorremos un poco el barrio y algunos nombres enaltecen la cultura de todos<\/p>\n<p>La famosa, popular y alt\u00edsimamente concurrida \u00abplacita\u00bb <em>Julio Cortazar,<\/em>\u00a0es algo as\u00ed como un epicentro de encuentro nocturno en Palermo. Se encuentra en la amplia intersecci\u00f3n de las calles Serrano y Honduras, con un formato de rotonda ovalada a la que le rebanaron una porci\u00f3n. Originalmente se llam\u00f3 Plaza Serrano, nombre que conserva todo el concepto urbano que rodea a la plazoleta. La superficie de este espacio p\u00fablico es de 985 m2 (0,0985 Ha).<\/p>\n<figure style=\"width: 182px\" class=\"wp-caption alignleft\"><img decoding=\"async\" loading=\"lazy\" class=\"\" src=\"http:\/\/diario5.com.ar\/img\/juan_carlos_cobian.jpg\" width=\"182\" height=\"277\" \/><figcaption class=\"wp-caption-text\">Juan Carlos Cobi\u00e1n<\/figcaption><\/figure>\n<p>En Palermo chico, la <em>Juan Carlos Cobian<\/em>, delimitada por las calles Juez Ted\u00edn, San Martin De Tours, la Av Ortiz De Ocampo y las v\u00edas del FCGSM, con una superficie es de 369 m2 (0,0369 Ha) es un buen homenaje. Todos los pavotes que dijeron que un tipo popular como Cobi\u00e1n (cuyo apellido real era Bianco) no deb\u00eda tener una plazoleta con su nombre en un barrio bac\u00e1n, nunca supieron encontrar un lugar de Buenos Aires que justificara, de mejor modo, que nombre del exquisito compositor de \u201cNostalgias\u201d pudiera presidirlo. Bien por la Plazoleta Cobi\u00e1n. Chiquita, pero cumplidora.<\/p>\n<figure style=\"width: 193px\" class=\"wp-caption alignright\"><img decoding=\"async\" loading=\"lazy\" class=\"\" src=\"http:\/\/diario5.com.ar\/img\/cobian.jpg\" width=\"193\" height=\"159\" \/><figcaption class=\"wp-caption-text\">Enrique Mario Francini<\/figcaption><\/figure>\n<p>Otra que homenajea a un monstruo sagrado del tango: la <em>Enrique Mario Francini<\/em>, en Av.Leopoldo Lugones y Av Sarmiento. La superficie de la Francini es de 1760 m2 (0,176 Ha).<\/p>\n<p>Ultima plazoleta correspondiente al C G P 14 Este. Su nombre homenajea a uno de los pioneros en temas de solidaridad y entrega por los pobres: se trata de William C. Morris. La plazoleta con el nombre de aquel predicador brit\u00e1nico que abri\u00f3 uno de los primeros hogares con comedor para gente pobre en Buenos Aires,\u00a0 se encuentra delimitada por las calles Uriarte, Darregueyra, Guatemala y Soler. La superficie de este espacio p\u00fablico es de 430 m2 (0,043 Ha).<\/p>","protected":false},"excerpt":{"rendered":"<p>Palermo los tiene en Plazoletas y el argentino los tiene en su coraz\u00f3n. Como ellos, tantos han de merecer que sus nombres se alcen al frente de espacios p\u00fablicos, tanto porte\u00f1os como de todo el pa\u00eds. Recorremos un poco el barrio y algunos nombres enaltecen la cultura de todos La famosa, popular y alt\u00edsimamente concurrida [&hellip;]<\/p>","protected":false},"author":1,"featured_media":0,"comment_status":"open","ping_status":"closed","sticky":false,"template":"","format":"standard","meta":[],"categories":[1],"tags":[],"series":[],"_links":{"self":[{"href":"https:\/\/www.diario5.com.ar\/es\/wp-json\/wp\/v2\/posts\/603300"}],"collection":[{"href":"https:\/\/www.diario5.com.ar\/es\/wp-json\/wp\/v2\/posts"}],"about":[{"href":"https:\/\/www.diario5.com.ar\/es\/wp-json\/wp\/v2\/types\/post"}],"author":[{"embeddable":true,"href":"https:\/\/www.diario5.com.ar\/es\/wp-json\/wp\/v2\/users\/1"}],"replies":[{"embeddable":true,"href":"https:\/\/www.diario5.com.ar\/es\/wp-json\/wp\/v2\/comments?post=603300"}],"version-history":[{"count":8,"href":"https:\/\/www.diario5.com.ar\/es\/wp-json\/wp\/v2\/posts\/603300\/revisions"}],"predecessor-version":[{"id":603308,"href":"https:\/\/www.diario5.com.ar\/es\/wp-json\/wp\/v2\/posts\/603300\/revisions\/603308"}],"wp:attachment":[{"href":"https:\/\/www.diario5.com.ar\/es\/wp-json\/wp\/v2\/media?parent=603300"}],"wp:term":[{"taxonomy":"category","embeddable":true,"href":"https:\/\/www.diario5.com.ar\/es\/wp-json\/wp\/v2\/categories?post=603300"},{"taxonomy":"post_tag","embeddable":true,"href":"https:\/\/www.diario5.com.ar\/es\/wp-json\/wp\/v2\/tags?post=603300"},{"taxonomy":"series","embeddable":true,"href":"https:\/\/www.diario5.com.ar\/es\/wp-json\/wp\/v2\/series?post=603300"}],"curies":[{"name":"wp","href":"https:\/\/api.w.org\/{rel}","templated":true}]}}