{"id":603219,"date":"2018-01-14T07:44:31","date_gmt":"2018-01-14T10:44:31","guid":{"rendered":"http:\/\/diario5.com.ar\/?p=603219"},"modified":"2018-01-12T16:20:41","modified_gmt":"2018-01-12T19:20:41","slug":"micros-televisivos-del-museo-de-la-ciudad","status":"publish","type":"post","link":"https:\/\/www.diario5.com.ar\/es\/micros-televisivos-del-museo-de-la-ciudad\/","title":{"rendered":"Micros televisivos del Museo de la Ciudad"},"content":{"rendered":"<h2 class=\"sub-title-primary\"><\/h2> <figure id=\"attachment_603223\" aria-describedby=\"caption-attachment-603223\" style=\"width: 542px\" class=\"wp-caption alignright\"><img decoding=\"async\" loading=\"lazy\" class=\"wp-image-603223\" src=\"http:\/\/diario5.com.ar\/wp-content\/uploads\/2018\/01\/museo-ciudad01-1024x617.jpg\" alt=\"Fotograf\u00eda del legendario grupo de Rock Almendra, prionero de la m\u00fasica progresiva argentina.\" width=\"542\" height=\"327\" srcset=\"https:\/\/www.diario5.com.ar\/wp-content\/uploads\/2018\/01\/museo-ciudad01-1024x617.jpg 1024w, https:\/\/www.diario5.com.ar\/wp-content\/uploads\/2018\/01\/museo-ciudad01-300x181.jpg 300w, https:\/\/www.diario5.com.ar\/wp-content\/uploads\/2018\/01\/museo-ciudad01-768x463.jpg 768w, https:\/\/www.diario5.com.ar\/wp-content\/uploads\/2018\/01\/museo-ciudad01-1536x925.jpg 1536w, https:\/\/www.diario5.com.ar\/wp-content\/uploads\/2018\/01\/museo-ciudad01-400x241.jpg 400w, https:\/\/www.diario5.com.ar\/wp-content\/uploads\/2018\/01\/museo-ciudad01-260x157.jpg 260w, https:\/\/www.diario5.com.ar\/wp-content\/uploads\/2018\/01\/museo-ciudad01-160x96.jpg 160w, https:\/\/www.diario5.com.ar\/wp-content\/uploads\/2018\/01\/museo-ciudad01.jpg 1680w\" sizes=\"(max-width: 542px) 100vw, 542px\" \/><figcaption id=\"caption-attachment-603223\" class=\"wp-caption-text\">Esta fotograf\u00eda del legendario grupo de Rock Almendra, pionero de la m\u00fasica progresiva argentina, es parte del patrimonio del museo.<\/figcaption><\/figure>\n<p>Se presentaron nuevos micros del Museo de la Ciudad, que se difunden, en primera instancia, en el Canal de la Ciudad pero que tienen disponibilidad online, a trav\u00e9s de youtube.<\/p>\n<p>La Direcci\u00f3n General de Patrimonio, Museos y Casco Hist\u00f3rico, dependiente del Ministerio de Cultura del Gobierno de la Ciudad Aut\u00f3noma de Buenos Aires, presenta dos nuevos videos de la serie de micros de patrimonio de museos, una coproducci\u00f3n con el Canal de la Ciudad que en esta temporada se encuentra dedicada al Museo de la Ciudad.<\/p>\n<p>Ya est\u00e1n disponibles online los micros de Ariadna Pastorini y H\u00e9ctor Starc, que nos introducen en las piezas notables e historias del museo que maravilla con un Buenos Aires cotidiano. Cada micro se emite con las palabras del director, Ricardo Pinal Villanueva, quien comenta sobre la colecci\u00f3n y los servicios de la instituci\u00f3n de Alsina y Defensa. A todos ellos se los puede encontrar a diario en las tandas del Canal de la Ciudad o en las redes de Museos y el Canal de la Ciudad.<\/p>\n<p>La serie patrimonial de micros de Museos consta de doce (12) cortos audiovisuales especialmente pensados para cada uno de los espacios. El Museo de Arte Moderno, el Museo de Artes Pl\u00e1sticas Eduardo S\u00edvori, el Museo Casa Carlos Gardel y el Museo del Cine Pablo Ducr\u00f3s Hicken ya cuentan con series online para descubrir y aprender con los hacedores de la cultura, de distintas ramas y artes, reunidos por la pasi\u00f3n a nuestros museos.<\/p>\n<hr \/>\n<p>La informaci\u00f3n fue brindada por el \u00e1rea de Prensa de la Gerencia Operativa Museos, de la\u00a0Direcci\u00f3n General de Patrimonio, Museos y Casco Hist\u00f3rico, dependiente de la\u00a0Subsecretar\u00eda de Gesti\u00f3n Cultural del\u00a0Ministerio de Cultura del\u00a0 Gobierno de la Ciudad Aut\u00f3noma de Buenos Aires. Todo tipo de consultas enlo que refiere al Museo pueden ser realizadas a trav\u00e9s de los tel\u00e9fonos 4516-0944 al 49 internos 212 y 213, con casilla de correco electr\u00f3nico\u00a0prensadgm@buenosaires.gob.ar y su web\u00a0www.museos.buenosaires.gob.ar.<\/p>\n<p>Podemos ver los\u00a0dos nuevos micros de la serie patrimonial del Museo de la Ciudad:<\/p>\n<p>Ariadna Pastorini:<br \/>\n<iframe loading=\"lazy\" width=\"640\" height=\"360\" src=\"https:\/\/www.youtube.com\/embed\/BSil1t6jd20?feature=oembed\" frameborder=\"0\" allow=\"accelerometer; autoplay; encrypted-media; gyroscope; picture-in-picture\" allowfullscreen><\/iframe><\/p>\n<p>H\u00e9ctor Starc:<br \/>\n<iframe loading=\"lazy\" width=\"640\" height=\"360\" src=\"https:\/\/www.youtube.com\/embed\/wdyXs3EqfDs?feature=oembed\" frameborder=\"0\" allow=\"accelerometer; autoplay; encrypted-media; gyroscope; picture-in-picture\" allowfullscreen><\/iframe><\/p>\n<p>Lista completa de micros en Canal de la Ciudad\/Museos.<\/p>","protected":false},"excerpt":{"rendered":"<p>Se presentaron nuevos micros del Museo de la Ciudad, que se difunden, en primera instancia, en el Canal de la Ciudad pero que tienen disponibilidad online, a trav\u00e9s de youtube. La Direcci\u00f3n General de Patrimonio, Museos y Casco Hist\u00f3rico, dependiente del Ministerio de Cultura del Gobierno de la Ciudad Aut\u00f3noma de Buenos Aires, presenta dos [&hellip;]<\/p>","protected":false},"author":1,"featured_media":603223,"comment_status":"open","ping_status":"closed","sticky":false,"template":"","format":"standard","meta":[],"categories":[5],"tags":[],"series":[],"_links":{"self":[{"href":"https:\/\/www.diario5.com.ar\/es\/wp-json\/wp\/v2\/posts\/603219"}],"collection":[{"href":"https:\/\/www.diario5.com.ar\/es\/wp-json\/wp\/v2\/posts"}],"about":[{"href":"https:\/\/www.diario5.com.ar\/es\/wp-json\/wp\/v2\/types\/post"}],"author":[{"embeddable":true,"href":"https:\/\/www.diario5.com.ar\/es\/wp-json\/wp\/v2\/users\/1"}],"replies":[{"embeddable":true,"href":"https:\/\/www.diario5.com.ar\/es\/wp-json\/wp\/v2\/comments?post=603219"}],"version-history":[{"count":6,"href":"https:\/\/www.diario5.com.ar\/es\/wp-json\/wp\/v2\/posts\/603219\/revisions"}],"predecessor-version":[{"id":603226,"href":"https:\/\/www.diario5.com.ar\/es\/wp-json\/wp\/v2\/posts\/603219\/revisions\/603226"}],"wp:featuredmedia":[{"embeddable":true,"href":"https:\/\/www.diario5.com.ar\/es\/wp-json\/wp\/v2\/media\/603223"}],"wp:attachment":[{"href":"https:\/\/www.diario5.com.ar\/es\/wp-json\/wp\/v2\/media?parent=603219"}],"wp:term":[{"taxonomy":"category","embeddable":true,"href":"https:\/\/www.diario5.com.ar\/es\/wp-json\/wp\/v2\/categories?post=603219"},{"taxonomy":"post_tag","embeddable":true,"href":"https:\/\/www.diario5.com.ar\/es\/wp-json\/wp\/v2\/tags?post=603219"},{"taxonomy":"series","embeddable":true,"href":"https:\/\/www.diario5.com.ar\/es\/wp-json\/wp\/v2\/series?post=603219"}],"curies":[{"name":"wp","href":"https:\/\/api.w.org\/{rel}","templated":true}]}}