{"id":603214,"date":"2018-01-13T07:31:33","date_gmt":"2018-01-13T10:31:33","guid":{"rendered":"http:\/\/diario5.com.ar\/?p=603214"},"modified":"2018-01-13T23:11:01","modified_gmt":"2018-01-14T02:11:01","slug":"la-vida-familiar-en-vacaciones-un-analisis-desde-la-ua","status":"publish","type":"post","link":"https:\/\/www.diario5.com.ar\/es\/la-vida-familiar-en-vacaciones-un-analisis-desde-la-ua\/","title":{"rendered":"La vida familiar en vacaciones: Un an\u00e1lisis desde la Universidad Austral"},"content":{"rendered":"<h2 class=\"sub-title-primary\"><\/h2> <figure style=\"width: 606px\" class=\"wp-caption alignright\"><img decoding=\"async\" loading=\"lazy\" class=\"\" src=\"http:\/\/diario5.com.ar\/img\/familia1.jpg\" width=\"606\" height=\"404\" \/><figcaption class=\"wp-caption-text\">Vacaciones en familia: un ideal no siempre logrado<\/figcaption><\/figure>\n<p id=\"yui_3_16_0_ym19_1_1515762620308_16770\">V\u00cdNCULOS FAMILIARES<\/p>\n<p id=\"yui_3_16_0_ym19_1_1515762620308_16767\"><span id=\"yui_3_16_0_ym19_1_1515762620308_16766\">Vacaciones en familia, \u00bfuna misi\u00f3n posible?<\/span><\/p>\n<p id=\"yui_3_16_0_ym19_1_1515762620308_13602\"><em id=\"yui_3_16_0_ym19_1_1515762620308_13601\">Mari\u00e1ngeles Castro S\u00e1nchez, coordinadora del Instituto de Ciencias para la Familia de la Universidad Austral, reflexion\u00f3\u00a0sobre cu\u00e1l es el mejor modo para que la familia interact\u00fae en vacaciones. \u201cCompartir tiempo juntos fortalece los v\u00ednculos\u201d, destac\u00f3<\/em><em id=\"yui_3_16_0_ym19_1_1515762620308_16760\">Vacaciones en familia, \u00bfes posible lograr la armon\u00eda entre todos los miembros que la integran coincidiendo en destinos, espacios y tiempos? Durante una entrevista con el programa \u00abLe doy mi palabra\u00bb de Radio Mitre, la coordinadora del\u00a0<strong>Instituto de Ciencias para la Familia<\/strong>\u00a0de la\u00a0<strong id=\"yui_3_16_0_ym19_1_1515762620308_13629\">Universidad Austral<\/strong>, Mari\u00e1ngeles Castro S\u00e1nchez, efectu\u00f3 una serie de consideraciones sobre c\u00f3mo conciliar diferencias de intereses en pro de la unidad familiar en \u00e9pocas de descanso y disfrute.<\/em><\/p>\n<p id=\"yui_3_16_0_ym19_1_1515762620308_13626\"><strong id=\"yui_3_16_0_ym19_1_1515762620308_13625\">Tiempo, un bien escaso que hay que disfrutar.<\/strong><\/p>\n<p>En las vacaciones lo primero que hacemos es disfrutar y, especialmente, disfrutar de un bien escaso que es el tiempo. Siempre vivimos apurados. Hoy en d\u00eda, la sociedad nos impone ritmos vertiginosos y, por ese motivo, tenemos que disfrutar este tiempo que tenemos en familia.<\/p>\n<p>Lo que sucede en vacaciones es que todo se potencia. Al compartir tiempo juntos -que durante el a\u00f1o est\u00e1 distribuido de otra forma- as\u00ed como se fortalecen los v\u00ednculos sanos, tambi\u00e9n se potencian y arrecian los conflictos.<\/p>\n<p>Una encuesta del Gobierno de la Ciudad de Buenos Aires relativa a qu\u00e9 hacen los padres con los chicos durante las vacaciones y c\u00f3mo afrontan la circunstancia de tener que estar las 24 horas del d\u00eda los siete d\u00edas de la semana con sus hijos revel\u00f3 que, aparentemente, la soluci\u00f3n era &#8216;buscarles un amiguito, un entretenimiento o el \u201ckids club\u201d para que est\u00e9n entretenidos&#8217;. Esto nos tiene que llamar a la reflexi\u00f3n, \u00bfpor qu\u00e9 esta necesidad imperiosa de tener que entretener a los chicos y de que est\u00e9n ocupados?<\/p>\n<p>Lo m\u00e1s importante es compartir el tiempo con ellos, aprovechar estas presencias\u00a0que justamente a lo largo del a\u00f1o no son tan frecuentes y disfrutar la vivencia familiar.<\/p>\n<p>Las vacaciones son para disfrutarlas y recordarlas. \u00bfQui\u00e9n no recuerda una vacaci\u00f3n de su infancia con sus padres, abuelos, pares y amigos? Porque tambi\u00e9n es un momento para cultivar el valor de la amistad. Son muchas las virtudes que se pueden trabajar en vacaciones.<\/p>\n<p>Es cierto que este tema del entretenimiento de los chicos con agenda completa para que no tengan tiempo ocioso es porque los padres tambi\u00e9n quieren descansar, lo cual es necesario.<\/p>\n<p>Considero que es importante dosificar el tiempo porque lo m\u00e1s complejo es lograr un equilibrio: estar juntos y tambi\u00e9n tener actividades en paralelo que puedan proporcionar un disfrute a cada uno de los miembros de la familia.<\/p>\n<p id=\"yui_3_16_0_ym19_1_1515762620308_16721\"><strong>La clave est\u00e1 combinar rutina y flexibilidad<\/strong><\/p>\n<figure style=\"width: 250px\" class=\"wp-caption alignright\"><img decoding=\"async\" loading=\"lazy\" class=\"\" src=\"http:\/\/diario5.com.ar\/img\/mariangeles-castro-sanchez.jpg\" width=\"250\" height=\"329\" \/><figcaption class=\"wp-caption-text\">Mari\u00e1ngeles Castro S\u00e1nchez, coordinadora del Instituto de Ciencias para la Familia de la Universidad AustralLo m\u00e1s importante antes de salir de vacaciones es planificar y pensar: qui\u00e9nes vamos, a d\u00f3nde, cu\u00e1les son las necesidades de cada uno, qu\u00e9 podemos hacer en este contexto, qu\u00e9 actividades se nos ofrecen\u201d.<\/figcaption><\/figure>\n<p>Todos queremos descansar y disfrutar, pero tambi\u00e9n vivenciar hitos de la historia familiar que se pueden producir en las vacaciones, como por ejemplo el de ense\u00f1arle a un hijo a andar en bicicleta o a nadar. Vivencias que son intransferibles y las vacaciones son un momento inmejorable porque tenemos ese bien escaso a nuestra disposici\u00f3n, que es el tiempo.<\/p>\n<p>Hay que promover la flexibilidad, especialmente si el grupo familiar es heterog\u00e9neo. Si hay un adolescente, por ejemplo, es importante que tenga sus espacios y tiempos para que pueda compartir ciertos momentos y, adem\u00e1s, tener actividades en paralelo para socializar y estar con sus pares, lo cual es muy positivo.<\/p>\n<p>Ser flexibles es bueno, pero las rutinas son favorables y algo muy recomendable tambi\u00e9n. La palabra \u201crutina\u201d tiene poco rating y un sesgo negativo. Pero, en realidad, la rutina es el ordenador familiar. Aunque la flexibilidad es una virtud que tambi\u00e9n hay que cultivar y en vacaciones es necesaria.<\/p>\n<p><strong>Familias ensambladas y vacaciones<\/strong><\/p>\n<p>Al respecto de las familias ensambladas, su realidad es m\u00e1s compleja. Se tienen que forjar nuevos v\u00ednculos. Una tarea que no es sencilla, pero no imposible.<\/p>\n<p>Las vacaciones son una oportunidad para lograr esto si se viven de una manera generosa y con una actitud abierta al encuentro. Pueden ser el \u00e1mbito propicio para fortalecer justamente estos nuevos v\u00ednculos, para\u00a0forjarlos y afianzarlos.<\/p>\n<p id=\"yui_3_16_0_ym19_1_1515762620308_13614\"><strong id=\"yui_3_16_0_ym19_1_1515762620308_13648\">Un \u00faltimo consejo<\/strong><\/p>\n<p>Debemos aprovechar las vacaciones como una oportunidad real que tenemos para estar en familia y recordar que las presencias son insustituibles. Estemos f\u00edsicamente cerca de los que tenemos cerca. Tratemos de dejar la pantalla del celular de lado. Cultivemos la actitud abierta. Tenemos la oportunidad \u00fanica de disfrutar y hag\u00e1moslo porque el momento es ahora.<\/p>\n<hr \/>\n<p>Marcela Troncatti Castillo &#8211; <a id=\"yui_3_16_0_ym19_1_1515762620308_18715\" href=\"http:\/\/send.marketica.com\/l\/6D6JP5nIRpKl6Nb4GwIAlA\/8HtReBY1LYdjUCCS3d4Z6Q\/wNIwv7hU763gW5wjUFIPxsiQ\" target=\"_blank\" rel=\"nofollow\">www.austral.edu.ar<\/a>\u00a0&#8211;\u00a0Mariano Acosta 1611, Pilar, Buenos Aires [+54 230] 438-7024 [011] 15 4034-4213\u00a0<a id=\"yui_3_16_0_ym19_1_1515762620308_18745\" href=\"mailto:mtroncatti@austral.edu.ar\" target=\"_blank\" rel=\"nofollow\">mtroncatti@austral.edu.ar<\/a>\u00a0Prensa Universidad Austral<\/p>\n<p id=\"yui_3_16_0_ym19_1_1515762620308_13619\">","protected":false},"excerpt":{"rendered":"<p>V\u00cdNCULOS FAMILIARES Vacaciones en familia, \u00bfuna misi\u00f3n posible? Mari\u00e1ngeles Castro S\u00e1nchez, coordinadora del Instituto de Ciencias para la Familia de la Universidad Austral, reflexion\u00f3\u00a0sobre cu\u00e1l es el mejor modo para que la familia interact\u00fae en vacaciones. \u201cCompartir tiempo juntos fortalece los v\u00ednculos\u201d, destac\u00f3Vacaciones en familia, \u00bfes posible lograr la armon\u00eda entre todos los miembros que [&hellip;]<\/p>","protected":false},"author":8,"featured_media":0,"comment_status":"open","ping_status":"closed","sticky":false,"template":"","format":"standard","meta":[],"categories":[1],"tags":[],"series":[],"_links":{"self":[{"href":"https:\/\/www.diario5.com.ar\/es\/wp-json\/wp\/v2\/posts\/603214"}],"collection":[{"href":"https:\/\/www.diario5.com.ar\/es\/wp-json\/wp\/v2\/posts"}],"about":[{"href":"https:\/\/www.diario5.com.ar\/es\/wp-json\/wp\/v2\/types\/post"}],"author":[{"embeddable":true,"href":"https:\/\/www.diario5.com.ar\/es\/wp-json\/wp\/v2\/users\/8"}],"replies":[{"embeddable":true,"href":"https:\/\/www.diario5.com.ar\/es\/wp-json\/wp\/v2\/comments?post=603214"}],"version-history":[{"count":7,"href":"https:\/\/www.diario5.com.ar\/es\/wp-json\/wp\/v2\/posts\/603214\/revisions"}],"predecessor-version":[{"id":603252,"href":"https:\/\/www.diario5.com.ar\/es\/wp-json\/wp\/v2\/posts\/603214\/revisions\/603252"}],"wp:attachment":[{"href":"https:\/\/www.diario5.com.ar\/es\/wp-json\/wp\/v2\/media?parent=603214"}],"wp:term":[{"taxonomy":"category","embeddable":true,"href":"https:\/\/www.diario5.com.ar\/es\/wp-json\/wp\/v2\/categories?post=603214"},{"taxonomy":"post_tag","embeddable":true,"href":"https:\/\/www.diario5.com.ar\/es\/wp-json\/wp\/v2\/tags?post=603214"},{"taxonomy":"series","embeddable":true,"href":"https:\/\/www.diario5.com.ar\/es\/wp-json\/wp\/v2\/series?post=603214"}],"curies":[{"name":"wp","href":"https:\/\/api.w.org\/{rel}","templated":true}]}}