{"id":603204,"date":"2018-01-12T01:42:50","date_gmt":"2018-01-12T04:42:50","guid":{"rendered":"http:\/\/diario5.com.ar\/?p=603204"},"modified":"2018-01-12T11:09:07","modified_gmt":"2018-01-12T14:09:07","slug":"inflacion-rcecord-y-mirada-extranjera-al-cierre-economico-financiero-argentino-de-2017","status":"publish","type":"post","link":"https:\/\/www.diario5.com.ar\/es\/inflacion-rcecord-y-mirada-extranjera-al-cierre-economico-financiero-argentino-de-2017\/","title":{"rendered":"Inflaci\u00f3n r\u00e9cord y mirada extranjera al cierre econ\u00f3mico financiero argentino de 2017"},"content":{"rendered":"<h2 class=\"sub-title-primary\"><\/h2> <figure id=\"attachment_603205\" aria-describedby=\"caption-attachment-603205\" style=\"width: 544px\" class=\"wp-caption alignright\"><img decoding=\"async\" loading=\"lazy\" class=\"wp-image-603205\" src=\"http:\/\/diario5.com.ar\/wp-content\/uploads\/2018\/01\/argenfrance.png\" alt=\"Les fran\u00e7aises chant la just\u00e9e\" width=\"544\" height=\"339\" srcset=\"https:\/\/www.diario5.com.ar\/wp-content\/uploads\/2018\/01\/argenfrance.png 805w, https:\/\/www.diario5.com.ar\/wp-content\/uploads\/2018\/01\/argenfrance-300x187.png 300w, https:\/\/www.diario5.com.ar\/wp-content\/uploads\/2018\/01\/argenfrance-768x479.png 768w, https:\/\/www.diario5.com.ar\/wp-content\/uploads\/2018\/01\/argenfrance-400x249.png 400w, https:\/\/www.diario5.com.ar\/wp-content\/uploads\/2018\/01\/argenfrance-260x162.png 260w, https:\/\/www.diario5.com.ar\/wp-content\/uploads\/2018\/01\/argenfrance-160x100.png 160w\" sizes=\"(max-width: 544px) 100vw, 544px\" \/><figcaption id=\"caption-attachment-603205\" class=\"wp-caption-text\">Les fran\u00e7aises chant la just\u00e9e<\/figcaption><\/figure>\n<p>Mientras nos miramos todos las caras, al enterarnos de la inflaci\u00f3n del 3,1% para diciembre del a\u00f1o que dejamos atras, confirmando lo que la mayor\u00eda supon\u00eda acerca del r\u00e9cord anual en esta materia, los informes del Ministerio de Econom\u00eda y Finanzas de Francia incluyen observaciones de fin de a\u00f1o para nuestro pa\u00eds. Realistas y equilibrados, son para observar y observarnos.<\/p>\n<p>Argentina deber\u00eda registrar un d\u00e9ficit comercial r\u00e9cord en 2017<br \/>\nEn los primeros once meses del a\u00f1o, las exportaciones de Argentina aumentaron un 1,2% mientras que las importaciones aumentaron un 19,9% a\u00f1o con a\u00f1o, impulsadas por los bienes de capital, bienes intermedios y repuestos. El d\u00e9ficit comercial acumulado entre enero y noviembre de 2017 lleg\u00f3 a 7.656 mil millones de d\u00f3lares o 1,5% del PIB, frente a 1.935 mil millones de d\u00f3lares entre enero y noviembre de 2016. Esta tendencia, si se mantiene en diciembre de 2017, con lo que el d\u00e9ficit comercial anual argentina a casi 9 mil millones de d\u00f3lares, su nivel hist\u00f3rico m\u00e1s alto en t\u00e9rminos nominales desde 1994 (d\u00e9ficit r\u00e9cord anterior de 5,751 mil millones de d\u00f3lares).<\/p>\n<p>Senado argentino adopta reforma fiscal y BIA 2018<br \/>\nLa reforma tributaria fue aprobada por el Senado con 52 votos positivos, 15 votos negativos y 1 abstenci\u00f3n. Incluye una reducci\u00f3n gradual del impuesto corporativo y las contribuciones del empleador, la imposici\u00f3n de los ingresos financieros y mayores impuestos a la cerveza y las bebidas espirituosas.<\/p>\n<p>El BIA 2018, que proporciona un crecimiento anual del 3.5 por ciento del PIB, un aumento del 12 por ciento en la inversi\u00f3n y una tasa de inflaci\u00f3n anual promedio del 15.7 por ciento, fue aprobado con 54 votos positivos y 14 votos negativos.<\/p>\n<p>El ejecutivo argentino ha decidido relajar sus metas de inflaci\u00f3n<br \/>\nEl gobierno ha decidido recalibrar los objetivos de inflaci\u00f3n al alza. La inflaci\u00f3n objetivo ya no se incluye en un rango &#8211; 8 a 12% inicialmente para 2018 &#8211; pero se establece en 15% para 2018, 10% para 2019 (en lugar de 2018) y 5% en 2020 (en lugar de 2019) ). Este es un repudio de la pol\u00edtica monetaria muy restrictiva del presidente del BCRA, Federico Sturzenegger, que ten\u00eda un alto costo competitividad sin lograr resultados significativos en t\u00e9rminos de la desinflaci\u00f3n.<\/p>\n<p>El precio del d\u00f3lar cruz\u00f3 el umbral de 19 pesos argentinos<br \/>\nEl d\u00f3lar ha cruzado el umbral de 19 pesos argentinos (ARS). Como resultado de las medidas anunciadas por el Gobierno sobre la modificaci\u00f3n de los objetivos de inflaci\u00f3n, la tasa del d\u00f3lar aument\u00f3 por d\u00e9cimo d\u00eda consecutivo, alcanzando el 28 de diciembre de 19,46 ARS. El peso se hab\u00eda depreciado un 3% la semana anterior, cruzando por primera vez la barra de $ 1 = 18 ARS. Se habr\u00e1 depreciado un 10.4% en total durante el mes de diciembre de 2017.<\/p>\n<p>El gobierno argentino promulga la ley de producci\u00f3n descentralizada de energ\u00eda renovable<br \/>\nEl R\u00e9gimen de Fomento Ley de la Generaci\u00f3n Distribuida de Energ\u00eda Renovable Integrada de Red El\u00e9ctrica P\u00fablica permite a cualquier consumidor ser un productor de electricidad renovable. Se cre\u00f3 un fondo (FODIS) para alentar a los usuarios a instalar equipos de generaci\u00f3n, por ejemplo, proporcion\u00e1ndoles recursos u otorg\u00e1ndoles pr\u00e9stamos, subsidios o bonificaciones. Tal producci\u00f3n descentralizada impulsar\u00e1 el autoconsumo, pero el texto tambi\u00e9n prev\u00e9 la posibilidad de inyectar excedentes producidos por los usuarios en la red de distribuci\u00f3n.<\/p>","protected":false},"excerpt":{"rendered":"<p>Mientras nos miramos todos las caras, al enterarnos de la inflaci\u00f3n del 3,1% para diciembre del a\u00f1o que dejamos atras, confirmando lo que la mayor\u00eda supon\u00eda acerca del r\u00e9cord anual en esta materia, los informes del Ministerio de Econom\u00eda y Finanzas de Francia incluyen observaciones de fin de a\u00f1o para nuestro pa\u00eds. Realistas y equilibrados, [&hellip;]<\/p>","protected":false},"author":1,"featured_media":603205,"comment_status":"open","ping_status":"closed","sticky":false,"template":"","format":"standard","meta":[],"categories":[1],"tags":[],"series":[],"_links":{"self":[{"href":"https:\/\/www.diario5.com.ar\/es\/wp-json\/wp\/v2\/posts\/603204"}],"collection":[{"href":"https:\/\/www.diario5.com.ar\/es\/wp-json\/wp\/v2\/posts"}],"about":[{"href":"https:\/\/www.diario5.com.ar\/es\/wp-json\/wp\/v2\/types\/post"}],"author":[{"embeddable":true,"href":"https:\/\/www.diario5.com.ar\/es\/wp-json\/wp\/v2\/users\/1"}],"replies":[{"embeddable":true,"href":"https:\/\/www.diario5.com.ar\/es\/wp-json\/wp\/v2\/comments?post=603204"}],"version-history":[{"count":5,"href":"https:\/\/www.diario5.com.ar\/es\/wp-json\/wp\/v2\/posts\/603204\/revisions"}],"predecessor-version":[{"id":603213,"href":"https:\/\/www.diario5.com.ar\/es\/wp-json\/wp\/v2\/posts\/603204\/revisions\/603213"}],"wp:featuredmedia":[{"embeddable":true,"href":"https:\/\/www.diario5.com.ar\/es\/wp-json\/wp\/v2\/media\/603205"}],"wp:attachment":[{"href":"https:\/\/www.diario5.com.ar\/es\/wp-json\/wp\/v2\/media?parent=603204"}],"wp:term":[{"taxonomy":"category","embeddable":true,"href":"https:\/\/www.diario5.com.ar\/es\/wp-json\/wp\/v2\/categories?post=603204"},{"taxonomy":"post_tag","embeddable":true,"href":"https:\/\/www.diario5.com.ar\/es\/wp-json\/wp\/v2\/tags?post=603204"},{"taxonomy":"series","embeddable":true,"href":"https:\/\/www.diario5.com.ar\/es\/wp-json\/wp\/v2\/series?post=603204"}],"curies":[{"name":"wp","href":"https:\/\/api.w.org\/{rel}","templated":true}]}}