{"id":603181,"date":"2018-01-10T00:51:15","date_gmt":"2018-01-10T03:51:15","guid":{"rendered":"http:\/\/diario5.com.ar\/?p=603181"},"modified":"2018-01-10T00:54:54","modified_gmt":"2018-01-10T03:54:54","slug":"buenos-aires-playa-2018","status":"publish","type":"post","link":"https:\/\/www.diario5.com.ar\/es\/buenos-aires-playa-2018\/","title":{"rendered":"Arranca Buenos Aires Playa 2018"},"content":{"rendered":"<h2 class=\"sub-title-primary\"><\/h2> <figure style=\"width: 547px\" class=\"wp-caption alignright\"><img decoding=\"async\" loading=\"lazy\" class=\"\" src=\"http:\/\/diario5.com.ar\/img\/baplaya_2018.jpg\" width=\"547\" height=\"362\" \/><figcaption class=\"wp-caption-text\">Buenos Aires Playa en 2 Parques, m\u00e1s solarium ubicados en 11 plazas porte\u00f1as.<\/figcaption><\/figure>\n<p>El Jefe de Gobierno porte\u00f1o, Horacio Rodr\u00edguez Larreta,\u00a0present\u00f3 Buenos Aires Playa, una propuesta de la Ciudad\u00a0que ya cumple 10 a\u00f1os, ofreciendo entretenimiento gratuito para todos los vecinos. Su premisa p\u00fablica fue\u00a0\u00abEsto es abierto y gratuito. En estos diez a\u00f1os vinieron cuatro millones de personas, m\u00e1s que todos los habitantes juntos de la Ciudad de Buenos Aires y esperamos que \u00e9ste venga mucha gente m\u00e1s a disfrutarlo\u00bb.<\/p>\n<p>Otro punto significativo planteado por Rodr\u00edguez Larreta fue que el turismo genera mucho trabajo. Cada a\u00f1o hay un grupo de personas que se incorpora a las diversas actividades que se despliegan \u00abSumado a los parques, tenemos once plazas de la Ciudad con sombrillas y reposeras para que la gente se acerque a tomar sol y a disfrutar de los espacios verdes de la Ciudad\u00bb,<\/p>\n<p>Diego Santilli, vicejefe de Gobierno y Karina Fern\u00e1ndez, jefa de Asuntos Estrat\u00e9gicos del GCBA , se sumaron a la presentaci\u00f3n de la puesta en marcha de la Temporada 2018 de las\u00a0dos playas y 11 los solarium porte\u00f1os que comenzar\u00e1n a funcionar hoy, 10 de enero. Se podr\u00e1 disfrutrar de BA Playa hasta el 28 de febrero.<\/p>\n<p>Las autoridades destacan que se trata de la primera playa urbana de Am\u00e9rica Latina. Como las tienen Tokio, Par\u00eds, Roma, Berl\u00edn o Praga, Las playas de Buenos Aires son una forma de esparcimiento estival de gran valor. Playas y solarium estar\u00e1n habilitados\u00a0viernes, s\u00e1bado y domingo, de 10.00 a 20.00. Hay wi-fi gratis.<\/p>\n<p>Una de las playas urbanas se ubica en el Parque de los Ni\u00f1os y la otra en\u00a0el Parque Indoamericano. Los solarium suman posibilidades de pasar el verano en algunas plazas porte\u00f1as como el Parque Las Heras, el Rosedal, el Parque Rivadavia, el Parque Patricios, la Plaza de las Naciones Unidas, Parque Santojanni, Parque Avellaneda,\u00a0 Parque General Paz, los bosques de Palermo,\u00a0 Plaza Los Andes y Costanera Norte.<\/p>\n<p>&nbsp;<\/p>","protected":false},"excerpt":{"rendered":"<p>El Jefe de Gobierno porte\u00f1o, Horacio Rodr\u00edguez Larreta,\u00a0present\u00f3 Buenos Aires Playa, una propuesta de la Ciudad\u00a0que ya cumple 10 a\u00f1os, ofreciendo entretenimiento gratuito para todos los vecinos. Su premisa p\u00fablica fue\u00a0\u00abEsto es abierto y gratuito. En estos diez a\u00f1os vinieron cuatro millones de personas, m\u00e1s que todos los habitantes juntos de la Ciudad de Buenos [&hellip;]<\/p>","protected":false},"author":1,"featured_media":0,"comment_status":"open","ping_status":"closed","sticky":false,"template":"","format":"standard","meta":[],"categories":[1],"tags":[],"series":[],"_links":{"self":[{"href":"https:\/\/www.diario5.com.ar\/es\/wp-json\/wp\/v2\/posts\/603181"}],"collection":[{"href":"https:\/\/www.diario5.com.ar\/es\/wp-json\/wp\/v2\/posts"}],"about":[{"href":"https:\/\/www.diario5.com.ar\/es\/wp-json\/wp\/v2\/types\/post"}],"author":[{"embeddable":true,"href":"https:\/\/www.diario5.com.ar\/es\/wp-json\/wp\/v2\/users\/1"}],"replies":[{"embeddable":true,"href":"https:\/\/www.diario5.com.ar\/es\/wp-json\/wp\/v2\/comments?post=603181"}],"version-history":[{"count":7,"href":"https:\/\/www.diario5.com.ar\/es\/wp-json\/wp\/v2\/posts\/603181\/revisions"}],"predecessor-version":[{"id":603188,"href":"https:\/\/www.diario5.com.ar\/es\/wp-json\/wp\/v2\/posts\/603181\/revisions\/603188"}],"wp:attachment":[{"href":"https:\/\/www.diario5.com.ar\/es\/wp-json\/wp\/v2\/media?parent=603181"}],"wp:term":[{"taxonomy":"category","embeddable":true,"href":"https:\/\/www.diario5.com.ar\/es\/wp-json\/wp\/v2\/categories?post=603181"},{"taxonomy":"post_tag","embeddable":true,"href":"https:\/\/www.diario5.com.ar\/es\/wp-json\/wp\/v2\/tags?post=603181"},{"taxonomy":"series","embeddable":true,"href":"https:\/\/www.diario5.com.ar\/es\/wp-json\/wp\/v2\/series?post=603181"}],"curies":[{"name":"wp","href":"https:\/\/api.w.org\/{rel}","templated":true}]}}