{"id":603128,"date":"2018-01-03T23:29:34","date_gmt":"2018-01-04T02:29:34","guid":{"rendered":"http:\/\/diario5.com.ar\/?p=603128"},"modified":"2018-01-03T23:29:34","modified_gmt":"2018-01-04T02:29:34","slug":"crece-el-control-de-motos","status":"publish","type":"post","link":"https:\/\/www.diario5.com.ar\/es\/crece-el-control-de-motos\/","title":{"rendered":"Crece el control de motos"},"content":{"rendered":"<h2 class=\"sub-title-primary\"><\/h2> <figure id=\"attachment_603129\" aria-describedby=\"caption-attachment-603129\" style=\"width: 529px\" class=\"wp-caption alignright\"><img decoding=\"async\" loading=\"lazy\" class=\"wp-image-603129\" src=\"http:\/\/diario5.com.ar\/wp-content\/uploads\/2018\/01\/control-motos.jpg\" alt=\"El objetivo de eliminar la ilegalidad en la circulaci\u00f3n motocicl\u00edstica est\u00e1 cerca\" width=\"529\" height=\"254\" srcset=\"https:\/\/www.diario5.com.ar\/wp-content\/uploads\/2018\/01\/control-motos.jpg 800w, https:\/\/www.diario5.com.ar\/wp-content\/uploads\/2018\/01\/control-motos-300x144.jpg 300w, https:\/\/www.diario5.com.ar\/wp-content\/uploads\/2018\/01\/control-motos-768x369.jpg 768w, https:\/\/www.diario5.com.ar\/wp-content\/uploads\/2018\/01\/control-motos-400x192.jpg 400w, https:\/\/www.diario5.com.ar\/wp-content\/uploads\/2018\/01\/control-motos-260x125.jpg 260w, https:\/\/www.diario5.com.ar\/wp-content\/uploads\/2018\/01\/control-motos-160x77.jpg 160w\" sizes=\"(max-width: 529px) 100vw, 529px\" \/><figcaption id=\"caption-attachment-603129\" class=\"wp-caption-text\">El objetivo de eliminar la ilegalidad en la circulaci\u00f3n motocicl\u00edstica est\u00e1 cerca<\/figcaption><\/figure>\n<p>El programa PRO.COM dependiente de la Subsecretar\u00eda de Seguridad Ciudadana del Ministerio de Justicia y Seguridad\u00a0tiene una significativo nombre, ya que se trata de la denominaci\u00f3n del partido de gobierno en la Ciudad, pero en realidad refiere al proceso de compactaci\u00f3n de veh\u00edculos cuando, uno de los destinos posibles de motocicletas, una vez que se chequean irregularidades por parte del personal policial que, durante esta etapa, se dedica a realizar controles de todo tipo de condici\u00f3n legal de esos veh\u00edculos.<\/p>\n<p>Fueron m\u00e1s de 47 mil los\u00a0controles de motos que realiz\u00f3 La Polic\u00eda de la Ciudad, desde que comenz\u00f3 con este operativo en los \u00faltimos cuatro meses. Junto a\u00a0la Polic\u00eda de la Ciudad, en los accesos a la Ciudad de Buenos Aires, especialmente, trabaja el Cuerpo de Agentes de Tr\u00e1nsito en la prevenci\u00f3n el delito y en\u00a0procedimientos para evitar la circulaci\u00f3n de motos fuera de la ley.<\/p>\n<p>Se encontraron motoqueros que\u00a0circulan sin casco y con la licencia de conducir\u00a0vencida.\u00a0 Y hay cientos de casos con\u00a0ausencia de documentaci\u00f3n de dominio de veh\u00edculo, patentes adulteradas o ilegibles, falta de uso de chaleco, circulaci\u00f3n sin seguro, falta de espejos e irregularidades con la\u00a0c\u00e9dula verde.<\/p>\n<p>Las motos que se secuestran no siempre van a compactaci\u00f3n. Por otro lado, antes de llegar a es instancia, deben esperar una serie de tr\u00e1mites legales en las\u00a0playas de la Polic\u00eda de la Ciudad y en la amayor\u00eda de los casos son devueltas. El punto extra\u00f1o radican que los due\u00f1os decididos a retirar sus motococletas fueron solamente 1.377.<\/p>\n<p>La Subsecretar\u00eda de Seguridad Ciudadana del Ministerio de Justicia y Seguridad de la Ciudad de Buenos Aires inform\u00f3 que los procedimientos de control fueron 47.194, cuyo resultado fue el secuestro de 2.273 motos.<\/p>","protected":false},"excerpt":{"rendered":"<p>El programa PRO.COM dependiente de la Subsecretar\u00eda de Seguridad Ciudadana del Ministerio de Justicia y Seguridad\u00a0tiene una significativo nombre, ya que se trata de la denominaci\u00f3n del partido de gobierno en la Ciudad, pero en realidad refiere al proceso de compactaci\u00f3n de veh\u00edculos cuando, uno de los destinos posibles de motocicletas, una vez que se [&hellip;]<\/p>","protected":false},"author":1,"featured_media":603129,"comment_status":"open","ping_status":"closed","sticky":false,"template":"","format":"standard","meta":[],"categories":[6],"tags":[],"series":[],"_links":{"self":[{"href":"https:\/\/www.diario5.com.ar\/es\/wp-json\/wp\/v2\/posts\/603128"}],"collection":[{"href":"https:\/\/www.diario5.com.ar\/es\/wp-json\/wp\/v2\/posts"}],"about":[{"href":"https:\/\/www.diario5.com.ar\/es\/wp-json\/wp\/v2\/types\/post"}],"author":[{"embeddable":true,"href":"https:\/\/www.diario5.com.ar\/es\/wp-json\/wp\/v2\/users\/1"}],"replies":[{"embeddable":true,"href":"https:\/\/www.diario5.com.ar\/es\/wp-json\/wp\/v2\/comments?post=603128"}],"version-history":[{"count":1,"href":"https:\/\/www.diario5.com.ar\/es\/wp-json\/wp\/v2\/posts\/603128\/revisions"}],"predecessor-version":[{"id":603130,"href":"https:\/\/www.diario5.com.ar\/es\/wp-json\/wp\/v2\/posts\/603128\/revisions\/603130"}],"wp:featuredmedia":[{"embeddable":true,"href":"https:\/\/www.diario5.com.ar\/es\/wp-json\/wp\/v2\/media\/603129"}],"wp:attachment":[{"href":"https:\/\/www.diario5.com.ar\/es\/wp-json\/wp\/v2\/media?parent=603128"}],"wp:term":[{"taxonomy":"category","embeddable":true,"href":"https:\/\/www.diario5.com.ar\/es\/wp-json\/wp\/v2\/categories?post=603128"},{"taxonomy":"post_tag","embeddable":true,"href":"https:\/\/www.diario5.com.ar\/es\/wp-json\/wp\/v2\/tags?post=603128"},{"taxonomy":"series","embeddable":true,"href":"https:\/\/www.diario5.com.ar\/es\/wp-json\/wp\/v2\/series?post=603128"}],"curies":[{"name":"wp","href":"https:\/\/api.w.org\/{rel}","templated":true}]}}