{"id":603030,"date":"2017-12-31T16:35:04","date_gmt":"2017-12-31T19:35:04","guid":{"rendered":"http:\/\/diario5.com.ar\/?p=603030"},"modified":"2023-05-02T00:57:16","modified_gmt":"2023-05-02T03:57:16","slug":"que-trae-2018","status":"publish","type":"post","link":"https:\/\/www.diario5.com.ar\/es\/que-trae-2018\/","title":{"rendered":"Qu\u00e9 trae 2018"},"content":{"rendered":"<h2 class=\"sub-title-primary\"><\/h2> <figure style=\"width: 626px\" class=\"wp-caption alignright\"><img decoding=\"async\" loading=\"lazy\" class=\"aligncenter size-full wp-image-668971\" src=\"https:\/\/www.diario5.com.ar\/wp-content\/uploads\/2023\/05\/201820230502.jpg\" width=\"240\" height=\"240\" srcset=\"https:\/\/www.diario5.com.ar\/wp-content\/uploads\/2023\/05\/201820230502.jpg 240w, https:\/\/www.diario5.com.ar\/wp-content\/uploads\/2023\/05\/201820230502-150x150.jpg 150w\" sizes=\"(max-width: 240px) 100vw, 240px\" \/><figcaption class=\"wp-caption-text\">A\u00f1o cargado de actividades y emociones<\/figcaption><\/figure>\n<p>A\u00f1o de la Copa del Mundo de F\u00fatbol en Rusia, del Perro en Hor\u00f3scopo Chino, de los Juegos Ol\u00edmpicos de la Juventud en Buenos Aires, del regreso de Radio Cl\u00e1sica, de la carrera tecno-comercial-deportiva por mostrar im\u00e1genes desde la Luna y el premio\u00a0<b>Google Lunar X Prize<\/b> y de la otra carrera: la econo-social-pol\u00edtica entre quienes procuran soluciones para los m\u00e1s vulnerables y quienes aspiran a que esas soluciones no lleguen a tiempo, ya que con ese fracaso,m miles les palmear\u00e1n la espalda.<\/p>\n<p>Apenas arranca el a\u00f1o, mientras pocos quedan desenchufados en su veraneo, muchos, quedan enchufados en el Dakar, el Festival de Jes\u00fas Mar\u00eda, seguido del de Cosqu\u00edn y concatenado con unos 235 festivales m\u00e1s.<\/p>\n<p>El protagonista de febrewro ser\u00e1 el aumento de Transporte, cuya escalada, parece, atrapar\u00e1 para esa fecha los $13.- en el precio del boleto m\u00ednimo del colectivo. Las tapas de los diarios, para esos d\u00edas, incluir\u00e1n un aumento expulsivo en las Prepagas de Salud. Tambi\u00e9n durante esos d\u00edas, habr\u00e1 gran revuelo con la Asignaci\u00f3n Universal por Hijo, dado que el 29 de diciembre venci\u00f3 el plazo para la presentaci\u00f3n de la\u00a0Libreta Nacional de Seguridad Social, Salud y Educaci\u00f3n o Formulario Libreta PS con el que se liquida el 20% ($282,40) del pago al a\u00f1o siguiente. El otro 80% es mensual. Encima hay que tomar en cuenta que es obligatorio demostrar los controles sanitarios, las vacunas y la asistencia al colegio para continuar percibiendo la Asignaci\u00f3n Universal por Hijo para Protecci\u00f3n Social. Se conoce que hay no menos de 2.500 madres o jefes de familia que dejaron vac\u00edas sus fichas para seguir siendo beneficiarios durante 2018.<\/p>\n<p>La caterva especialista en pavada rondar\u00e1, durante el mes de marzo en dilucidar si Phil Collins estaba o no en condiciones emprender la gira mundial, que para ese momento lo tendr\u00e1 en el pa\u00eds. Por esos d\u00edas, pondremos un ojito en las elecciones generales italianas, luego de la delirante decisi\u00f3n del presidente de la Rep\u00fablica,\u00a0Sergio Mattarella, de disolver el Parlamento el 28 de diciembre, como una broma del D\u00eda de los Inocentes, bastante jodida.<\/p>\n<p>En el final del a\u00f1o se estar\u00e1 hablando de la\u00a0XXXIV edici\u00f3n de la Jornada Mundial de la Juventud, que la Iglesia cat\u00f3lica realizar\u00e1 en Panam\u00e1 del 22 al 27 de enero de 2019.\u00a0 Ser\u00e1 la tercera JMJ de Am\u00e9rica Latina. El Papa Juan Pablo II la lider\u00f3 en la Ciudad de Buenos Aires en 1987 y el Papa Francisco,\u00a0 lo hizo en R\u00edo de Janeiro, en 2013.<\/p>\n<p>Siga la saga.<\/p>\n<p>&nbsp;<\/p>","protected":false},"excerpt":{"rendered":"<p>A\u00f1o de la Copa del Mundo de F\u00fatbol en Rusia, del Perro en Hor\u00f3scopo Chino, de los Juegos Ol\u00edmpicos de la Juventud en Buenos Aires, del regreso de Radio Cl\u00e1sica, de la carrera tecno-comercial-deportiva por mostrar im\u00e1genes desde la Luna y el premio\u00a0Google Lunar X Prize y de la otra carrera: la econo-social-pol\u00edtica entre quienes [&hellip;]<\/p>","protected":false},"author":1,"featured_media":668971,"comment_status":"open","ping_status":"closed","sticky":false,"template":"","format":"standard","meta":[],"categories":[1],"tags":[325,474,27,236,257,537],"series":[],"_links":{"self":[{"href":"https:\/\/www.diario5.com.ar\/es\/wp-json\/wp\/v2\/posts\/603030"}],"collection":[{"href":"https:\/\/www.diario5.com.ar\/es\/wp-json\/wp\/v2\/posts"}],"about":[{"href":"https:\/\/www.diario5.com.ar\/es\/wp-json\/wp\/v2\/types\/post"}],"author":[{"embeddable":true,"href":"https:\/\/www.diario5.com.ar\/es\/wp-json\/wp\/v2\/users\/1"}],"replies":[{"embeddable":true,"href":"https:\/\/www.diario5.com.ar\/es\/wp-json\/wp\/v2\/comments?post=603030"}],"version-history":[{"count":3,"href":"https:\/\/www.diario5.com.ar\/es\/wp-json\/wp\/v2\/posts\/603030\/revisions"}],"predecessor-version":[{"id":668972,"href":"https:\/\/www.diario5.com.ar\/es\/wp-json\/wp\/v2\/posts\/603030\/revisions\/668972"}],"wp:featuredmedia":[{"embeddable":true,"href":"https:\/\/www.diario5.com.ar\/es\/wp-json\/wp\/v2\/media\/668971"}],"wp:attachment":[{"href":"https:\/\/www.diario5.com.ar\/es\/wp-json\/wp\/v2\/media?parent=603030"}],"wp:term":[{"taxonomy":"category","embeddable":true,"href":"https:\/\/www.diario5.com.ar\/es\/wp-json\/wp\/v2\/categories?post=603030"},{"taxonomy":"post_tag","embeddable":true,"href":"https:\/\/www.diario5.com.ar\/es\/wp-json\/wp\/v2\/tags?post=603030"},{"taxonomy":"series","embeddable":true,"href":"https:\/\/www.diario5.com.ar\/es\/wp-json\/wp\/v2\/series?post=603030"}],"curies":[{"name":"wp","href":"https:\/\/api.w.org\/{rel}","templated":true}]}}