{"id":603011,"date":"2017-12-29T00:19:37","date_gmt":"2017-12-29T03:19:37","guid":{"rendered":"http:\/\/diario5.com.ar\/?p=603011"},"modified":"2017-12-30T00:37:18","modified_gmt":"2017-12-30T03:37:18","slug":"cuidarse-del-calor","status":"publish","type":"post","link":"https:\/\/www.diario5.com.ar\/es\/cuidarse-del-calor\/","title":{"rendered":"Cuidarse del calor"},"content":{"rendered":"<h2 class=\"sub-title-primary\"><\/h2> <p>Todos los organismos de la Ciudad involucrados en el sistema de salud, se encuentran el alerta permanente, m\u00e1s all\u00e1 de los alertas que identifican los factores de riesgo por las altas temperaturas (amarillo, naranja y rojo). Se trata de tener todo el mecanismo listo para actuar en cualquier caso, por la natural raz\u00f3n de que una gran ciudad como Buenos Aires, puede enfrentar durante d\u00edas como \u00e9stos, decenas de situaciones de emergencia de parte de la poblaci\u00f3n.<\/p>\n<p>El Ministerio de Salud de la Ciudad y varias sus dependencias, se a\u00fanan en el trabajo para contrarrestar cualquier situaci\u00f3n anormal provocada por el calor excesivo. En simult\u00e1neo, present\u00f3 una serie de consejos.<\/p>\n<p>Recomendaciones ante las altas temperaturas para evitar el golpe de calor.<br \/>\nSi bien puede afectar a cualquier persona, los ni\u00f1os y mayores de 65 a\u00f1os son los grupos de riesgo. Se aconseja beber agua, estar a la sombra y evitar el sol entre las 10 y las 17.<br \/>\nAnte las altas temperaturas, el Ministerio de Salud de la Ciudad, recomienda tomar los cuidados necesarios para prevenir el golpe de calor.<br \/>\nHay que tener en cuenta que el golpe de calor puede afectar a personas de cualquier edad, pero los grupos de mayor riesgo son los ni\u00f1os -que no manifiestan sus s\u00edntomas con facilidad- y los mayores de 65 a\u00f1os.<\/p>\n<p>Los s\u00edntomas a tener en cuenta son:<br \/>\nSi la persona sufre alguno de estos s\u00edntomas, es importante<br \/>\n\u2022 Trasladar al afectado a la sombra, a un lugar fresco y tranquilo.<br \/>\n\u2022 Hacer que mantenga la cabeza un poco alta, e intentar refrescarlo moj\u00e1ndole la ropa, aplicarle hielo en la cabeza.<br \/>\n\u2022 Darle de beber agua fresca o un poco salada.<br \/>\n\u2022 Solicitar ayuda m\u00e9dica.<br \/>\n\u2022 En caso de urgencia llamar al 107 (SAME).<\/p>\n<figure style=\"width: 738px\" class=\"wp-caption alignleft\"><img decoding=\"async\" loading=\"lazy\" class=\"\" src=\"http:\/\/diario5.com.ar\/img\/cuadro_calor.jpg\" width=\"738\" height=\"398\" \/><figcaption class=\"wp-caption-text\">Controles necesarios ante las altas temperaturas<\/figcaption><\/figure>\n<p><strong>Recomendaciones<\/strong><br \/>\nRecordar que no existe un tratamiento farmacol\u00f3gico contra el Golpe de Calor y s\u00f3lo los m\u00e9todos cl\u00e1sicos, citados arriba, pueden prevenirlo y contrarrestarlo.<\/p>\n<p><strong>La piel<\/strong><br \/>\nCon la llegada del verano, las personas estamos m\u00e1s expuestas al sol. Por eso, es muy importante tomar ciertas precauciones.<\/p>\n<p>Existe la idea equivocada de que el bronceado es saludable. Sin embargo, la exposici\u00f3n solar, a trav\u00e9s de las radiaciones ultravioletas (UV), puede producir graves da\u00f1os en la piel. Algunas lesiones aparecen en forma inmediata, como las quemaduras y las ampollas; otras \u2013como el envejecimiento prematuro de la piel, las manchas y hasta el c\u00e1ncer de piel- se pueden presentar a lo largo de los a\u00f1os, ya que los efectos nocivos de estas radiaciones se acumulan en el tiempo.<\/p>\n<ul>\n<li>\u00bfC\u00f3mo disfrutar del aire libre?<br \/>\n&#8211; No te expongas al sol entre las 10 y las 17 horas.<br \/>\n&#8211; Us\u00e1 protector solar FPS 15 como m\u00ednimo, incluso los d\u00edas nublados y aplicalo 30 minutos antes de exponerse al sol.<\/li>\n<\/ul>\n<ul>\n<li>&#8211; Los ni\u00f1os y beb\u00e9s necesitan mayor protecci\u00f3n.<br \/>\n&#8211; Protegete con sombrero, ropa y anteojos.<br \/>\n&#8211; Ten\u00e9 en cuenta que exponerse en dosis peque\u00f1as y frecuentes, broncea mejor que una exposici\u00f3n prolongada y aislada.<br \/>\n&#8211; Busc\u00e1 la sombra de un \u00e1rbol, techo o sombrilla.<br \/>\n&#8211; Record\u00e1 que las nubes dejan pasar el sol y que la arena, el agua y la nieve aumentan su acci\u00f3n.<\/li>\n<\/ul>\n<p>&nbsp;<\/p>\n<ul>\n<li>Consejos ante las altas temperaturas<br \/>\n\u00bfC\u00f3mo protegerse la piel del sol?<br \/>\nSe recomienda el uso de protectores solares que impidan la agresi\u00f3n de los rayos ultravioletas. El factor de protecci\u00f3n m\u00ednima es FPS 15. De acuerdo a su tipo de piel y antecedentes, su dermat\u00f3logo podr\u00e1 indicarle el protector m\u00e1s adecuado.<\/li>\n<li>Para que la protecci\u00f3n sea efectiva, el protector debe aplicarse cada dos horas y despu\u00e9s de cada ba\u00f1o, ya que pese a que se presenten como resistentes al agua pierden sus propiedades.<\/li>\n<li>Si est\u00e1 en la monta\u00f1a, en el agua o navegando utilice cremas con factor de protecci\u00f3n mayor a FPS 30. Aseg\u00farese de aplicarlo en forma pareja en todas las \u00e1reas expuestas de su cuerpo; incluyendo orejas, nuca y partes calvas de su cabeza.<\/li>\n<li>Evite que su beb\u00e9 est\u00e9 expuesto a la radiaci\u00f3n solar en forma directa y tenga mucho cuidado ya que el reflejo de los rayos en la arena y en el agua pueden quemarle la piel aunque est\u00e9 bajo una sombrilla.<\/li>\n<li>Los menores de 6 meses no deben exponerse al sol directo y no deben utilizarse en ellos filtros solares.<\/li>\n<li>La protecci\u00f3n del sol debe realizarse desde el nacimiento y continuar toda la vida por los efectos acumulativos.<\/li>\n<li>En caso de detectar cambios en la piel, se recomienda realizar un control dermatol\u00f3gico para la detecci\u00f3n temprana de lesiones.<\/li>\n<\/ul>\n<p>&nbsp;<\/p>\n<p>Salud visual<\/p>\n<p>Prevenci\u00f3n durante el verano<\/p>\n<ul>\n<li>En los meses de verano, el sol, las altas temperaturas, la sequedad del ambiente o el cloro de las piscinas pueden afectar la salud de los ojos, por eso debemos extremar precauciones y tomar las medidas de protecci\u00f3n adecuadas.<\/li>\n<li>Los procesos inflamatorios, como la conjuntivitis al\u00e9rgica o irritativa, aumentan su incidencia en los meses de calor. Las radiaciones resultan da\u00f1inas para la c\u00f3rnea y el cristalino, adem\u00e1s los rayos ultravioleta inducen al envejecimiento de la piel y del cristalino y pueden producir cataratas.<\/li>\n<li>El cloro del agua de los natatorios o la sal del agua del mar puede producir irritaci\u00f3n, en tanto que la sequedad del ambiente (tanto natural como por uso del aire acondicionado) provoca mayor evaporaci\u00f3n de la l\u00e1grima aumentando la sensaci\u00f3n de ojo seco.<\/li>\n<\/ul>\n<p>Para proteger nuestros ojos debemos utilizar<\/p>\n<ul>\n<li>Anteojos de sol<br \/>\nViseras o sombreros<br \/>\nAntiparras<br \/>\nProtector solar con filtro UV<br \/>\nEn el caso de \u00abojo seco\u00bb debemos aumentar el parpadeo, en forma consciente y de ser necesario, usar l\u00e1grimas artificiales, recetadas por el oftalm\u00f3logo. Es recomendable humidificar el ambiente en caso de utilizar aire acondicionado.<\/li>\n<\/ul>","protected":false},"excerpt":{"rendered":"<p>Todos los organismos de la Ciudad involucrados en el sistema de salud, se encuentran el alerta permanente, m\u00e1s all\u00e1 de los alertas que identifican los factores de riesgo por las altas temperaturas (amarillo, naranja y rojo). Se trata de tener todo el mecanismo listo para actuar en cualquier caso, por la natural raz\u00f3n de que [&hellip;]<\/p>","protected":false},"author":1,"featured_media":0,"comment_status":"open","ping_status":"closed","sticky":false,"template":"","format":"standard","meta":[],"categories":[1],"tags":[],"series":[],"_links":{"self":[{"href":"https:\/\/www.diario5.com.ar\/es\/wp-json\/wp\/v2\/posts\/603011"}],"collection":[{"href":"https:\/\/www.diario5.com.ar\/es\/wp-json\/wp\/v2\/posts"}],"about":[{"href":"https:\/\/www.diario5.com.ar\/es\/wp-json\/wp\/v2\/types\/post"}],"author":[{"embeddable":true,"href":"https:\/\/www.diario5.com.ar\/es\/wp-json\/wp\/v2\/users\/1"}],"replies":[{"embeddable":true,"href":"https:\/\/www.diario5.com.ar\/es\/wp-json\/wp\/v2\/comments?post=603011"}],"version-history":[{"count":4,"href":"https:\/\/www.diario5.com.ar\/es\/wp-json\/wp\/v2\/posts\/603011\/revisions"}],"predecessor-version":[{"id":603015,"href":"https:\/\/www.diario5.com.ar\/es\/wp-json\/wp\/v2\/posts\/603011\/revisions\/603015"}],"wp:attachment":[{"href":"https:\/\/www.diario5.com.ar\/es\/wp-json\/wp\/v2\/media?parent=603011"}],"wp:term":[{"taxonomy":"category","embeddable":true,"href":"https:\/\/www.diario5.com.ar\/es\/wp-json\/wp\/v2\/categories?post=603011"},{"taxonomy":"post_tag","embeddable":true,"href":"https:\/\/www.diario5.com.ar\/es\/wp-json\/wp\/v2\/tags?post=603011"},{"taxonomy":"series","embeddable":true,"href":"https:\/\/www.diario5.com.ar\/es\/wp-json\/wp\/v2\/series?post=603011"}],"curies":[{"name":"wp","href":"https:\/\/api.w.org\/{rel}","templated":true}]}}