{"id":602989,"date":"2017-12-28T08:11:14","date_gmt":"2017-12-28T11:11:14","guid":{"rendered":"http:\/\/diario5.com.ar\/?p=602989"},"modified":"2017-12-28T00:23:55","modified_gmt":"2017-12-28T03:23:55","slug":"once-peatonal","status":"publish","type":"post","link":"https:\/\/www.diario5.com.ar\/es\/once-peatonal\/","title":{"rendered":"Once Peatonal"},"content":{"rendered":"<h2 class=\"sub-title-primary\"><\/h2> <figure style=\"width: 607px\" class=\"wp-caption alignright\"><img decoding=\"async\" loading=\"lazy\" class=\"\" src=\"http:\/\/diario5.com.ar\/img\/once-peatonal.jpg\" width=\"607\" height=\"341\" \/><figcaption class=\"wp-caption-text\">Once Peatonal<\/figcaption><\/figure>\n<p>A un a\u00f1o de su presentaci\u00f3n,\u00a0el plan Once Peatonal genera un importante movimiento en la zona, debido a las reuniones que el gobierno realiza con los vecinos y comerciantes de una de las zonas m\u00e1s pobladas de la Ciudad.<\/p>\n<p>Fue en\u00a0enero de 2017, la presentaci\u00f3n por parte del Ministerio de Ambiente y Espacio P\u00fablico, del proyecto que podr\u00eda cambiar la cara de una de las \u00e1reas m\u00e1s activas del pa\u00eds a nivel tr\u00e1nsito. En este avance,\u00a0Se est\u00e1n realizando trabajos de puesta en valor en la zona m\u00e1s activa de Balvanera, en Comuna 3.<\/p>\n<p>Los avances son importantes. Hay reuniones con vecinos y comerciantes en los que se informa acerca de los alcances del proyectos. A los chinos se les explic\u00f3 el asunto en chino. en su idioma de qu\u00e9 se trata el Plan Once.<\/p>\n<p>Carlos Breyaui, presidente de Comuna 3 dijo que fue muy importante lo que se logr\u00f3 con el desalojo de los manteros y su reubicaci\u00f3n. Los vecinos y comerciantes est\u00e1n felices y saben que lo que se viene mejorar\u00e1 a\u00fan m\u00e1s a la zona.<\/p>\n<p>El objetivo principal de esta iniciativa es convertir a Once en una zona ordenada, transitable y segura para todos los vecinos de la Comuna 3 y las m\u00e1s de 250.000 personas que circulan a diario por este importante punto de la Ciudad de Buenos Aires.<\/p>\n<p>Etapas del plan<br \/>\nLas etapas 1 y 2 ya han concluido. La primera abarc\u00f3 la intervenci\u00f3n sobre la Av. Pueyrred\u00f3n en los alrededores de la Plaza Miserere y de la Estaci\u00f3n de Trenes. La n\u00famero dos incluy\u00f3 el arreglo de veredas sobre la Av. Pueyrred\u00f3n entre Per\u00f3n y Corrientes.<\/p>\n<p>Este mes comenzaron los trabajos de la etapa 3 que contempla la semipeatonalizaci\u00f3n de las calles Castelli y Valent\u00edn G\u00f3mez. Finalmente, las etapas 4 y 5 comenzar\u00e1n en enero del pr\u00f3ximo a\u00f1o y tendr\u00e1n una duraci\u00f3n de 10 meses.<\/p>\n<p>La etapa 4 ser\u00e1 la puesta en valor de las veredas entre av. Pueyrred\u00f3n, av. Corrientes, Larrea y av. Rivadavia. Por su lado, la etapa 5 implicar\u00e1 la intervenci\u00f3n de las veredas entre las calles Larrea, av. Corrientes, Uriburu y av. Rivadavia.<\/p>\n<p>Las obras incluyen:<\/p>\n<p>soterramiento de cables,<br \/>\nel cambio de luminarias,<br \/>\nnuevos mobiliarios,<br \/>\ncajones de carga y descargas, y<br \/>\nla recuperaci\u00f3n de veredas.<br \/>\nEl presidente de la Comuna 3, Carlos Breyaui, opin\u00f3 sobre el plan Once Peatonal: \u201ces un paso fundamental para que esta zona sea m\u00e1s disfrutable para todos. Sabemos la importancia que tiene por la gran cantidad de comercios y transportes p\u00fablicos que hay. Entonces queremos, con esta iniciativa, que sea todo m\u00e1s ordenado y seguro\u201d. Adem\u00e1s agreg\u00f3: \u201cfue muy importante lo que se logr\u00f3 con el desalojo de los manteros y su reubicaci\u00f3n. Los vecinos y comerciantes est\u00e1n felices y saben que lo que se viene mejorar\u00e1 a\u00fan m\u00e1s a la zona\u201d.<\/p>","protected":false},"excerpt":{"rendered":"<p>A un a\u00f1o de su presentaci\u00f3n,\u00a0el plan Once Peatonal genera un importante movimiento en la zona, debido a las reuniones que el gobierno realiza con los vecinos y comerciantes de una de las zonas m\u00e1s pobladas de la Ciudad. Fue en\u00a0enero de 2017, la presentaci\u00f3n por parte del Ministerio de Ambiente y Espacio P\u00fablico, del [&hellip;]<\/p>","protected":false},"author":1,"featured_media":0,"comment_status":"open","ping_status":"closed","sticky":false,"template":"","format":"standard","meta":[],"categories":[1],"tags":[],"series":[],"_links":{"self":[{"href":"https:\/\/www.diario5.com.ar\/es\/wp-json\/wp\/v2\/posts\/602989"}],"collection":[{"href":"https:\/\/www.diario5.com.ar\/es\/wp-json\/wp\/v2\/posts"}],"about":[{"href":"https:\/\/www.diario5.com.ar\/es\/wp-json\/wp\/v2\/types\/post"}],"author":[{"embeddable":true,"href":"https:\/\/www.diario5.com.ar\/es\/wp-json\/wp\/v2\/users\/1"}],"replies":[{"embeddable":true,"href":"https:\/\/www.diario5.com.ar\/es\/wp-json\/wp\/v2\/comments?post=602989"}],"version-history":[{"count":2,"href":"https:\/\/www.diario5.com.ar\/es\/wp-json\/wp\/v2\/posts\/602989\/revisions"}],"predecessor-version":[{"id":602991,"href":"https:\/\/www.diario5.com.ar\/es\/wp-json\/wp\/v2\/posts\/602989\/revisions\/602991"}],"wp:attachment":[{"href":"https:\/\/www.diario5.com.ar\/es\/wp-json\/wp\/v2\/media?parent=602989"}],"wp:term":[{"taxonomy":"category","embeddable":true,"href":"https:\/\/www.diario5.com.ar\/es\/wp-json\/wp\/v2\/categories?post=602989"},{"taxonomy":"post_tag","embeddable":true,"href":"https:\/\/www.diario5.com.ar\/es\/wp-json\/wp\/v2\/tags?post=602989"},{"taxonomy":"series","embeddable":true,"href":"https:\/\/www.diario5.com.ar\/es\/wp-json\/wp\/v2\/series?post=602989"}],"curies":[{"name":"wp","href":"https:\/\/api.w.org\/{rel}","templated":true}]}}