{"id":602982,"date":"2017-12-27T13:48:03","date_gmt":"2017-12-27T16:48:03","guid":{"rendered":"http:\/\/diario5.com.ar\/?p=602982"},"modified":"2017-12-27T13:48:03","modified_gmt":"2017-12-27T16:48:03","slug":"mejoras-para-el-museo-del-cine","status":"publish","type":"post","link":"https:\/\/www.diario5.com.ar\/es\/mejoras-para-el-museo-del-cine\/","title":{"rendered":"Mejoras para el Museo del Cine"},"content":{"rendered":"<h2 class=\"sub-title-primary\"><\/h2> <figure style=\"width: 608px\" class=\"wp-caption alignright\"><img decoding=\"async\" loading=\"lazy\" class=\"\" src=\"http:\/\/diario5.com.ar\/img\/museodelcine.jpg\" width=\"608\" height=\"608\" \/><figcaption class=\"wp-caption-text\">Museo del Cine Pablo Ducros Hicken<\/figcaption><\/figure>\n<p>La Direcci\u00f3n General de Patrimonio, Museos y Casco Hist\u00f3rico, trabaja en la puesta en valor del Museo del Cine Pablo Ducros Hicken, como parte del programa de mejoras de museos.<\/p>\n<p>Los seguidores y fan\u00e1ticos del s\u00e9ptimo arte ya celebran la reapertura del Ducr\u00f3s Hicken, cuyos trabajos pasan, en su mayor\u00eda por la ampliaci\u00f3n de la superficie expositiva, con una sala de Proyecciones m\u00e1s moderna y mejoras en la climatizaci\u00f3n<\/p>\n<p>Una parte fundamental del trabajo de mejoras en el Museo del Cine es el resguardo de las caracter\u00edsticas edilicias del edificio dise\u00f1ado por el arquitecto Juan Chiogna, en la calle Ministro Brin, una de sus sedes, mientras que la otra, en la calle Caffarena integra el conglomerado de rincones culturales que conforman la Usina del Arte.<\/p>\n<p>La Directora del Museo Paula F\u00e9lix-Didier, es curadora de un trabajo de documentaci\u00f3n hist\u00f3rica sobre la cinematogr\u00e1fica argentina, en todos sus estilos. Otro proyecto curatorial a cargo de Valeria Keller, abarca Investigaci\u00f3n, Cineteca, Conservaci\u00f3n, Fotograf\u00eda y Dise\u00f1o del Museo.<br \/>\nSe prev\u00e9 que el horario de visitas sea de martes a viernes de 11.00 a 18.00 y s\u00e1bados, domingos y feriados de 10 a 19 hs.<\/p>","protected":false},"excerpt":{"rendered":"<p>La Direcci\u00f3n General de Patrimonio, Museos y Casco Hist\u00f3rico, trabaja en la puesta en valor del Museo del Cine Pablo Ducros Hicken, como parte del programa de mejoras de museos. Los seguidores y fan\u00e1ticos del s\u00e9ptimo arte ya celebran la reapertura del Ducr\u00f3s Hicken, cuyos trabajos pasan, en su mayor\u00eda por la ampliaci\u00f3n de la [&hellip;]<\/p>","protected":false},"author":1,"featured_media":0,"comment_status":"open","ping_status":"closed","sticky":false,"template":"","format":"standard","meta":[],"categories":[5],"tags":[],"series":[],"_links":{"self":[{"href":"https:\/\/www.diario5.com.ar\/es\/wp-json\/wp\/v2\/posts\/602982"}],"collection":[{"href":"https:\/\/www.diario5.com.ar\/es\/wp-json\/wp\/v2\/posts"}],"about":[{"href":"https:\/\/www.diario5.com.ar\/es\/wp-json\/wp\/v2\/types\/post"}],"author":[{"embeddable":true,"href":"https:\/\/www.diario5.com.ar\/es\/wp-json\/wp\/v2\/users\/1"}],"replies":[{"embeddable":true,"href":"https:\/\/www.diario5.com.ar\/es\/wp-json\/wp\/v2\/comments?post=602982"}],"version-history":[{"count":1,"href":"https:\/\/www.diario5.com.ar\/es\/wp-json\/wp\/v2\/posts\/602982\/revisions"}],"predecessor-version":[{"id":602983,"href":"https:\/\/www.diario5.com.ar\/es\/wp-json\/wp\/v2\/posts\/602982\/revisions\/602983"}],"wp:attachment":[{"href":"https:\/\/www.diario5.com.ar\/es\/wp-json\/wp\/v2\/media?parent=602982"}],"wp:term":[{"taxonomy":"category","embeddable":true,"href":"https:\/\/www.diario5.com.ar\/es\/wp-json\/wp\/v2\/categories?post=602982"},{"taxonomy":"post_tag","embeddable":true,"href":"https:\/\/www.diario5.com.ar\/es\/wp-json\/wp\/v2\/tags?post=602982"},{"taxonomy":"series","embeddable":true,"href":"https:\/\/www.diario5.com.ar\/es\/wp-json\/wp\/v2\/series?post=602982"}],"curies":[{"name":"wp","href":"https:\/\/api.w.org\/{rel}","templated":true}]}}