{"id":602927,"date":"2017-12-24T07:21:53","date_gmt":"2017-12-24T10:21:53","guid":{"rendered":"http:\/\/diario5.com.ar\/?p=602927"},"modified":"2017-12-24T19:54:36","modified_gmt":"2017-12-24T22:54:36","slug":"navidad-en-los-museos","status":"publish","type":"post","link":"https:\/\/www.diario5.com.ar\/es\/navidad-en-los-museos\/","title":{"rendered":"Navidad en los Museos"},"content":{"rendered":"<h2 class=\"sub-title-primary\"><\/h2> <figure style=\"width: 609px\" class=\"wp-caption alignright\"><img decoding=\"async\" loading=\"lazy\" class=\"\" src=\"http:\/\/diario5.com.ar\/img\/pesebre1.jpg\" width=\"609\" height=\"457\" \/><figcaption class=\"wp-caption-text\">Nacimiento de Mar\u00eda Isabel Fotheringham de Castellano.<\/figcaption><\/figure>\n<p>Se pueden visitar\u00a0exposiciones de pesebres artesanales e imaginer\u00eda religiosa en los museos porte\u00f1os. Para quienes saben apreciar y gustan de este arte tan vinculado a las tradiciones y la f\u00e9 cristiana, las sedes del Palacio Noel y de la Casa Fern\u00e1ndez Blanco del Museo de Arte Hispanoamericano Isaac Fern\u00e1ndez Blanco, el Museo de Arte Popular Jos\u00e9 Hern\u00e1ndez, el de Esculturas Luis Perlotti, todos organismos comandados por la Direcci\u00f3n General de Patrimonio, Museos y Casco Hist\u00f3rico, dependiente del Ministerio de Cultura del Gobierno de la Ciudad Aut\u00f3noma de Buenos Aires, ofrecen la posibilidad de disfrutar una gran variedad.\u00a0Por otro lado hay actividades navide\u00f1as en la Feria de San Pedro Telmo del Museo de la Ciudad.<\/p>\n<p><strong>MUSEO HERNANDEZ<\/strong><\/p>\n<p>En el caso del\u00a0Museo de Arte Popular Jos\u00e9 Hern\u00e1ndez, de\u00a0Av. del Libertador 2373, la muestra se visita de martes a viernes de 13.00 a 19.00 y los s\u00e1bados, domingos y feriados de 10.00 a 20.00 con una entrada general a $10 y acceso gratuito los d\u00edas mi\u00e9rcoles.<\/p>\n<p><em><strong>Navidad en Per\u00fa. Pesebres artesanales<\/strong><\/em><br \/>\nDel 30 de noviembre de 2017 al 28 de enero de 2018.<\/p>\n<p>Este proyecto nace con la ilusi\u00f3n de llevar al alcance de todos la Navidad, compartiendo con nuestros hermanos argentinos parte de nuestra cultura y dando a conocer tambi\u00e9n nuestras costumbres y a los maestros de la artesan\u00eda peruana.<\/p>\n<p>La muestra consta de m\u00e1s de 15 pesebres realizadas en cer\u00e1mica, piedra y madera tallada, tejidos en algod\u00f3n, lana y paja. Se eligieron las obras m\u00e1s representativas de cada una de seis regiones del pa\u00eds (Ayacucho, Cuzco, Jun\u00edn, Arequipa, Lima, Piura, La Libertad), cada una con su impronta y sus caracter\u00edsticas, dando un panorama del enorme caudal de arte que tiene el Per\u00fa.<\/p>\n<p>Hace 16 a\u00f1os que la Asociaci\u00f3n de Damas Peruanas en Argentina realiza, en \u00e9poca de Navidad, la exposici\u00f3n de pesebres peruanos. La misma ha sido presentada en diversos museos y salas de exposiciones. Esta muestra ha sido Declarada de Inter\u00e9s Cultural de la Ciudad por la Legislatura Porte\u00f1a y es apoyada por la Embajada de Per\u00fa.<\/p>\n<p><em><strong>Los Santitos de la Quebrada. Homenaje a Herm\u00f3genes Cayo<\/strong><\/em><\/p>\n<p>Del 1\u00b0 de diciembre de 2017 al 28 de enero de 2018.<\/p>\n<p>La muestra es un homenaje a Herm\u00f3genes Cayo, mediante el arte popular de la Quebrada de Humahuaca y la Puna Juje\u00f1a con las figuras de bulto y misa chico del Imaginero Eduardo Escobar y las acuarelas de Marcela Ruiz Echeverr\u00eda. La provincia de Jujuy, especialmente la Quebrada de Humahuaca -declarada Patrimonio Cultural de la Humanidad en 2003- y la Puna se caracterizan por una profunda religiosidad popular. Don Herm\u00f3genes Cayo (1907-1968) demostr\u00f3 esta particularidad de hombres y mujeres juje\u00f1as en sus obras de arte expresadas a trav\u00e9s de su imaginer\u00eda ind\u00edgena.<\/p>\n<p>La imaginer\u00eda religiosa es parte de nuestra cultura. Las expresiones culturales surgen por una necesidad y la necesidad de inspirarse y llegar a lo sublime, a lo religioso, es lo que hace que el hombre cree sus propias im\u00e1genes e int\u00e9rprete lo celestial.<\/p>\n<p>Por eso es que termina siendo tan atractivo el tema de la imaginer\u00eda, donde el hombre andino, como lo hizo Herm\u00f3genes Cayo con devoci\u00f3n y minuciosidad, le pone su impronta y recurre a los elementos que tiene a su alrededor para crear su propia imaginer\u00eda o la imagen de aquello que est\u00e1 en el cielo, sintiendo que de alguna manera est\u00e1 bajando eso que est\u00e1 arriba a este plano.<\/p>\n<p>Los Santitos forman parte de la cotidianidad de los pobladores de la Quebrada y la Puna. En sus calendarios figuran d\u00edas en que sus pobladores caminan varios kil\u00f3metros por senderos sinuosos para \u201cpasar misa\u201d a sus santos o a la virgen de su devoci\u00f3n.<br \/>\nMuestra apoyada por el Gobierno de Jujuy y la Municipalidad de Tilcara.<\/p>\n<hr \/>\n<p><strong>MUSEO DE ESCULTURAS LUIS PERLOTTI<\/strong><\/p>\n<p>En Pujol 644. Horario: martes a domingos y feriados de 10 a 18 h. Entrada general $10. Mi\u00e9rcoles y viernes gratis. All\u00ed se realiza el\u00a0<strong>XXI Certamen de Pesebres Escult\u00f3ricos, <\/strong>del 16 de diciembre de 2017 al 15 de enero de 2018.<\/p>\n<p>Muestra del concurso realizado por el Museo Perlotti, a veinti\u00fan a\u00f1os de haber comenzado con esta tradici\u00f3n. Si bien los conceptos rectores fueron demostrar la veta creativa y el sentido escult\u00f3rico del pesebre, no se ha perdido de vista el sentido \u00faltimo de la tem\u00e1tica elegida, la celebraci\u00f3n de la Navidad a trav\u00e9s de la imagen del nacimiento del Ni\u00f1o Dios.<\/p>\n<p>Premios: 1\u00b0 Premio: Luis \u00c1ngel Ferrari; 2\u00b0 Premio: Manuel Curto; 3\u00b0 Premio: Anal\u00eda Cavacivich.\u00a0Menciones: 1\u00b0 Menci\u00f3n: Mario Niejadlik; 2\u00b0 Menci\u00f3n: In\u00e9s Consuelo Casella; 3\u00b0 Menci\u00f3n: Flavio Chinellato; 4\u00ba Menci\u00f3n: Marcela Garc\u00eda; 5\u00ba Menci\u00f3n: Nicol\u00e1s L\u00f3pez.\u00a0Jurados: Eduardo Calandria &#8211; Javier Novas &#8211; Salvador Costanzo.<\/p>\n<p>Listado total de participantes: Adriana \u00c1lvarez &#8211; Adriana Mu\u00f1oz &#8211; Ana Mar\u00eda Simoes &#8211; Anal\u00eda Cavacivich &#8211; Andrea Mart\u00ednez V\u00e1squez &#8211; Bibiana Beer &#8211; Carmi\u00f1a P\u00e9rez &#8211; Cecilia Fergero &#8211; Edith Garc\u00eda &#8211; Flavio Chinellato &#8211; Gladis Vaccarisi &#8211; Graciela Garibaldi &#8211; In\u00e9s Consuelo Casella &#8211; In\u00e9s Ubertone &#8211; Jos\u00e9 Russo &#8211; Liz \u00c1lvarez &#8211; Luis \u00c1ngel Ferrari &#8211; Manuel Curto &#8211; Mara Andrea Mollo &#8211; Marcela Garc\u00eda &#8211; Mar\u00eda Bainotti &#8211; Mariana Olivero &#8211; Mario Niejadlik &#8211; M\u00f3nica Seferian &#8211; Nicol\u00e1s L\u00f3pez &#8211; Nicole Di Camillo &#8211; Silvia Pan &#8211; Silvina Bornic.\u00a0En la Sala PB (Filomena Bianco de Perlotti).<\/p>\n<p><strong>MUSEO DE ARTE HISPANOAMERICANO ISAAC FERNANDEZ BLANCO<\/strong><\/p>\n<p>En la <strong>Sede Palacio Noel<\/strong>, en Suipacha 1422 de martes a viernes de 13.00 a 19.00 y s\u00e1bados, domingos y feriados de 11.00 a 19.00 se puede visitar el Pesebre identificado \u00abNacimiento de Mar\u00eda Isabel Fotheringham de Castellano\u00bb.\u00a0Del 7 de diciembre de 2017 al 1\u00b0 de marzo de 2018.<\/p>\n<p>Se exhibe el nacimiento de cer\u00e1mica modelada y policromada. Buenos Aires, 1984. Donaci\u00f3n Mabel y Mar\u00eda Castellano Fotheringham. La obra, de Mar\u00eda Isabel Fotheringham de Castellano, moderna en lo t\u00e9cnico y en su resoluci\u00f3n est\u00e9tica, estuvo siempre signada por la tradici\u00f3n hist\u00f3rica de su origen familiar, por su fe religiosa y, particularmente, por un profundo conocimiento del \u00e1mbito rural argentino como se refleja en este Nacimiento, rescatando tipos \u00e9tnicos y costumbres populares que, para los a\u00f1os de su producci\u00f3n, ya estaban desapareciendo. Mientras que las artes pl\u00e1sticas muestran el tema navide\u00f1o como una representaci\u00f3n fija y vinculada a la liturgia oficial, los nacimientos son composiciones transitorias o m\u00f3viles y relacionadas con la devoci\u00f3n familiar, que no s\u00f3lo  incluyen los distintos episodios de la Natividad, como la Adoraci\u00f3n de los pastores y la Epifan\u00eda, sino tambi\u00e9n los posteriores, como la Huida a Egipto. El pesebre, poco a poco, se convirti\u00f3 en un juguete con elementos profanos y populares, diverso y cambiante, entre lo ritual y lo festivo. Estas obras favorec\u00edan la libertad de los artesanos.\u00a0En el Subsuelo.\u00a0Lunes cerrado. Entrada: General $10. Bono contribuci\u00f3n $10. Mi\u00e9rcoles gratis.<\/p>\n<p>En tanto en la<strong> Sede Casa Fern\u00e1ndez Blanco, e<\/strong>n Hip\u00f3lito Yrigoyen 1420, de martes a viernes de 12.00 a 18.00 y s\u00e1bados y domingos de 11.00 a 17.00 est\u00e1 armado el\u00a0pesebre de Ant\u00f3n Comploj. Donaci\u00f3n Giuseppe y Judith Croci. Se exhibe todo el a\u00f1o, con entrada general a $10, un bono contribuci\u00f3n $10. Mi\u00e9rcoles gratis.<\/p>\n<p>Pocos objetos refieren al hogar y sus pr\u00e1cticas familiares como el armado de un bel\u00e9n o pesebre. En \u00e9l confluyen, la celebraci\u00f3n religiosa del nacimiento de Jes\u00fas y, a su vez, la interpretaci\u00f3n creativa de las m\u00e1s diversas tradiciones populares. As\u00ed fue concebido este pesebre en 1926, cuando Giuseppe y Judith Croci lo encargaron a Anton Comploj, un artesano de Val Gardena, en el norte de Italia. Hacia1930, arribaron a Buenos Aires, las cuarenta y cuatro im\u00e1genes de madera de cedro, talladas y policromadas, junto a las tablas pintadas con los cielos de Bel\u00e9n y sus construcciones fantasiosas realizadas en corteza. Rita y Anna, las entonces ni\u00f1as de la familia Croci, jam\u00e1s perdieron la fascinaci\u00f3n y el entusiasmo por armar su pesebre a\u00f1o tras a\u00f1o. Hoy, por decisi\u00f3n de Rita y su familia, cada visitante de la Casa Fern\u00e1ndez Blanco podr\u00e1 revivir esa experiencia inolvidable en cada Navidad, mientras siga albergando, como Rita, al ni\u00f1o que a\u00fan no pierde la capacidad de maravillarse.<\/p>\n<hr \/>\n<p><strong>MUSEO DE LA CIUDAD Y FERIA DE SAN PEDRO TELMO<\/strong><\/p>\n<p>En Plaza Dorrego, Humberto Primo y Defensa, hubo festejos navide\u00f1os todos los domingos de diciembre. HOY ES EL M\u00c1S IMPORTANTE!<\/p>\n<p>Se realizan actividades navide\u00f1as en la feria de antig\u00fcedades, organizadas por el Museo de la Ciudad, la Comuna 1 y la Iglesia de San Pedro Telmo; con la colaboraci\u00f3n de la Feria de San Pedro Telmo y su Comisi\u00f3n Directiva.<\/p>\n<p>La Feria de 270 puestos que ofrecen en venta su singular mercanc\u00eda de antig\u00fcedades y cosas viejas, est\u00e1 abierta los domingos de 10 a 17 h. Entrada libre y gratuita.<\/p>\n<p>Para las muestras que siguen durante enero,\u00a0 ver m\u00e1s detalles en www.museos.buenosaires.gob.ar.<\/p>","protected":false},"excerpt":{"rendered":"<p>Se pueden visitar\u00a0exposiciones de pesebres artesanales e imaginer\u00eda religiosa en los museos porte\u00f1os. Para quienes saben apreciar y gustan de este arte tan vinculado a las tradiciones y la f\u00e9 cristiana, las sedes del Palacio Noel y de la Casa Fern\u00e1ndez Blanco del Museo de Arte Hispanoamericano Isaac Fern\u00e1ndez Blanco, el Museo de Arte Popular [&hellip;]<\/p>","protected":false},"author":1,"featured_media":0,"comment_status":"open","ping_status":"closed","sticky":false,"template":"","format":"standard","meta":[],"categories":[1],"tags":[],"series":[],"_links":{"self":[{"href":"https:\/\/www.diario5.com.ar\/es\/wp-json\/wp\/v2\/posts\/602927"}],"collection":[{"href":"https:\/\/www.diario5.com.ar\/es\/wp-json\/wp\/v2\/posts"}],"about":[{"href":"https:\/\/www.diario5.com.ar\/es\/wp-json\/wp\/v2\/types\/post"}],"author":[{"embeddable":true,"href":"https:\/\/www.diario5.com.ar\/es\/wp-json\/wp\/v2\/users\/1"}],"replies":[{"embeddable":true,"href":"https:\/\/www.diario5.com.ar\/es\/wp-json\/wp\/v2\/comments?post=602927"}],"version-history":[{"count":3,"href":"https:\/\/www.diario5.com.ar\/es\/wp-json\/wp\/v2\/posts\/602927\/revisions"}],"predecessor-version":[{"id":602959,"href":"https:\/\/www.diario5.com.ar\/es\/wp-json\/wp\/v2\/posts\/602927\/revisions\/602959"}],"wp:attachment":[{"href":"https:\/\/www.diario5.com.ar\/es\/wp-json\/wp\/v2\/media?parent=602927"}],"wp:term":[{"taxonomy":"category","embeddable":true,"href":"https:\/\/www.diario5.com.ar\/es\/wp-json\/wp\/v2\/categories?post=602927"},{"taxonomy":"post_tag","embeddable":true,"href":"https:\/\/www.diario5.com.ar\/es\/wp-json\/wp\/v2\/tags?post=602927"},{"taxonomy":"series","embeddable":true,"href":"https:\/\/www.diario5.com.ar\/es\/wp-json\/wp\/v2\/series?post=602927"}],"curies":[{"name":"wp","href":"https:\/\/api.w.org\/{rel}","templated":true}]}}