{"id":602675,"date":"2017-12-02T17:09:04","date_gmt":"2017-12-02T20:09:04","guid":{"rendered":"http:\/\/diario5.com.ar\/?p=602675"},"modified":"2017-12-02T21:04:26","modified_gmt":"2017-12-03T00:04:26","slug":"primer-panorama-de-musica-clasica-y-opera-para-2018","status":"publish","type":"post","link":"https:\/\/www.diario5.com.ar\/es\/primer-panorama-de-musica-clasica-y-opera-para-2018\/","title":{"rendered":"Primer panorama de m\u00fasica cl\u00e1sica y \u00f3pera para 2018"},"content":{"rendered":"<h2 class=\"sub-title-primary\"><\/h2> <figure style=\"width: 604px\" class=\"wp-caption alignright\"><img decoding=\"async\" loading=\"lazy\" class=\"\" src=\"http:\/\/diario5.com.ar\/img\/flia_jaunarena.jpg\" width=\"604\" height=\"343\" \/><figcaption class=\"wp-caption-text\">Ana D\u00e1nna, su esposo, Horacio Jaunarena y la hija del matrimonio, Mar\u00eda Jaunarena, factotum familiar del crecimiento de Juventus Lyrica. <em>Foto: Archivo Diario Clar\u00edn<\/em>.<\/figcaption><\/figure>\n<p>Apenas se pueden vislumbrar algunas novedades en el universo de la m\u00fasica de todos los tiempos y su v\u00ednculo con la Ciudad de Buenos Aires. Con altas valiosas y bajas sensibles, quiz\u00e1s, al promediar este \u00faltimo mes del a\u00f1o, podamos encontrarnos con un cronograma de delicias musicales, tanto en lo sinf\u00f3nico, la \u00f3pera, la danza y las expresiones de camara.<\/p>\n<p>La noticia m\u00e1s saliente es la ausencia de una temporada de abono por parte de Buenos Aires L\u00edrica, luego de 15 temporadas consecutivas con producciones en el Teatro Avenida. Un comunicad difundido en estas horas expresa:\u00a0\u00abLa misi\u00f3n de\u00a0Buenos Aires L\u00edrica\u00a0se ha cumplido. Sin embargo, hoy ya no est\u00e1n dadas las condiciones como para que esta compa\u00f1\u00eda privada siga sosteniendo una costosa forma de arte como lo es la \u00f3pera tradicional, bajo los est\u00e1ndares que se ha impuesto\u00bb.<\/p>\n<p>Luego de un repaso de la actividad realizada en el teatro Avenida por la asociaci\u00f3n desde 2003 hasta 2016,\u00a0\u00a0Buenos Aires L\u00edrica\u00a0anuncia que dedicar\u00e1 2018 a replantear su actividad, aunque anticipa la realizaci\u00f3n de otros espect\u00e1culos que ser\u00e1n anunciados oportunamente.<\/p>\n<hr \/>\n<p>Distinto es el caso de\u00a0Juventus Lyrica, que presenta su Temporada 2018, integrada por las \u00f3peras\u00a0<em>El Murci\u00e9lago<\/em>, <em>Gianni Schicchi<\/em> junto a <em>Pagliacci<\/em> y <em>Hamlet<\/em>.\u00a0La entidad productora que desde 1999 impulsa la familia Jaunarena,\u00a0abre una primera etapa de renovaci\u00f3n y venta de Abonos el 4 de diciembre y la extiende hasta el 22. En 2018 continuar\u00e1 el Abono Joven con 25% de descuento a Menores de 45 a\u00f1os<\/p>\n<p>EL MURCI\u00c9LAGO. de Johann Strauss se representar\u00e1 los d\u00edas 11, 13, 17 y 19 de mayo.\u00a0GIANNI SCHICCHI, de Giacomo Puccini y PAGLIACCI, de Ruggero Leocavallo se interpretar\u00e1n en continuado en fechas 24, 26, 30 de agosto y 1 de septiembre . Las fechas para la puesta de\u00a0HAMLET, de Ambroise Thomas\u00a0 ser\u00e1n el 2, 4, 8 y 10 de noviembre.<\/p>\n<hr \/>\n<p>M\u00e1s all\u00e1 de que la Temporada del Teatro Col\u00f3n a\u00fan no fue anunciada oficialmente, las instituciones que trabajan codo a codo con el teatro, ya tienen organizada su grilla de abonos.<\/p>\n<p>El Socio Protector del Mozarteum Argentino, al que suelen ubicar en\u00a0Plateas y Palcos del Teatro Col\u00f3n, pagar\u00e1 -por las funciones programadas por la instituci\u00f3n- el valor anual de\u00a0$31.151,00. Le siguen los valores para el Socio Activo \u201cA\u201d (tambi\u00e9n en Plateas y Palcos),\u00a0$18.515,00. El valor que inmediatamente se registra es tambi\u00e9n para el Socio Activo \u201cA\u201d pero para ubicarse en las\u00a0Cazuelas, durante las funciones. El precio del abono es de\u00a0$15.181,00. Finalmente, el\u00a0Socio Activo \u201cB\u201d, cuya ubicaci\u00f3n en el teatro puede variar entre tres opciones, como los Palcos Altos laterales, las dos primeras filas de la Cazuela o la tercera fila lateral, fue cotizado en $12.460,00.<\/p>\n<hr \/>\n<p>El secreto mejor guardado parece ser el referido al posible regreso de una importante emisora de m\u00fasica cl\u00e1sica, dedicada tambi\u00e9n a la difusi\u00f3n de expresiones musicales de alta performance, como las \u00e9tnicas, el jazz, los g\u00e9neros contempor\u00e1neos y de fusi\u00f3n. El anuncio, seg\u00fan una fuente del priyecto, se har\u00eda en el mes de agosto, pasados ya los apasionados d\u00edas por la exitosa participaci\u00f3n con inesperadamente gloriosos resultados de la selecci\u00f3n argentina en la Copa Mundial del F\u00fatbol Rusia 2018.<\/p>\n<p>&nbsp;<\/p>","protected":false},"excerpt":{"rendered":"<p>Apenas se pueden vislumbrar algunas novedades en el universo de la m\u00fasica de todos los tiempos y su v\u00ednculo con la Ciudad de Buenos Aires. Con altas valiosas y bajas sensibles, quiz\u00e1s, al promediar este \u00faltimo mes del a\u00f1o, podamos encontrarnos con un cronograma de delicias musicales, tanto en lo sinf\u00f3nico, la \u00f3pera, la danza [&hellip;]<\/p>","protected":false},"author":1,"featured_media":0,"comment_status":"open","ping_status":"closed","sticky":false,"template":"","format":"standard","meta":[],"categories":[16],"tags":[],"series":[],"_links":{"self":[{"href":"https:\/\/www.diario5.com.ar\/es\/wp-json\/wp\/v2\/posts\/602675"}],"collection":[{"href":"https:\/\/www.diario5.com.ar\/es\/wp-json\/wp\/v2\/posts"}],"about":[{"href":"https:\/\/www.diario5.com.ar\/es\/wp-json\/wp\/v2\/types\/post"}],"author":[{"embeddable":true,"href":"https:\/\/www.diario5.com.ar\/es\/wp-json\/wp\/v2\/users\/1"}],"replies":[{"embeddable":true,"href":"https:\/\/www.diario5.com.ar\/es\/wp-json\/wp\/v2\/comments?post=602675"}],"version-history":[{"count":5,"href":"https:\/\/www.diario5.com.ar\/es\/wp-json\/wp\/v2\/posts\/602675\/revisions"}],"predecessor-version":[{"id":602682,"href":"https:\/\/www.diario5.com.ar\/es\/wp-json\/wp\/v2\/posts\/602675\/revisions\/602682"}],"wp:attachment":[{"href":"https:\/\/www.diario5.com.ar\/es\/wp-json\/wp\/v2\/media?parent=602675"}],"wp:term":[{"taxonomy":"category","embeddable":true,"href":"https:\/\/www.diario5.com.ar\/es\/wp-json\/wp\/v2\/categories?post=602675"},{"taxonomy":"post_tag","embeddable":true,"href":"https:\/\/www.diario5.com.ar\/es\/wp-json\/wp\/v2\/tags?post=602675"},{"taxonomy":"series","embeddable":true,"href":"https:\/\/www.diario5.com.ar\/es\/wp-json\/wp\/v2\/series?post=602675"}],"curies":[{"name":"wp","href":"https:\/\/api.w.org\/{rel}","templated":true}]}}