{"id":5997,"date":"2013-11-30T06:42:31","date_gmt":"2013-11-30T06:42:31","guid":{"rendered":"http:\/\/diario5.com.ar\/?p=5997"},"modified":"2013-12-01T07:34:47","modified_gmt":"2013-12-01T07:34:47","slug":"la-noche-de-las-librerias-evoca-una-bohemia-adormecida","status":"publish","type":"post","link":"https:\/\/www.diario5.com.ar\/es\/la-noche-de-las-librerias-evoca-una-bohemia-adormecida\/","title":{"rendered":"La Noche de las Librer\u00edas evoca una bohemia adormecida"},"content":{"rendered":"<h2 class=\"sub-title-primary\"><\/h2> <p>Todos los a\u00f1os tiene buena respuesta. Se estima que esta vez no ser\u00e1 la excepci\u00f3n. Es que Buenos Aires tiene fama en el mundo por varios encantos urbanos, incluyendo ese paseo por la Avenida Corrientes de librer\u00edas abiertas de trasnoche, cuyo efecto no todos captan en su totalidad y, a continuaci\u00f3n, procuraremos desentra\u00f1ar:<\/p>\n<p>Cualquier joven que en los a\u00f1os 50; 60 \u00f3 70 no sent\u00eda atracci\u00f3n por los lugares standard de diversi\u00f3n (boliches y lugares de baile), se pod\u00eda refugiar un s\u00e1bado a la noche en los ultrabohemios bares de Buenos Aires viendo el andar de las miles de personas que entraban y sal\u00edan de cines y teatros (la reducci\u00f3n de cines en la Avenida Corrientes durante los 80 y 90 es de una tasa de espanto) y eso ya planteaba la base de una buena performance nocturna, ya que era imposible sentirse solo: centenares de j\u00f3venes converg\u00edan en el mismo sector urbano con criterios e intenciones hermanadas. El v\u00ednculo entre ese \u00abarranque de la noche\u00bb en Politeama, La Paz, el Ramos, El Foro, La Giralda o El Vesubio y el posterior anaqueleo de discos y libros en los tant\u00edsimos locales disponibles para familiarizarse con t\u00edtulos y contratapas transformaban a estos lugares en los\u00a0\u00a0enclaves porte\u00f1os reservados para especiales degustadores de la nocturnidad.<\/p>\n<p>Si bien al paso del tiempo, con los cambios de costumbres urbanas de las nuevas generaciones no se perdi\u00f3 la opci\u00f3n de disponer de la librer\u00eda durante la madrugada de un domingo, no viene mal reforzar ala memoria colectiva que estos h\u00e1bitos, bien estimulados, aportan mejor calidad de vida. La lectura, tanto en pos del entretenimiento, del conocimiento, de liberar las pasiones o &#8211; apelando al simple ideal- por placer, se hace de los libros. Y son los libros los que tienen que estar siempre disponibles, siempre tentadores, siempre seductores, en sus versiones de ediciones nuevas o en las mesas de usados, de ofertas y promociones.<\/p>\n<p><a href=\"https:\/\/www.diario5.com.ar\/wp-content\/uploads\/2013\/12\/nochelibrerias.jpg\"><img decoding=\"async\" loading=\"lazy\" class=\"alignleft  wp-image-5998\" alt=\"nochelibrerias\" src=\"http:\/\/diario5.com.ar\/wp-content\/uploads\/2013\/12\/nochelibrerias.jpg\" width=\"480\" height=\"304\" srcset=\"https:\/\/www.diario5.com.ar\/wp-content\/uploads\/2013\/12\/nochelibrerias.jpg 800w, https:\/\/www.diario5.com.ar\/wp-content\/uploads\/2013\/12\/nochelibrerias-300x190.jpg 300w, https:\/\/www.diario5.com.ar\/wp-content\/uploads\/2013\/12\/nochelibrerias-768x487.jpg 768w, https:\/\/www.diario5.com.ar\/wp-content\/uploads\/2013\/12\/nochelibrerias-400x254.jpg 400w, https:\/\/www.diario5.com.ar\/wp-content\/uploads\/2013\/12\/nochelibrerias-260x165.jpg 260w, https:\/\/www.diario5.com.ar\/wp-content\/uploads\/2013\/12\/nochelibrerias-160x101.jpg 160w\" sizes=\"(max-width: 480px) 100vw, 480px\" \/><\/a>Por supuesto que la Noche de las Librer\u00edas es un terreno armado en funci\u00f3n de un efecto comercial para que los comercios eleven el monto de facturaci\u00f3n&#8230; \u00bfhabr\u00eda que negarlo? \u00bfacaso habr\u00eda que evitarlo? \u00bfes una actitud denunciable? Vivimos bajo el signo del marketineo permanente para el consumo de centenares de productos y servicios que no nos sirven para mucho (por ser elegantes) e incluso con un factor\/repetici\u00f3n hasta molesto (el promedio 230 mensajes de texto anuales que recibe un usuario de telefon\u00eda celular para consumo de complementos del servicio deber\u00eda ser suficiente para entenderlo). A partir de all\u00ed, comprendemos con absoluta apertura mental que el mercado de la bibliograf\u00eda se encuentra en el c\u00e9nit del ejercicio de sus derechos de intentar vendernos alg\u00fan que otro libro m\u00e1s de los que habitualmente compramos (aqu\u00ed no querr\u00edamos detenernos a preguntar a cada uno de quienes cayeron circunstancialmente en el foso de esta lectura cu\u00e1ntos libros compra anualmente y cu\u00e1ntos lee por lustro).<\/p>\n<p>Es esta noche. A disfrutar, como esos que sal\u00edan de Politeama y se encontraban en la librer\u00eda El Libertador con una coet\u00e1nea, desconocida hasta el momento, que sal\u00eda del Rojas y hac\u00edan de Buenos Aires la ciudad perfecta, la ciudad de una bohemia que hoy puede salir de su letargo de smartphones, auriculares, pantallas HD y redes antisociales<\/p>\n<p>&nbsp;<\/p>\n<p>&nbsp;<\/p>\n<p>&nbsp;<\/p>","protected":false},"excerpt":{"rendered":"<p>Todos los a\u00f1os tiene buena respuesta. Se estima que esta vez no ser\u00e1 la excepci\u00f3n. Es que Buenos Aires tiene fama en el mundo por varios encantos urbanos, incluyendo ese paseo por la Avenida Corrientes de librer\u00edas abiertas de trasnoche, cuyo efecto no todos captan en su totalidad y, a continuaci\u00f3n, procuraremos desentra\u00f1ar: Cualquier joven [&hellip;]<\/p>","protected":false},"author":3,"featured_media":5998,"comment_status":"open","ping_status":"open","sticky":false,"template":"","format":"standard","meta":[],"categories":[5,7],"tags":[],"series":[],"_links":{"self":[{"href":"https:\/\/www.diario5.com.ar\/es\/wp-json\/wp\/v2\/posts\/5997"}],"collection":[{"href":"https:\/\/www.diario5.com.ar\/es\/wp-json\/wp\/v2\/posts"}],"about":[{"href":"https:\/\/www.diario5.com.ar\/es\/wp-json\/wp\/v2\/types\/post"}],"author":[{"embeddable":true,"href":"https:\/\/www.diario5.com.ar\/es\/wp-json\/wp\/v2\/users\/3"}],"replies":[{"embeddable":true,"href":"https:\/\/www.diario5.com.ar\/es\/wp-json\/wp\/v2\/comments?post=5997"}],"version-history":[{"count":2,"href":"https:\/\/www.diario5.com.ar\/es\/wp-json\/wp\/v2\/posts\/5997\/revisions"}],"predecessor-version":[{"id":6000,"href":"https:\/\/www.diario5.com.ar\/es\/wp-json\/wp\/v2\/posts\/5997\/revisions\/6000"}],"wp:featuredmedia":[{"embeddable":true,"href":"https:\/\/www.diario5.com.ar\/es\/wp-json\/wp\/v2\/media\/5998"}],"wp:attachment":[{"href":"https:\/\/www.diario5.com.ar\/es\/wp-json\/wp\/v2\/media?parent=5997"}],"wp:term":[{"taxonomy":"category","embeddable":true,"href":"https:\/\/www.diario5.com.ar\/es\/wp-json\/wp\/v2\/categories?post=5997"},{"taxonomy":"post_tag","embeddable":true,"href":"https:\/\/www.diario5.com.ar\/es\/wp-json\/wp\/v2\/tags?post=5997"},{"taxonomy":"series","embeddable":true,"href":"https:\/\/www.diario5.com.ar\/es\/wp-json\/wp\/v2\/series?post=5997"}],"curies":[{"name":"wp","href":"https:\/\/api.w.org\/{rel}","templated":true}]}}