{"id":5991,"date":"2013-11-28T06:34:09","date_gmt":"2013-11-28T06:34:09","guid":{"rendered":"http:\/\/diario5.com.ar\/?p=5991"},"modified":"2013-12-01T06:42:22","modified_gmt":"2013-12-01T06:42:22","slug":"manana-correr-a-pleno-sol","status":"publish","type":"post","link":"https:\/\/www.diario5.com.ar\/es\/manana-correr-a-pleno-sol\/","title":{"rendered":"El s\u00e1bado 30, a correr a pleno sol"},"content":{"rendered":"<h2 class=\"sub-title-primary\"><\/h2> <p>Con un s\u00e1bado a pleno sol, se espera que miles de vecinos salgan a la calle a disfrutar de la Ciudad y participar de una tradicional competencia que, entre las 12 y las 20, mantendr\u00e1 inhabilitada para circular una zona muy amplia del Area Central y de Puerto Madero.<\/p>\n<p><a href=\"https:\/\/www.diario5.com.ar\/wp-content\/uploads\/2013\/12\/We-Run.jpg\"><img decoding=\"async\" loading=\"lazy\" class=\"alignleft  wp-image-5992\" alt=\"We-Run\" src=\"http:\/\/diario5.com.ar\/wp-content\/uploads\/2013\/12\/We-Run.jpg\" width=\"392\" height=\"270\" srcset=\"https:\/\/www.diario5.com.ar\/wp-content\/uploads\/2013\/12\/We-Run.jpg 653w, https:\/\/www.diario5.com.ar\/wp-content\/uploads\/2013\/12\/We-Run-300x207.jpg 300w, https:\/\/www.diario5.com.ar\/wp-content\/uploads\/2013\/12\/We-Run-400x276.jpg 400w, https:\/\/www.diario5.com.ar\/wp-content\/uploads\/2013\/12\/We-Run-260x179.jpg 260w, https:\/\/www.diario5.com.ar\/wp-content\/uploads\/2013\/12\/We-Run-160x110.jpg 160w\" sizes=\"(max-width: 392px) 100vw, 392px\" \/><\/a>Los organizadores de la edici\u00f3n n\u00famero 12 de la carrera \u2013We run, de Nike\u2013 informaron que se inscribieron 15.000 personas. Y como en otras oportunidades, se prev\u00e9 que al per\u00edmetro delimitado por las calles Corrientes, Madero, Belgrano, Diagonal Norte y Diagonal Sur s\u00f3lo se pueda acceder caminando. Igual que a la zona comprendida por Avenida de los Italianos, Vera Pe\u00f1aloza, Juana Manso y Cecilia Grierson. Cerca del punto de partida y llegada de la competencia (en el parque Mujeres Argentinas), habr\u00e1 una guarder\u00eda de bicicletas.<\/p>\n<p>Hay una recomendaci\u00f3n del Gobierno de la Ciudad para evitar embotellamientos innecesarios en la zona c\u00e9ntrica, trat\u00e1ndose de un s\u00e1bado: utilizar las calles Independencia y C\u00f3rdoba para la salida del \u00e1rea c\u00e9ntrica, mientras que las calles Bernardo de Irigoyen y Costanera Sur ser\u00e1, las que marque la \u00abperiferia\u00bb del trazado afectado a la carrera<\/p>\n<p>La carrera arranca a las 17 y dura aproximadamente una hora. Durante todo el d\u00eda se organiza, en paralelo, Buenos Aires Moves, una iniciativa que busca fomentar el deporte en los m\u00e1s j\u00f3venes. Unos 1.000 chicos disputar\u00e1n en simult\u00e1neo las finales de un torneo intercolegial de f\u00fatbol, hockey y rugby que se desarroll\u00f3 en los meses previos y que tambi\u00e9n estuvo organizado por la misma empresa patrocinante de We Run.<\/p>","protected":false},"excerpt":{"rendered":"<p>Con un s\u00e1bado a pleno sol, se espera que miles de vecinos salgan a la calle a disfrutar de la Ciudad y participar de una tradicional competencia que, entre las 12 y las 20, mantendr\u00e1 inhabilitada para circular una zona muy amplia del Area Central y de Puerto Madero. Los organizadores de la edici\u00f3n n\u00famero [&hellip;]<\/p>","protected":false},"author":1,"featured_media":5992,"comment_status":"open","ping_status":"open","sticky":false,"template":"","format":"standard","meta":[],"categories":[7],"tags":[],"series":[],"_links":{"self":[{"href":"https:\/\/www.diario5.com.ar\/es\/wp-json\/wp\/v2\/posts\/5991"}],"collection":[{"href":"https:\/\/www.diario5.com.ar\/es\/wp-json\/wp\/v2\/posts"}],"about":[{"href":"https:\/\/www.diario5.com.ar\/es\/wp-json\/wp\/v2\/types\/post"}],"author":[{"embeddable":true,"href":"https:\/\/www.diario5.com.ar\/es\/wp-json\/wp\/v2\/users\/1"}],"replies":[{"embeddable":true,"href":"https:\/\/www.diario5.com.ar\/es\/wp-json\/wp\/v2\/comments?post=5991"}],"version-history":[{"count":3,"href":"https:\/\/www.diario5.com.ar\/es\/wp-json\/wp\/v2\/posts\/5991\/revisions"}],"predecessor-version":[{"id":5996,"href":"https:\/\/www.diario5.com.ar\/es\/wp-json\/wp\/v2\/posts\/5991\/revisions\/5996"}],"wp:featuredmedia":[{"embeddable":true,"href":"https:\/\/www.diario5.com.ar\/es\/wp-json\/wp\/v2\/media\/5992"}],"wp:attachment":[{"href":"https:\/\/www.diario5.com.ar\/es\/wp-json\/wp\/v2\/media?parent=5991"}],"wp:term":[{"taxonomy":"category","embeddable":true,"href":"https:\/\/www.diario5.com.ar\/es\/wp-json\/wp\/v2\/categories?post=5991"},{"taxonomy":"post_tag","embeddable":true,"href":"https:\/\/www.diario5.com.ar\/es\/wp-json\/wp\/v2\/tags?post=5991"},{"taxonomy":"series","embeddable":true,"href":"https:\/\/www.diario5.com.ar\/es\/wp-json\/wp\/v2\/series?post=5991"}],"curies":[{"name":"wp","href":"https:\/\/api.w.org\/{rel}","templated":true}]}}