{"id":5984,"date":"2013-11-23T23:13:31","date_gmt":"2013-11-23T23:13:31","guid":{"rendered":"http:\/\/diario5.com.ar\/?p=5984"},"modified":"2013-11-27T09:22:00","modified_gmt":"2013-11-27T09:22:00","slug":"monumento-en-once","status":"publish","type":"post","link":"https:\/\/www.diario5.com.ar\/es\/monumento-en-once\/","title":{"rendered":"Monumento en Once"},"content":{"rendered":"<h2 class=\"sub-title-primary\"><\/h2> <p><a href=\"https:\/\/www.diario5.com.ar\/wp-content\/uploads\/2013\/11\/monumento-once.jpg\"><img decoding=\"async\" loading=\"lazy\" class=\"alignleft size-full wp-image-5986\" alt=\"monumento-once\" src=\"http:\/\/diario5.com.ar\/wp-content\/uploads\/2013\/11\/monumento-once.jpg\" width=\"600\" height=\"385\" srcset=\"https:\/\/www.diario5.com.ar\/wp-content\/uploads\/2013\/11\/monumento-once.jpg 600w, https:\/\/www.diario5.com.ar\/wp-content\/uploads\/2013\/11\/monumento-once-300x193.jpg 300w, https:\/\/www.diario5.com.ar\/wp-content\/uploads\/2013\/11\/monumento-once-400x257.jpg 400w, https:\/\/www.diario5.com.ar\/wp-content\/uploads\/2013\/11\/monumento-once-260x167.jpg 260w, https:\/\/www.diario5.com.ar\/wp-content\/uploads\/2013\/11\/monumento-once-160x103.jpg 160w\" sizes=\"(max-width: 600px) 100vw, 600px\" \/><\/a>\u201cEs el mismo lugar donde estuvimos juntos por primera vez al cumplirse un mes de la tragedia\u201d. Esta frase resume el concepto de uni\u00f3n que hoy existe entre aquellos que han tenido algo que ver (estar involucrados de alguna manera como v\u00edctimas) con el tr\u00e1gico incidente\/accidente\/siniestro de febrero de 2012 en la estaci\u00f3n de Once.<\/p>\n<p>Ese tren chocando contra las defensas del fin de las v\u00edas y dejando un saldo de espanto, con 51 fallecidos, a\u00fan sigue demostrando la capacidad de absurdo que sobrevuela la Argentina. Todav\u00eda, los que intentamos hacer pasar &#8211; que m\u00e1s no sea un poco- por el pensamiento anal\u00edtico algunas cosas que refieren a la convivencia y a las pautas de la sociedad toda, nos seguimos mirando con los dedos amontonados si terminar de comprender c\u00f3mo pudo ocurrir lo que de ninguna manera deb\u00eda ocurrir.<\/p>\n<p>La frase en cuesti\u00f3n la pronunci\u00f3\u00a0Mar\u00eda Luj\u00e1n Rey, la primera oradora del acto, al agradecer \u00aba todos los que los vienen acompa\u00f1ando desde hace\u00a0<b>21 meses<\/b>\u00a0en la b\u00fasqueda de justicia\u00bb. es que frente a la entrada de la calle Bartolom\u00e9 Mitre de la estaci\u00f3n Once, en la Plaza Miserere, ya se encuentra emplazado un monumento que recuerda a los muertos registrados m\u00e1s\u00a0Huma, la beba que gestaba Nayda Tatiana Lezano Aland\u00eda. Un monumento necesario, surgido de lo innecesario, de lo m\u00e1s descalibrado de la vida urbana en el S XXI: la confusi\u00f3n y la incertidumbre acerca de por qu\u00e9 se llega a este grado de negligencias (individuales y\/o en cadena de responsabilidades) si desde hace tiempo venimos peleando como sociedad por erradicar la distracci\u00f3n, el desapego, la indiferencia por las necesidades de otros y tantos valores por los que los argentinos hacemos grandes esfuerzos.<\/p>\n<p>La frase anterior, falsa de toda falsedad, es una llama que encendemos para comenzar a entender que algo m\u00e1s de nosotros va a ser necesario poner si queremos que todos los temas preocupantes que hoy nos aquejan comiencen a buscar la puerta de salida: la inseguridad, las tratas, el trabajo no genuino, los niveles paup\u00e9rrimos de educaci\u00f3n, la violencia global, las crispaciones por defender al gobierno y por atacarlo, la excesiva superficialidad en la que vive gente no necesita \u00abdesestresarse\u00bb ni descansar de trabajos pesados, la inflaci\u00f3n, la poca inversi\u00f3n para el desarrollo y otros vol\u00famenes significativos que nos diferencian con balance vergonzoso, como generaci\u00f3n, de la Argentina de nuestros abuelos.<\/p>\n<p>Y el monumento a los \u00a0muertos por la tragedia del Once nos pone un poquito en quicio, ubicados como corresponde como sociedad. A lo mejor, nos acerca a transformarnos, de verdad, en una sociedad que pelee por erradicar la distracci\u00f3n, el desapego y la indiferencia frente las necesidades ajenas, para que no tengamos que dudar nunca que los argentinos hacemos esfuerzos por recuperar valores.<\/p>\n<p>El Monumento ser\u00e1 visto, al paso, por miles y miles de personas todos los d\u00edas. Estos pasajeros actuales y los futuros del FFCC Sarmiento, tienen y tendr\u00e1n una responsabilidad: mantener la esencia del recuerdo de esa tragedia como arma que se empu\u00f1a en busca de un objetivo de superaci\u00f3n como sociedad y de eliminaci\u00f3n definitiva de la cultura del \u00abyo no tengo nada que ver\u00bb.<\/p>\n<p>&nbsp;<\/p>\n<p>&nbsp;<\/p>","protected":false},"excerpt":{"rendered":"<p>\u201cEs el mismo lugar donde estuvimos juntos por primera vez al cumplirse un mes de la tragedia\u201d. Esta frase resume el concepto de uni\u00f3n que hoy existe entre aquellos que han tenido algo que ver (estar involucrados de alguna manera como v\u00edctimas) con el tr\u00e1gico incidente\/accidente\/siniestro de febrero de 2012 en la estaci\u00f3n de Once. [&hellip;]<\/p>","protected":false},"author":3,"featured_media":5986,"comment_status":"open","ping_status":"open","sticky":false,"template":"","format":"standard","meta":[],"categories":[4,7],"tags":[],"series":[],"_links":{"self":[{"href":"https:\/\/www.diario5.com.ar\/es\/wp-json\/wp\/v2\/posts\/5984"}],"collection":[{"href":"https:\/\/www.diario5.com.ar\/es\/wp-json\/wp\/v2\/posts"}],"about":[{"href":"https:\/\/www.diario5.com.ar\/es\/wp-json\/wp\/v2\/types\/post"}],"author":[{"embeddable":true,"href":"https:\/\/www.diario5.com.ar\/es\/wp-json\/wp\/v2\/users\/3"}],"replies":[{"embeddable":true,"href":"https:\/\/www.diario5.com.ar\/es\/wp-json\/wp\/v2\/comments?post=5984"}],"version-history":[{"count":3,"href":"https:\/\/www.diario5.com.ar\/es\/wp-json\/wp\/v2\/posts\/5984\/revisions"}],"predecessor-version":[{"id":5988,"href":"https:\/\/www.diario5.com.ar\/es\/wp-json\/wp\/v2\/posts\/5984\/revisions\/5988"}],"wp:featuredmedia":[{"embeddable":true,"href":"https:\/\/www.diario5.com.ar\/es\/wp-json\/wp\/v2\/media\/5986"}],"wp:attachment":[{"href":"https:\/\/www.diario5.com.ar\/es\/wp-json\/wp\/v2\/media?parent=5984"}],"wp:term":[{"taxonomy":"category","embeddable":true,"href":"https:\/\/www.diario5.com.ar\/es\/wp-json\/wp\/v2\/categories?post=5984"},{"taxonomy":"post_tag","embeddable":true,"href":"https:\/\/www.diario5.com.ar\/es\/wp-json\/wp\/v2\/tags?post=5984"},{"taxonomy":"series","embeddable":true,"href":"https:\/\/www.diario5.com.ar\/es\/wp-json\/wp\/v2\/series?post=5984"}],"curies":[{"name":"wp","href":"https:\/\/api.w.org\/{rel}","templated":true}]}}