{"id":5972,"date":"2018-11-30T20:02:40","date_gmt":"2018-11-30T23:02:40","guid":{"rendered":"http:\/\/diario5.com.ar\/?p=5972"},"modified":"2018-10-31T01:25:32","modified_gmt":"2018-10-31T04:25:32","slug":"realidad-y-ficcion-mas-mezcladas-que-nunca","status":"publish","type":"post","link":"https:\/\/www.diario5.com.ar\/es\/realidad-y-ficcion-mas-mezcladas-que-nunca\/","title":{"rendered":"Sociedad endeble: las personas que confunden Realidad y Ficci\u00f3n"},"content":{"rendered":"<h2 class=\"sub-title-primary\"><\/h2> <p>En 2008, una <a href=\"http:\/\/www.infobae.com\/2008\/02\/04\/362421-los-britanicos-confunden-la-ficcion-la-realidad\/\" target=\"_blank\">encuesta-estudio<\/a> arroj\u00f3 como resultado que los brit\u00e1nicos ten\u00edan a la ficci\u00f3n y a la realidad confundidas y entrecruzadas: dec\u00eda que entend\u00edan que\u00a0Winston Churchill, ex primer ministro de Inglaterra, era un personaje creado por un escritor y que s\u00ed existi\u00f3 Sherlock Holmes. Ya en 1938, Orson Wells se despach\u00f3 con el relato de \u00abLa Guerra de los Mundos\u00bb y gener\u00f3 el p\u00e1nico en la poblaci\u00f3n de los Estados Unidos, ya que el relato anunciaba el mism\u00edsimo fin del mundo. El problema es que no por lo divertido que resulta burlarse de los ingleses y norteamericanos, nosotros les vamos en zaga.<a href=\"https:\/\/www.diario5.com.ar\/wp-content\/uploads\/2013\/11\/bgalic-fbook00.jpg\"><img decoding=\"async\" loading=\"lazy\" class=\"alignleft wp-image-5973\" src=\"http:\/\/diario5.com.ar\/wp-content\/uploads\/2013\/11\/bgalic-fbook00.jpg\" alt=\"bgalic-fbook00\" width=\"376\" height=\"228\" srcset=\"https:\/\/www.diario5.com.ar\/wp-content\/uploads\/2013\/11\/bgalic-fbook00.jpg 396w, https:\/\/www.diario5.com.ar\/wp-content\/uploads\/2013\/11\/bgalic-fbook00-300x182.jpg 300w, https:\/\/www.diario5.com.ar\/wp-content\/uploads\/2013\/11\/bgalic-fbook00-260x158.jpg 260w, https:\/\/www.diario5.com.ar\/wp-content\/uploads\/2013\/11\/bgalic-fbook00-160x97.jpg 160w\" sizes=\"(max-width: 376px) 100vw, 376px\" \/><\/a><\/p>\n<p>El m\u00e1s significativo, gracioso y preocupante relato de confusi\u00f3n de realidad con ficci\u00f3n se lo hab\u00eda escuchado en 2009 a Roberto Carnaghi, ocurrido al salir de una funci\u00f3n de Rey Lear, monumental versi\u00f3n argentina de un Shakespeare trabajada junto a otro pura sangre, Alfredo Alc\u00f3n. Nos ubicamos en el tiempo: Roberto\u00a0estaba encarnando a un oscuro personaje llamado Leandro,\u00a0un todo servicio a las \u00f3rdenes de su jefe, capomafia ultravillano al que \u00a0le dio vida el recordado Oscar Ferreiro\u00a0en la exitosa tira de TV Montecristo. Volviendo a la pieza teatral, el conde Gloucester, promediando Rey Lear, sufre la mutilaci\u00f3n de uno y, finalmente, de ambos ojos. Carnaghi encarn\u00f3 a Gloucester con actuaciones sublimes en cada funci\u00f3n y una noche, una se\u00f1ora que lo vi\u00f3 salir del teatro le espet\u00f3: \u00abest\u00e1 muy bien que le hayan sacado los ojos, porque Usted es un torturador\u00bb. El actor cont\u00f3 esta <em>perla del desconcierto de ubicuidad en la vida,<\/em>\u00a0con mucha elegancia y condescendencia por la nulidad de pensamiento ajena: \u00abno pude conseguir, con mi actuaci\u00f3n en escena, que la se\u00f1ora se olvide de Leandro\u00bb.<\/p>\n<p><span style=\"color: #999999;\"><a style=\"color: #999999;\" href=\"https:\/\/www.diario5.com.ar\/wp-content\/uploads\/2013\/11\/bgalic-fbook01.jpg\"><img decoding=\"async\" loading=\"lazy\" class=\"wp-image-5974 alignright\" src=\"http:\/\/diario5.com.ar\/wp-content\/uploads\/2013\/11\/bgalic-fbook01.jpg\" alt=\"bgalic-fbook01\" width=\"368\" height=\"547\" srcset=\"https:\/\/www.diario5.com.ar\/wp-content\/uploads\/2013\/11\/bgalic-fbook01.jpg 387w, https:\/\/www.diario5.com.ar\/wp-content\/uploads\/2013\/11\/bgalic-fbook01-202x300.jpg 202w, https:\/\/www.diario5.com.ar\/wp-content\/uploads\/2013\/11\/bgalic-fbook01-260x386.jpg 260w, https:\/\/www.diario5.com.ar\/wp-content\/uploads\/2013\/11\/bgalic-fbook01-160x238.jpg 160w\" sizes=\"(max-width: 368px) 100vw, 368px\" \/><\/a>Lo que muestra la imagen, tomada de los comentarios del Facebook del Banco de Galicia en 2013, probablemente haya disparado la certeza de que el manejo de la \u00abvida p\u00fablica\u00bb de los personajes de su campa\u00f1a, Claudia y Marcos (Paola Barrientos y Gonzalo Su\u00e1rez), fue posible arrimarlo tanto a la realidad, que desde la agencia Young &amp; Rubicam, decidieron \u00ablanzar a la prensa\u00bb la reconciliaci\u00f3n de los personajes (\u00bf\u00bf??). El tema es que la Revista Caras, public\u00f3 un n\u00famero\u00a0anunciando el \u00abFeliz momento de la pareja del Galicia\u00bb. A esa altura de los acontecimientos, uno no sab\u00eda si felicitar a Y&amp;R por el \u00e9xito de respuesta a su campa\u00f1a o denunciarlos. Lo frustrante es, en el segundo de los casos: \u00bfdenunciarlos ante qui\u00e9n y por qu\u00e9? En ning\u00fan pa\u00eds del mundo, el aprovechamiento a distancia de la estupidez de personas, est\u00e1 considerado delito. Y en la Argentina ser\u00eda inconstitucional. Hay un capitulito para la decisi\u00f3n de la Revista Caras y la Editorial Perfil que, en su campa\u00f1a de \u00abapoyos\u00bb (los comerciales que cuentan al p\u00fablico el contenido del \u00faltimo n\u00famero) a Caras, no tuvieron el m\u00e1s m\u00ednimo prurito de hablar de Marcos y Claudia del mismo modo en que anuncian sus habituales notas con fotos sobre ricos, famosos y corruptos.<\/span><\/p>\n<p>Hemos rescatado los comentarios de ese facebook del tiempo de \u00abla \u00a0pelea\u00bb de la pareja, para anticiparnos al, a nuestro criterio, absurdo nivel de efusividad, alegr\u00eda y exaltaci\u00f3n como parte de la reacci\u00f3n del publico, en la medida en que en los subsiguientes d\u00edas el pa\u00eds estuvo enterado de la \u00abbuena nueva\u00bb.<\/p>\n<p><a href=\"https:\/\/www.diario5.com.ar\/wp-content\/uploads\/2013\/11\/bgalic-fbook02.jpg\"><img decoding=\"async\" loading=\"lazy\" class=\"alignleft size-full wp-image-5975\" src=\"http:\/\/diario5.com.ar\/wp-content\/uploads\/2013\/11\/bgalic-fbook02.jpg\" alt=\"bgalic-fbook02\" width=\"391\" height=\"584\" srcset=\"https:\/\/www.diario5.com.ar\/wp-content\/uploads\/2013\/11\/bgalic-fbook02.jpg 391w, https:\/\/www.diario5.com.ar\/wp-content\/uploads\/2013\/11\/bgalic-fbook02-201x300.jpg 201w, https:\/\/www.diario5.com.ar\/wp-content\/uploads\/2013\/11\/bgalic-fbook02-260x388.jpg 260w, https:\/\/www.diario5.com.ar\/wp-content\/uploads\/2013\/11\/bgalic-fbook02-160x239.jpg 160w\" sizes=\"(max-width: 391px) 100vw, 391px\" \/><\/a>La confusi\u00f3n de realidad con ficci\u00f3n es uno de los s\u00edmbolos claros de la falta de atenci\u00f3n a la sociedad toda. Seg\u00fan la mayor\u00eda de los especialistas que han tratado este tema (Psic\u00f3logos y psiquiatras) le sucede a personas s\u00f3lo concentradas en su entorno (casi siempre familiar), muy celosas y obviamente, al momento de suscitarse conflictos, absolutas negadoras de la realidad, pero con el peligroso aditamento que pueden encontrar, para esa realidad rechazada, un reemplazo basado en la ficci\u00f3n.<\/p>\n<p>En\u00a02010, el Papa Benedicto XVI , dijo que el aumento de la dependencia de los medios de comunicaci\u00f3n de las im\u00e1genes, impulsado por el desarrollo sin fin de nuevas tecnolog\u00edas, corre el riesgo de confundir la vida real con la realidad virtual.\u00a0\u00abLas nuevas tecnolog\u00edas y los avances que traen puede hacer que sea imposible distinguir la verdad de la ilusi\u00f3n y puede conducir a la confusi\u00f3n entre realidad y realidad virtual\u00bb, hab\u00eda advertido el anterior Papa. \u00bfAlguien le dio calce? De ninguna manera. Hay muchas fuentes de negocios perdidos con la pirater\u00eda digital autom\u00e1tica (m\u00fasica, videos, juegos) como para dejar de idear formas de facturaci\u00f3n nuevas, incluso aunque esas novedades se basen denigraciones humanas. El efecto final ser\u00eda: \u00ab\u00bfno se da cuenta de le estoy contando una ficci\u00f3n y se la encajo como noticia? . No es mi culpa. Que compren mis personajes y despu\u00e9s el producto, una cuenta en el banco \u00ab.<\/p>\n<p>En la identificaci\u00f3n de los llamados \u00abTipos de Mundo\u00bb en Literatura, existen dos premisas que para cualquier amante de las artes se establece como pauta t\u00e1cita: 1.\u00a0Todo texto literario es de car\u00e1cter ficticio, por su subjetividad, aun cuando se trate de una historia basada en un hecho real. 2. Se establece un\u00a0\u00a0\u00abPacto de verosimilitud\u00bb: El lector acepta el mundo planteado por el narrador. Esto quiere decir que se da por sobreentendido desde la primera palabra de una obra literaria\/teatral\/cinematogr\u00e1fica\/televisiva que cualquier confusi\u00f3n del espectador es de su propia responsabilidad. El problema puede surgir en que el generador del mensaje se aproveche de alguna eventual falla de su espectador en esa diferenciaci\u00f3n de \u00a0\u00ablos mundos\u00bb y pretenda hacer un negocio con la distracci\u00f3n del destinatario de su propia historia. Estamos ah\u00ed en una extra\u00f1a forma de fraude, no pasible de castigo, pero s\u00ed vale que si otros nos damos cuenta, intentemos, al menos, hacerles pasar a los creadores de estas falsedades, la verg\u00fcenza que sus v\u00edctimas no sienten por ser presas mentales f\u00e1ciles<\/p>","protected":false},"excerpt":{"rendered":"<p>En 2008, una encuesta-estudio arroj\u00f3 como resultado que los brit\u00e1nicos ten\u00edan a la ficci\u00f3n y a la realidad confundidas y entrecruzadas: dec\u00eda que entend\u00edan que\u00a0Winston Churchill, ex primer ministro de Inglaterra, era un personaje creado por un escritor y que s\u00ed existi\u00f3 Sherlock Holmes. Ya en 1938, Orson Wells se despach\u00f3 con el relato de [&hellip;]<\/p>","protected":false},"author":3,"featured_media":5975,"comment_status":"open","ping_status":"open","sticky":false,"template":"","format":"standard","meta":[],"categories":[1],"tags":[],"series":[],"_links":{"self":[{"href":"https:\/\/www.diario5.com.ar\/es\/wp-json\/wp\/v2\/posts\/5972"}],"collection":[{"href":"https:\/\/www.diario5.com.ar\/es\/wp-json\/wp\/v2\/posts"}],"about":[{"href":"https:\/\/www.diario5.com.ar\/es\/wp-json\/wp\/v2\/types\/post"}],"author":[{"embeddable":true,"href":"https:\/\/www.diario5.com.ar\/es\/wp-json\/wp\/v2\/users\/3"}],"replies":[{"embeddable":true,"href":"https:\/\/www.diario5.com.ar\/es\/wp-json\/wp\/v2\/comments?post=5972"}],"version-history":[{"count":4,"href":"https:\/\/www.diario5.com.ar\/es\/wp-json\/wp\/v2\/posts\/5972\/revisions"}],"predecessor-version":[{"id":8790,"href":"https:\/\/www.diario5.com.ar\/es\/wp-json\/wp\/v2\/posts\/5972\/revisions\/8790"}],"wp:featuredmedia":[{"embeddable":true,"href":"https:\/\/www.diario5.com.ar\/es\/wp-json\/wp\/v2\/media\/5975"}],"wp:attachment":[{"href":"https:\/\/www.diario5.com.ar\/es\/wp-json\/wp\/v2\/media?parent=5972"}],"wp:term":[{"taxonomy":"category","embeddable":true,"href":"https:\/\/www.diario5.com.ar\/es\/wp-json\/wp\/v2\/categories?post=5972"},{"taxonomy":"post_tag","embeddable":true,"href":"https:\/\/www.diario5.com.ar\/es\/wp-json\/wp\/v2\/tags?post=5972"},{"taxonomy":"series","embeddable":true,"href":"https:\/\/www.diario5.com.ar\/es\/wp-json\/wp\/v2\/series?post=5972"}],"curies":[{"name":"wp","href":"https:\/\/api.w.org\/{rel}","templated":true}]}}