{"id":558,"date":"2011-07-12T01:15:02","date_gmt":"2011-07-12T01:15:02","guid":{"rendered":"http:\/\/diario5.com.ar\/?p=558"},"modified":"2012-09-07T01:19:13","modified_gmt":"2012-09-07T01:19:13","slug":"558","status":"publish","type":"post","link":"https:\/\/www.diario5.com.ar\/es\/558\/","title":{"rendered":"Macri, tranqui"},"content":{"rendered":"<h2 class=\"sub-title-primary\"><\/h2> <p>Despu\u00e9s de algunos d\u00edas de mirar la acci\u00f3n de los que quieren destronarlo, volvemos a hacer foco en el jefe de gobierno de la Ciudad de Buenos Aires. Macri apuesta a ganar sin ballotage (o balotaje, como suena en estos d\u00edas) a contrapelo de los encuestadores.<\/p>\n<p>En la nueva mirada de Clar\u00edn, Mauricio Macri no necesita complementos ni suplementos preelectorales. Dice:<\/p>\n<p>Sin sorpresas. Sin pol\u00e9micas. Sin acto de cierre. Sin respuestas a las cr\u00edticas que le puedan hacer los adversarios. Con un nuevo spot de 40 segundos que saldr\u00e1 al aire ma\u00f1ana en el que \u00e9l mismo pide el voto. Y, sobre todo, con la energ\u00eda puesta en el contacto directo con los vecinos mas que en las entrevistas radiales y televisivas que tiene pautadas por su equipo de comunicaci\u00f3n. As\u00ed espera transitar Mauricio Macri la \u00faltima semana antes de que los porte\u00f1os decidan si su futuro seguir\u00e1 ligado otros cuatro a\u00f1os al despacho de Bol\u00edvar 1.<\/p>\n<p>Candidatos, ministros, legisladores y militantes ya fueron avisados de que tendr\u00e1n que reforzar su participaci\u00f3n, desde ma\u00f1ana, en timbreos. Lo har\u00e1n con el esquema que se viene aplicando desde el inicio de la campa\u00f1a: cada uno se presentar\u00e1 ante los vecinos con un manual en el que constan las principales obras de las que se jacta de haber impulsado Macri y al mismo tiempo con una serie de explicaciones sobre los asuntos pendientes.<\/p>\n<p>El lanzamiento virtual de la \u00faltima semana se concretar\u00e1 hoy con una bicicleteada que encabezar\u00e1 el propio Macri desde el Obelisco y que recorrer\u00e1 la avenida Corrientes. El macrismo matar\u00e1 dos p\u00e1jaros de un tiro: buscar\u00e1 mostrar un final de campa\u00f1a alegre y alejado del esp\u00edritu confrontativo que, dicen en PRO, representa el kirchnerismo y promocionar\u00e1 ese m\u00e9todo de transporte que impuls\u00f3 desde la creaci\u00f3n de la bicisendas. \u201cVamos a apuntar al trabajo en la calle, al di\u00e1logo directo con la gente\u201d, dijo Horacio Rodr\u00edguez Larreta.<\/p>","protected":false},"excerpt":{"rendered":"<p>Despu\u00e9s de algunos d\u00edas de mirar la acci\u00f3n de los que quieren destronarlo, volvemos a hacer foco en el jefe de gobierno de la Ciudad de Buenos Aires. Macri apuesta a ganar sin ballotage (o balotaje, como suena en estos d\u00edas) a contrapelo de los encuestadores. En la nueva mirada de Clar\u00edn, Mauricio Macri no [&hellip;]<\/p>","protected":false},"author":1,"featured_media":0,"comment_status":"open","ping_status":"open","sticky":false,"template":"","format":"standard","meta":[],"categories":[7],"tags":[],"series":[],"_links":{"self":[{"href":"https:\/\/www.diario5.com.ar\/es\/wp-json\/wp\/v2\/posts\/558"}],"collection":[{"href":"https:\/\/www.diario5.com.ar\/es\/wp-json\/wp\/v2\/posts"}],"about":[{"href":"https:\/\/www.diario5.com.ar\/es\/wp-json\/wp\/v2\/types\/post"}],"author":[{"embeddable":true,"href":"https:\/\/www.diario5.com.ar\/es\/wp-json\/wp\/v2\/users\/1"}],"replies":[{"embeddable":true,"href":"https:\/\/www.diario5.com.ar\/es\/wp-json\/wp\/v2\/comments?post=558"}],"version-history":[{"count":2,"href":"https:\/\/www.diario5.com.ar\/es\/wp-json\/wp\/v2\/posts\/558\/revisions"}],"predecessor-version":[{"id":560,"href":"https:\/\/www.diario5.com.ar\/es\/wp-json\/wp\/v2\/posts\/558\/revisions\/560"}],"wp:attachment":[{"href":"https:\/\/www.diario5.com.ar\/es\/wp-json\/wp\/v2\/media?parent=558"}],"wp:term":[{"taxonomy":"category","embeddable":true,"href":"https:\/\/www.diario5.com.ar\/es\/wp-json\/wp\/v2\/categories?post=558"},{"taxonomy":"post_tag","embeddable":true,"href":"https:\/\/www.diario5.com.ar\/es\/wp-json\/wp\/v2\/tags?post=558"},{"taxonomy":"series","embeddable":true,"href":"https:\/\/www.diario5.com.ar\/es\/wp-json\/wp\/v2\/series?post=558"}],"curies":[{"name":"wp","href":"https:\/\/api.w.org\/{rel}","templated":true}]}}